{"id":198463,"date":"2025-07-11T12:22:32","date_gmt":"2025-07-11T09:22:32","guid":{"rendered":"https:\/\/www.enerjigazetesi.ist\/?p=198463"},"modified":"2025-07-11T12:22:32","modified_gmt":"2025-07-11T09:22:32","slug":"klima-sikayetleri-son-bir-ayda-yuzde-162-artti","status":"publish","type":"post","link":"https:\/\/www.enerjigazetesi.ist\/en\/klima-sikayetleri-son-bir-ayda-yuzde-162-artti\/","title":{"rendered":"(Turkish) Klima \u015eikayetleri Son Bir Ayda Y\u00fczde 162 Artt\u0131"},"content":{"rendered":"<p class=\"qtranxs-available-languages-message qtranxs-available-languages-message-en\">Sorry, this entry is only available in <a href=\"https:\/\/www.enerjigazetesi.ist\/tr\/wp-json\/wp\/v2\/posts\/198463\" class=\"qtranxs-available-language-link qtranxs-available-language-link-tr\" title=\"Turkish\">Turkish<\/a>. For the sake of viewer convenience, the content is shown below in the alternative language. You may click the link to switch the active language.<\/p><p><\/p>\n<h2><strong>\u00c7\u00f6z\u00fcm platformu \u015eikayetvar verilerine g\u00f6re klima \u015fikayetleri son bir ayda y\u00fczde 162 artt\u0131. Servis hizmetlerinde gecikme ve y\u00fcksek maliyetler, kurulum ve montaj s\u00fcrecindeki sorunlar en \u00e7ok \u015fikayet edilen konular aras\u0131nda yer ald\u0131.<\/strong><\/h2>\n<p><img loading=\"lazy\" class=\"aligncenter wp-image-198464 size-full\" src=\"https:\/\/www.enerjigazetesi.ist\/wp-content\/uploads\/2025\/07\/1752220123_klima_gorsel.jpg\" alt=\"\" width=\"550\" height=\"367\" srcset=\"https:\/\/www.enerjigazetesi.ist\/wp-content\/uploads\/2025\/07\/1752220123_klima_gorsel.jpg 550w, https:\/\/www.enerjigazetesi.ist\/wp-content\/uploads\/2025\/07\/1752220123_klima_gorsel-300x200.jpg 300w, https:\/\/www.enerjigazetesi.ist\/wp-content\/uploads\/2025\/07\/1752220123_klima_gorsel-500x334.jpg 500w, https:\/\/www.enerjigazetesi.ist\/wp-content\/uploads\/2025\/07\/1752220123_klima_gorsel-75x50.jpg 75w, https:\/\/www.enerjigazetesi.ist\/wp-content\/uploads\/2025\/07\/1752220123_klima_gorsel-450x300.jpg 450w\" sizes=\"(max-width: 550px) 100vw, 550px\" \/><\/p>\n<p>Temmuz s\u0131ca\u011f\u0131nda zirve yapan klima kullan\u0131m\u0131, t\u00fcketici \u015fikayetlerini de beraberinde getirdi. \u015eikayetvar verilerine g\u00f6re, 2025 y\u0131l\u0131n\u0131n may\u0131s ve haziran aylar\u0131 k\u0131yasland\u0131\u011f\u0131nda klima \u015fikayetlerinde y\u00fczde 162\u2019lik bir art\u0131\u015f ya\u015fand\u0131. A\u015f\u0131r\u0131 s\u0131caklar\u0131n etkisini daha da art\u0131rd\u0131\u011f\u0131 temmuz ay\u0131nda ise haftal\u0131k bazda art\u0131\u015f dikkat \u00e7ekici boyutlara ula\u015ft\u0131. Haziran\u0131n son haftas\u0131yla temmuzun ilk haftas\u0131 k\u0131yasland\u0131\u011f\u0131nda, \u015fikayetlerde y\u00fczde 120\u2019nin \u00fczerinde art\u0131\u015f ya\u015fand\u0131. Bu veriler, yaln\u0131zca s\u0131cakl\u0131\u011f\u0131n de\u011fil, hizmet kalitesine dair memnuniyetsizliklerin de h\u0131zla t\u0131rmand\u0131\u011f\u0131n\u0131 ortaya koyuyor. T\u00fcketiciler, sat\u0131n alma sonras\u0131 s\u00fcre\u00e7lerde kar\u015f\u0131la\u015ft\u0131klar\u0131 gecikmeler, teknik aksakl\u0131klar ve maliyetlerle ilgili sorunlar\u0131n\u0131 platform \u00fczerinden dile getiriyor.<\/p>\n<h3><strong>\u015eikayetvar verilerine g\u00f6re klimalarla ilgili en \u00e7ok \u015fikayet edilen konular \u015f\u00f6yle s\u0131raland\u0131<\/strong><\/h3>\n<h3><strong>Servis hizmetlerinde gecikme ve y\u00fcksek maliyetler<\/strong><\/h3>\n<p>Yetkili servislerin randevu vermemesi, ge\u00e7 ula\u015fmas\u0131, yedek par\u00e7a temininde ya\u015fanan gecikmeler ve fahi\u015f onar\u0131m \u00fccretleri en s\u0131k dile getirilen sorunlar aras\u0131nda yer al\u0131yor.<\/p>\n<h3><strong>Kurulum ve montaj s\u00fcrecindeki aksakl\u0131klar<\/strong><\/h3>\n<p>Kurulum ekiplerinin gecikmesi, hatal\u0131 montaj uygulamalar\u0131 ve s\u00fcrpriz \u00fccret talepleri \u015fikayetlere yans\u0131yor.<\/p>\n<h3><strong>Yetersiz so\u011futma veya \u0131s\u0131tma<\/strong><\/h3>\n<p>Cihaz \u00e7al\u0131\u015f\u0131yor g\u00f6r\u00fcnse de ortam\u0131 istenilen s\u0131cakl\u0131\u011fa getirmemesi s\u0131k\u00e7a dile getiriliyor.<\/p>\n<h3><strong>Y\u00fcksek enerji t\u00fcketimi<\/strong><\/h3>\n<p>Enerji verimlili\u011fi y\u00fcksek g\u00f6sterilen klimalar\u0131n beklenenden fazla elektrik harcayarak faturalar\u0131 kabartmas\u0131 kullan\u0131c\u0131lar\u0131n tepkisini \u00e7ekiyor.<\/p>\n<h3><strong>Garanti kapsam\u0131 d\u0131\u015f\u0131 b\u0131rakma<\/strong><\/h3>\n<p>Servislerin ar\u0131zalar\u0131 \u201ckullan\u0131c\u0131 hatas\u0131\u201d gerek\u00e7esiyle garanti d\u0131\u015f\u0131 b\u0131rakmas\u0131 ve \u00fccret talep etmesi ma\u011fduriyet yarat\u0131yor.<\/p>\n<h3><strong>\u0130ade ve de\u011fi\u015fim s\u00fcre\u00e7lerinde zorluk<\/strong><\/h3>\n<p>Ar\u0131zal\u0131 ya da beklentiyi kar\u015f\u0131lamayan \u00fcr\u00fcnlerin iadesinde ek belgeler, teknik servis raporlar\u0131 gibi zaman al\u0131c\u0131 prosed\u00fcrler t\u00fcketicileri zorluyor.<\/p>\n<h3><strong>G\u00fcr\u00fclt\u00fc \u015fikayetleri<\/strong><\/h3>\n<p>\u201cSessiz \u00e7al\u0131\u015fma\u201d vaadine ra\u011fmen cihazlar\u0131n \u00f6zellikle gece uykusunu b\u00f6lecek d\u00fczeyde ses \u00e7\u0131karmas\u0131 \u015fikayet ediliyor.<\/p>\n<h3><strong>K\u00f6t\u00fc koku ve hava kalitesi<\/strong><\/h3>\n<p>Baz\u0131 klimalardan gelen k\u00f6t\u00fc kokular ve alerjik reaksiyonlara yol a\u00e7an d\u00fc\u015f\u00fck hava kalitesi dile getiriliyor.<\/p>\n<h3><strong>Ak\u0131ll\u0131 kontrol \u00f6zelliklerinde sorunlar<\/strong><\/h3>\n<p>Mobil uygulama ya da uzaktan kumanda sistemlerinde ba\u011flant\u0131 problemleri, ge\u00e7 tepki verme gibi teknik aksakl\u0131klar ya\u015fan\u0131yor.<\/p>\n<p>Yay\u0131na Alan: Alperen ERTA\u015e-<a href=\"http:\/\/alperen.ertas@enerjigazetesi.ist\">alperen.ertas@enerjigazetesi.ist<\/a><\/p>","protected":false},"excerpt":{"rendered":"<p>Sorry, this entry is only available in Turkish. For the sake of viewer convenience, the content is shown below in the alternative language. You may click the link to switch the active language. \u00c7\u00f6z\u00fcm platformu \u015eikayetvar verilerine g\u00f6re klima \u015fikayetleri son bir ayda y\u00fczde 162 artt\u0131. Servis hizmetlerinde gecikme ve y\u00fcksek maliyetler, kurulum ve montaj [&hellip;]<\/p>\n","protected":false},"author":19,"featured_media":198464,"comment_status":"open","ping_status":"open","sticky":false,"template":"","format":"standard","meta":[],"categories":[53],"tags":[],"views":6,"_links":{"self":[{"href":"https:\/\/www.enerjigazetesi.ist\/en\/wp-json\/wp\/v2\/posts\/198463"}],"collection":[{"href":"https:\/\/www.enerjigazetesi.ist\/en\/wp-json\/wp\/v2\/posts"}],"about":[{"href":"https:\/\/www.enerjigazetesi.ist\/en\/wp-json\/wp\/v2\/types\/post"}],"author":[{"embeddable":true,"href":"https:\/\/www.enerjigazetesi.ist\/en\/wp-json\/wp\/v2\/users\/19"}],"replies":[{"embeddable":true,"href":"https:\/\/www.enerjigazetesi.ist\/en\/wp-json\/wp\/v2\/comments?post=198463"}],"version-history":[{"count":0,"href":"https:\/\/www.enerjigazetesi.ist\/en\/wp-json\/wp\/v2\/posts\/198463\/revisions"}],"wp:featuredmedia":[{"embeddable":true,"href":"https:\/\/www.enerjigazetesi.ist\/en\/wp-json\/wp\/v2\/media\/198464"}],"wp:attachment":[{"href":"https:\/\/www.enerjigazetesi.ist\/en\/wp-json\/wp\/v2\/media?parent=198463"}],"wp:term":[{"taxonomy":"category","embeddable":true,"href":"https:\/\/www.enerjigazetesi.ist\/en\/wp-json\/wp\/v2\/categories?post=198463"},{"taxonomy":"post_tag","embeddable":true,"href":"https:\/\/www.enerjigazetesi.ist\/en\/wp-json\/wp\/v2\/tags?post=198463"}],"curies":[{"name":"wp","href":"https:\/\/api.w.org\/{rel}","templated":true}]}}