{"id":198412,"date":"2025-07-10T12:16:19","date_gmt":"2025-07-10T09:16:19","guid":{"rendered":"https:\/\/www.enerjigazetesi.ist\/?p=198412"},"modified":"2025-07-10T12:16:19","modified_gmt":"2025-07-10T09:16:19","slug":"trt-vanda-gunes-santralini-hayata-gecirdi","status":"publish","type":"post","link":"https:\/\/www.enerjigazetesi.ist\/en\/trt-vanda-gunes-santralini-hayata-gecirdi\/","title":{"rendered":"(Turkish) &#8216;TRT&#8217; Van\u2019da G\u00fcne\u015f Santralini Hayata Ge\u00e7irdi"},"content":{"rendered":"<p class=\"qtranxs-available-languages-message qtranxs-available-languages-message-en\">Sorry, this entry is only available in <a href=\"https:\/\/www.enerjigazetesi.ist\/tr\/wp-json\/wp\/v2\/posts\/198412\" class=\"qtranxs-available-language-link qtranxs-available-language-link-tr\" title=\"Turkish\">Turkish<\/a>. For the sake of viewer convenience, the content is shown below in the alternative language. You may click the link to switch the active language.<\/p><p><\/p>\n<h2><strong>TRT kendi enerjisini \u00fcretmek i\u00e7in harekete ge\u00e7ti. TRT Van G\u00fcne\u015f Enerjisi Santrali y\u0131lda 18 milyon kilovatsaat elektrik \u00fcretecek. Santralden elde edilecek enerji ile TRT\u2019nin y\u0131ll\u0131k elektrik t\u00fcketiminin y\u00fczde 20\u2019si kar\u015f\u0131lanacak.<\/strong><\/h2>\n<p><img loading=\"lazy\" class=\"aligncenter wp-image-198413\" src=\"https:\/\/www.enerjigazetesi.ist\/wp-content\/uploads\/2025\/07\/trt-gu\u0308nes\u0327-enerji-1200x1200-1.jpeg\" alt=\"\" width=\"550\" height=\"310\" srcset=\"https:\/\/www.enerjigazetesi.ist\/wp-content\/uploads\/2025\/07\/trt-gu\u0308nes\u0327-enerji-1200x1200-1.jpeg 753w, https:\/\/www.enerjigazetesi.ist\/wp-content\/uploads\/2025\/07\/trt-gu\u0308nes\u0327-enerji-1200x1200-1-300x169.jpeg 300w, https:\/\/www.enerjigazetesi.ist\/wp-content\/uploads\/2025\/07\/trt-gu\u0308nes\u0327-enerji-1200x1200-1-500x282.jpeg 500w, https:\/\/www.enerjigazetesi.ist\/wp-content\/uploads\/2025\/07\/trt-gu\u0308nes\u0327-enerji-1200x1200-1-80x45.jpeg 80w\" sizes=\"(max-width: 550px) 100vw, 550px\" \/><\/p>\n<p>TRT, enerji alan\u0131nda \u00f6rnek te\u015fkil edecek nitelikte b\u00fcy\u00fck bir ad\u0131m att\u0131. Van\u2019da kurulan G\u00fcne\u015f Enerjisi Santrali (GES) y\u0131ll\u0131k yakla\u015f\u0131k 18 milyon kilovatsaat elektrik \u00fcretimiyle, TRT\u2019nin toplam t\u00fcketiminin y\u00fczde 20\u2019sini kar\u015f\u0131layacak. Yay\u0131nc\u0131l\u0131k d\u00fcnyas\u0131nda bu \u00f6l\u00e7ekte bir yenilenebilir enerji yat\u0131r\u0131m\u0131 T\u00fcrkiye\u2019de ilk kez hayata ge\u00e7irilmi\u015f oldu. 127 bin metrekarelik alanda kurulu santralde toplam 16 bin 992 adet y\u00fcksek verimli g\u00fcne\u015f paneli bulunuyor. Kurulum sadece iki ay gibi k\u0131sa bir s\u00fcrede tamamland\u0131.<\/p>\n<p><img loading=\"lazy\" class=\"aligncenter wp-image-198414 size-full\" src=\"https:\/\/www.enerjigazetesi.ist\/wp-content\/uploads\/2025\/07\/thumbs_b_c_f7b9aae7f35d1bb65dd928a6c816c09d.jpg\" alt=\"TRT Genel M\u00fcd\u00fcr\u00fc Prof. Dr. Mehmet Zahid Sobac\u0131\" width=\"550\" height=\"309\" srcset=\"https:\/\/www.enerjigazetesi.ist\/wp-content\/uploads\/2025\/07\/thumbs_b_c_f7b9aae7f35d1bb65dd928a6c816c09d.jpg 550w, https:\/\/www.enerjigazetesi.ist\/wp-content\/uploads\/2025\/07\/thumbs_b_c_f7b9aae7f35d1bb65dd928a6c816c09d-300x169.jpg 300w, https:\/\/www.enerjigazetesi.ist\/wp-content\/uploads\/2025\/07\/thumbs_b_c_f7b9aae7f35d1bb65dd928a6c816c09d-500x281.jpg 500w, https:\/\/www.enerjigazetesi.ist\/wp-content\/uploads\/2025\/07\/thumbs_b_c_f7b9aae7f35d1bb65dd928a6c816c09d-80x45.jpg 80w\" sizes=\"(max-width: 550px) 100vw, 550px\" \/><\/p>\n<h3><strong>Enerjide ba\u011f\u0131ms\u0131z TRT i\u00e7in yat\u0131r\u0131mlar devam edecek<\/strong><\/h3>\n<p><strong>TRT Genel M\u00fcd\u00fcr\u00fc Prof. Dr. Mehmet Zahid Sobac\u0131,<\/strong> projeyi \u015fu s\u00f6zlerle de\u011ferlendirdi: <em>\u201c\u00dclkemizin \u20182053 Net S\u0131f\u0131r Emisyon\u2019 vizyonuna, T\u00fcrkiye\u2019nin kamu yay\u0131nc\u0131s\u0131 olarak katk\u0131 sunuyoruz. Yay\u0131nc\u0131l\u0131k faaliyetlerimizin s\u00fcrd\u00fcr\u00fclebilirli\u011fini \u00e7evreye duyarl\u0131 bir yakla\u015f\u0131mla g\u00fcvence alt\u0131na alacak bu yat\u0131r\u0131m\u0131 kurman\u0131n memnuniyetini ya\u015f\u0131yoruz.\u201d Sobac\u0131, benzer yat\u0131r\u0131mlar\u0131n devam edece\u011fini de vurgulad\u0131: \u201cKamu kaynaklar\u0131n\u0131n etkin ve verimli kullan\u0131m\u0131n\u0131 esas alan bu \u00e7evreci ad\u0131m, TRT\u2019nin enerji \u00fcretiminde ba\u011f\u0131ms\u0131zla\u015fma hedefinde at\u0131lan ilk stratejik ad\u0131md\u0131r. \u00d6n\u00fcm\u00fczdeki s\u00fcre\u00e7te, di\u011fer uygun alanlar\u0131m\u0131zda da benzer projeleri hayata ge\u00e7irerek TRT\u2019yi kendi enerjisini \u00fcretebilen bir yay\u0131nc\u0131 yap\u0131ya kavu\u015fturaca\u011f\u0131z.\u201d <\/em>dedi.<\/p>\n<h3><strong>Yay\u0131nc\u0131l\u0131kta s\u00fcrd\u00fcr\u00fclebilir d\u00f6n\u00fc\u015f\u00fcm<\/strong><\/h3>\n<p>TRT\u2019nin Van\u2019daki bu yat\u0131r\u0131m\u0131; yaln\u0131zca \u00e7evre dostu niteli\u011fiyle de\u011fil ayn\u0131 zamanda teknolojik altyap\u0131s\u0131, \u00fcretim kapasitesi ve h\u0131zl\u0131 uygulanabilirli\u011fiyle de \u00f6ne \u00e7\u0131k\u0131yor. G\u00fcne\u015flenme s\u00fcresi ve a\u00e7\u0131lar\u0131 bak\u0131m\u0131ndan stratejik olarak se\u00e7ilen b\u00f6lgede kurulan santral, yay\u0131nc\u0131l\u0131k sekt\u00f6r\u00fcnde s\u00fcrd\u00fcr\u00fclebilir enerji kullan\u0131m\u0131n\u0131n da \u00f6n\u00fcn\u00fc a\u00e7acak. TRT, bu yat\u0131r\u0131m\u0131yla yaln\u0131zca kendi enerji ihtiyac\u0131n\u0131 kar\u015f\u0131lamakla kalmayacak; ayn\u0131 zamanda yay\u0131nc\u0131l\u0131k d\u00fcnyas\u0131nda s\u00fcrd\u00fcr\u00fclebilirlik eksenli d\u00f6n\u00fc\u015f\u00fcm i\u00e7in g\u00fc\u00e7l\u00fc bir \u00f6rnek olu\u015fturacak.<\/p>\n<p>Kaynak:\u00a0<a href=\"https:\/\/www.trthaber.com\/trtden-haberler\/trt-vanda-kurdugu-santralle-yayincilikta-enerji-devrimini-baslatti-1289.html\">TRT HABER<\/a><\/p>\n<p>Yay\u0131na Alan: Alperen ERTA\u015e-<a href=\"http:\/\/alperen.ertas@enerjigazetesi.ist\">alperen.ertas@enerjigazetesi.ist<\/a><\/p>","protected":false},"excerpt":{"rendered":"<p>Sorry, this entry is only available in Turkish. For the sake of viewer convenience, the content is shown below in the alternative language. You may click the link to switch the active language. TRT kendi enerjisini \u00fcretmek i\u00e7in harekete ge\u00e7ti. TRT Van G\u00fcne\u015f Enerjisi Santrali y\u0131lda 18 milyon kilovatsaat elektrik \u00fcretecek. Santralden elde edilecek enerji [&hellip;]<\/p>\n","protected":false},"author":19,"featured_media":198413,"comment_status":"open","ping_status":"open","sticky":false,"template":"","format":"standard","meta":[],"categories":[53,49],"tags":[67,116909],"views":14,"_links":{"self":[{"href":"https:\/\/www.enerjigazetesi.ist\/en\/wp-json\/wp\/v2\/posts\/198412"}],"collection":[{"href":"https:\/\/www.enerjigazetesi.ist\/en\/wp-json\/wp\/v2\/posts"}],"about":[{"href":"https:\/\/www.enerjigazetesi.ist\/en\/wp-json\/wp\/v2\/types\/post"}],"author":[{"embeddable":true,"href":"https:\/\/www.enerjigazetesi.ist\/en\/wp-json\/wp\/v2\/users\/19"}],"replies":[{"embeddable":true,"href":"https:\/\/www.enerjigazetesi.ist\/en\/wp-json\/wp\/v2\/comments?post=198412"}],"version-history":[{"count":0,"href":"https:\/\/www.enerjigazetesi.ist\/en\/wp-json\/wp\/v2\/posts\/198412\/revisions"}],"wp:featuredmedia":[{"embeddable":true,"href":"https:\/\/www.enerjigazetesi.ist\/en\/wp-json\/wp\/v2\/media\/198413"}],"wp:attachment":[{"href":"https:\/\/www.enerjigazetesi.ist\/en\/wp-json\/wp\/v2\/media?parent=198412"}],"wp:term":[{"taxonomy":"category","embeddable":true,"href":"https:\/\/www.enerjigazetesi.ist\/en\/wp-json\/wp\/v2\/categories?post=198412"},{"taxonomy":"post_tag","embeddable":true,"href":"https:\/\/www.enerjigazetesi.ist\/en\/wp-json\/wp\/v2\/tags?post=198412"}],"curies":[{"name":"wp","href":"https:\/\/api.w.org\/{rel}","templated":true}]}}