{"id":198395,"date":"2025-07-10T11:59:52","date_gmt":"2025-07-10T08:59:52","guid":{"rendered":"https:\/\/www.enerjigazetesi.ist\/?p=198395"},"modified":"2025-07-10T13:00:15","modified_gmt":"2025-07-10T10:00:15","slug":"elektrikcilerin-isini-kolaylastiran-yeni-test-cihazlari","status":"publish","type":"post","link":"https:\/\/www.enerjigazetesi.ist\/en\/elektrikcilerin-isini-kolaylastiran-yeni-test-cihazlari\/","title":{"rendered":"(Turkish) Elektrik\u00e7ilerin \u0130\u015fini Kolayla\u015ft\u0131ran Yeni Test Cihazlar\u0131"},"content":{"rendered":"<p class=\"qtranxs-available-languages-message qtranxs-available-languages-message-en\">Sorry, this entry is only available in <a href=\"https:\/\/www.enerjigazetesi.ist\/tr\/wp-json\/wp\/v2\/posts\/198395\" class=\"qtranxs-available-language-link qtranxs-available-language-link-tr\" title=\"Turkish\">Turkish<\/a>. For the sake of viewer convenience, the content is shown below in the alternative language. You may click the link to switch the active language.<\/p><p><\/p>\n<h2>Elektrik tesisatlar\u0131nda \u00e7al\u0131\u015fan profesyonellerin g\u00fcnl\u00fck ihtiya\u00e7lar\u0131na cevap verecek \u015fekilde tasarlanan yeni Bosch elektrik test cihazlar\u0131, kullan\u0131c\u0131 dostu yap\u0131s\u0131yla \u00f6l\u00e7\u00fcm i\u015flerini daha h\u0131zl\u0131 ve g\u00fcvenli hale getiriyor.<\/h2>\n<p><img loading=\"lazy\" class=\"aligncenter wp-image-198397 size-full\" src=\"https:\/\/www.enerjigazetesi.ist\/wp-content\/uploads\/2025\/07\/1752130355_MT_Keyvisual_Range_Testing_Bluelook_200pro_4MB.jpg\" alt=\"\" width=\"550\" height=\"367\" srcset=\"https:\/\/www.enerjigazetesi.ist\/wp-content\/uploads\/2025\/07\/1752130355_MT_Keyvisual_Range_Testing_Bluelook_200pro_4MB.jpg 550w, https:\/\/www.enerjigazetesi.ist\/wp-content\/uploads\/2025\/07\/1752130355_MT_Keyvisual_Range_Testing_Bluelook_200pro_4MB-300x200.jpg 300w, https:\/\/www.enerjigazetesi.ist\/wp-content\/uploads\/2025\/07\/1752130355_MT_Keyvisual_Range_Testing_Bluelook_200pro_4MB-500x334.jpg 500w, https:\/\/www.enerjigazetesi.ist\/wp-content\/uploads\/2025\/07\/1752130355_MT_Keyvisual_Range_Testing_Bluelook_200pro_4MB-75x50.jpg 75w, https:\/\/www.enerjigazetesi.ist\/wp-content\/uploads\/2025\/07\/1752130355_MT_Keyvisual_Range_Testing_Bluelook_200pro_4MB-450x300.jpg 450w\" sizes=\"(max-width: 550px) 100vw, 550px\" \/><\/p>\n<p>\u0130stanbul &#8211; Bosch, bu yenilik\u00e7i be\u015f elektrik test cihaz\u0131n\u0131,\u00a0\u00f6zellikle elektrik ve HVAC alan\u0131nda \u00e7al\u0131\u015fan profesyoneller ba\u015fta olmak \u00fczere, hem d\u00fcnyada hem de \u00fclkemizde ilk kez kullan\u0131c\u0131lar\u0131yla bulu\u015fturuyor.<\/p>\n<p>Yeni \u00fcr\u00fcn yelpazesinde temass\u0131z voltaj test cihaz\u0131, voltaj test cihaz\u0131, pens ampermetre, \u00e7atal tip ampermetre ve dijital multimetre yer al\u0131yor.<\/p>\n<p>Darbeyi emen TPE(Termoplastik Elastomer) kaplamas\u0131 ve y\u00fcksek IP koruma s\u0131n\u0131f\u0131 sertifikas\u0131 sayesinde cihazlar\u00a0\u00e7ok\u00a0sa\u011flam olup, en zorlu \u00e7al\u0131\u015fma ortamlar\u0131 i\u00e7in tasarlanm\u0131\u015ft\u0131r.<\/p>\n<p>\u00d6rne\u011fin; \u00e7atal tip ampermetre, test u\u00e7lar\u0131na ihtiya\u00e7 duymadan \u00f6l\u00e7\u00fcm yapmay\u0131 sa\u011flarken, uzun kablolu voltaj test cihaz\u0131 b\u00fcy\u00fck panolarda bile rahat \u00e7al\u0131\u015fman\u0131za olanak tan\u0131yor. G\u00fcnl\u00fck i\u015flerin h\u0131zla ve konforla ilerlemesi i\u00e7in tasarland\u0131.<\/p>\n<p>Elektrik\u00e7iler, HVAC teknisyenleri ve saha \u00e7al\u0131\u015fanlar\u0131 i\u00e7in geli\u015ftirilen bu seri, yaln\u0131zca\u00a0\u00f6l\u00e7\u00fcm yapmakla kalmaz; sahadaki y\u00fck\u00fc hafifletmeyi ve i\u015f g\u00fcn\u00fcn\u00fc daha verimli k\u0131lmay\u0131 hedefler.<\/p>\n<p><img loading=\"lazy\" class=\"size-full wp-image-198396 aligncenter\" src=\"https:\/\/www.enerjigazetesi.ist\/wp-content\/uploads\/2025\/07\/1752130356_ON1_7077.jpg\" alt=\"\" width=\"550\" height=\"367\" srcset=\"https:\/\/www.enerjigazetesi.ist\/wp-content\/uploads\/2025\/07\/1752130356_ON1_7077.jpg 550w, https:\/\/www.enerjigazetesi.ist\/wp-content\/uploads\/2025\/07\/1752130356_ON1_7077-300x200.jpg 300w, https:\/\/www.enerjigazetesi.ist\/wp-content\/uploads\/2025\/07\/1752130356_ON1_7077-500x334.jpg 500w, https:\/\/www.enerjigazetesi.ist\/wp-content\/uploads\/2025\/07\/1752130356_ON1_7077-75x50.jpg 75w, https:\/\/www.enerjigazetesi.ist\/wp-content\/uploads\/2025\/07\/1752130356_ON1_7077-450x300.jpg 450w\" sizes=\"(max-width: 550px) 100vw, 550px\" \/><\/p>\n<h3><strong>Bosch<\/strong><strong><span dir=\"RTL\">\u2019<\/span><\/strong><strong>un Dijital \u00d6l\u00e7me Aletleri Serisi B\u00fcy\u00fcyor<\/strong><\/h3>\n<p>Bosch<span dir=\"RTL\">\u2019<\/span>un uzun s\u00fcredir profesyonel ve hafif hizmet kullan\u0131c\u0131lara y\u00f6nelik sundu\u011fu \u00fcr\u00fcn serisiyle pazarda\u00a0\u00f6nde gelen tedarik\u00e7ilerden biri oldu\u011funu belirten <strong>Bosch T\u00fcrkiye, Orta Do\u011fu, Kafkasya ve Orta Asya Elektrikli El Aletleri B\u00f6lgesel Sat\u0131\u015f Direkt\u00f6r\u00fc\u00a0Ali Fahri\u00a0\u00d6zcan,<\/strong><em>\u00a0<span dir=\"RTL\">\u201c<\/span>Bosch<span dir=\"RTL\">\u2019<\/span>un \u00e7al\u0131\u015fma anlay\u0131\u015f\u0131n\u0131n oda\u011f\u0131nda her zaman kullan\u0131c\u0131 deneyimi ve memnuniyeti yatar. Amac\u0131m\u0131z,\u00a0<span dir=\"RTL\">\u2018<\/span>ya\u015fam i\u00e7in teknoloji<span dir=\"RTL\">\u2019\u00a0<\/span>mottomuz do\u011frultusunda, farkl\u0131 beklentilere sahip kullan\u0131c\u0131lar\u0131m\u0131z\u0131n ihtiya\u00e7lar\u0131n\u0131 kar\u015f\u0131layan kaliteli \u00fcr\u00fcn ve hizmetleri geli\u015ftirmektir. Yani bir di\u011fer deyi\u015fle; kullan\u0131c\u0131lar\u0131n ihtiya\u00e7lar\u0131n\u0131 do\u011fru anlay\u0131p, bu ihtiya\u00e7lara y\u00f6nelik yeni \u00fcr\u00fcnler sunmak yoluyla onlar\u0131n hayatlar\u0131n\u0131 kolayla\u015ft\u0131rmak.\u00a0 <\/em><em>Profesyonellerin ve ev kullan\u0131c\u0131lar\u0131n\u0131n b\u00fct\u00fcn ihtiya\u00e7lar\u0131n\u0131 kar\u015f\u0131lamak i\u00e7in, elektrikli ve ak\u00fcl\u00fc el aletleriyle yol \u00e7\u0131kt\u0131k. Bu alanda T\u00fcrkiye pazar\u0131n\u0131n b\u00fcy\u00fcmesine paralel olarak, ak\u00fcl\u00fc ve elektrikli el aletleri serisinden sonra ge\u00e7ti\u011fimiz y\u0131l\u00a0<span dir=\"RTL\">\u2018<\/span>mekanik<span dir=\"RTL\">\u2019\u00a0<\/span>el aletlerimizi piyasaya sunmu\u015ftuk. \u015eimdi ise yeniliklere kald\u0131\u011f\u0131m\u0131z yerden devam ediyor ve\u00a0\u00f6l\u00e7me \u00fcr\u00fcn grubunda yeni serimiz olan elektrik test cihazlar\u0131yla kullan\u0131c\u0131lar\u0131m\u0131z\u0131n ihtiya\u00e7lar\u0131n\u0131 kar\u015f\u0131lamada bir ad\u0131m daha at\u0131yoruz. Profesyonellerin g\u00fcn boyu sahada kar\u015f\u0131la\u015ft\u0131\u011f\u0131 zaman bask\u0131s\u0131n\u0131, karma\u015f\u0131k pano yap\u0131lar\u0131n\u0131 ve g\u00fcvenlik risklerini iyi analiz ediyor ve biliyoruz. Bu nedenle yeni test cihazlar\u0131m\u0131z\u0131, hem kullan\u0131c\u0131lar\u0131m\u0131z\u0131n i\u015flerini kolayla\u015ft\u0131rmak hem de onlara g\u00fcvenli \u00fcr\u00fcn kullan\u0131m\u0131 sunmak i\u00e7in geli\u015ftirdik. Bu yeni \u00fcr\u00fcn serimizin de kullan\u0131c\u0131lardan b\u00fcy\u00fck ilgi g\u00f6rece\u011fine inan\u0131yoruz. Gelecekte bu do\u011frultuda pazar\u0131 ba\u015fka \u00fcr\u00fcnlerle de bulu\u015fturmay\u0131 hedefliyoruz\u201d<\/em> dedi.<\/p>\n<p>Yay\u0131na Alan: Alperen ERTA\u015e-<a href=\"http:\/\/alperen.ertas@enerjigazetesi.ist\">alperen.ertas@enerjigazetesi.ist<\/a><\/p>","protected":false},"excerpt":{"rendered":"<p>Sorry, this entry is only available in Turkish. For the sake of viewer convenience, the content is shown below in the alternative language. You may click the link to switch the active language. Elektrik tesisatlar\u0131nda \u00e7al\u0131\u015fan profesyonellerin g\u00fcnl\u00fck ihtiya\u00e7lar\u0131na cevap verecek \u015fekilde tasarlanan yeni Bosch elektrik test cihazlar\u0131, kullan\u0131c\u0131 dostu yap\u0131s\u0131yla \u00f6l\u00e7\u00fcm i\u015flerini daha h\u0131zl\u0131 [&hellip;]<\/p>\n","protected":false},"author":19,"featured_media":198397,"comment_status":"open","ping_status":"open","sticky":false,"template":"","format":"standard","meta":[],"categories":[51,53],"tags":[116906,116907],"views":8,"_links":{"self":[{"href":"https:\/\/www.enerjigazetesi.ist\/en\/wp-json\/wp\/v2\/posts\/198395"}],"collection":[{"href":"https:\/\/www.enerjigazetesi.ist\/en\/wp-json\/wp\/v2\/posts"}],"about":[{"href":"https:\/\/www.enerjigazetesi.ist\/en\/wp-json\/wp\/v2\/types\/post"}],"author":[{"embeddable":true,"href":"https:\/\/www.enerjigazetesi.ist\/en\/wp-json\/wp\/v2\/users\/19"}],"replies":[{"embeddable":true,"href":"https:\/\/www.enerjigazetesi.ist\/en\/wp-json\/wp\/v2\/comments?post=198395"}],"version-history":[{"count":0,"href":"https:\/\/www.enerjigazetesi.ist\/en\/wp-json\/wp\/v2\/posts\/198395\/revisions"}],"wp:featuredmedia":[{"embeddable":true,"href":"https:\/\/www.enerjigazetesi.ist\/en\/wp-json\/wp\/v2\/media\/198397"}],"wp:attachment":[{"href":"https:\/\/www.enerjigazetesi.ist\/en\/wp-json\/wp\/v2\/media?parent=198395"}],"wp:term":[{"taxonomy":"category","embeddable":true,"href":"https:\/\/www.enerjigazetesi.ist\/en\/wp-json\/wp\/v2\/categories?post=198395"},{"taxonomy":"post_tag","embeddable":true,"href":"https:\/\/www.enerjigazetesi.ist\/en\/wp-json\/wp\/v2\/tags?post=198395"}],"curies":[{"name":"wp","href":"https:\/\/api.w.org\/{rel}","templated":true}]}}