{"id":198391,"date":"2025-07-10T12:00:39","date_gmt":"2025-07-10T09:00:39","guid":{"rendered":"https:\/\/www.enerjigazetesi.ist\/?p=198391"},"modified":"2025-07-10T13:10:09","modified_gmt":"2025-07-10T10:10:09","slug":"turkcellin-3uncu-gunes-santrali-vanda-devrede","status":"publish","type":"post","link":"https:\/\/www.enerjigazetesi.ist\/en\/turkcellin-3uncu-gunes-santrali-vanda-devrede\/","title":{"rendered":"(Turkish) Turkcell\u2019in 3\u2019\u00fcnc\u00fc G\u00fcne\u015f Santrali, Van\u2019da Devrede"},"content":{"rendered":"<p class=\"qtranxs-available-languages-message qtranxs-available-languages-message-en\">Sorry, this entry is only available in <a href=\"https:\/\/www.enerjigazetesi.ist\/tr\/wp-json\/wp\/v2\/posts\/198391\" class=\"qtranxs-available-language-link qtranxs-available-language-link-tr\" title=\"Turkish\">Turkish<\/a>. For the sake of viewer convenience, the content is shown below in the alternative language. You may click the link to switch the active language.<\/p><p><\/p>\n<h2><strong>Turkcell, T\u00fcrkiye genelinde hayata ge\u00e7irdi\u011fi yenilenebilir enerji yat\u0131r\u0131mlar\u0131na bir yenisini daha ekledi. Van\u2019\u0131n \u0130pekyolu il\u00e7esinde 220 bin metrekarelik bir alanda kurulan ve 8,7 MW kurulu g\u00fcce sahip olan yeni g\u00fcne\u015f enerjisi santrali (GES) enerji \u00fcretimine ba\u015flad\u0131. Turkcell Genel M\u00fcd\u00fcr\u00fc Dr. Ali Taha Ko\u00e7, \u201cHedefimiz 2030 y\u0131l\u0131na kadar binalar\u0131m\u0131z, baz istasyonlar\u0131m\u0131z ve ara\u00e7lar\u0131m\u0131zdan kaynaklanan sera gaz\u0131 emisyonlar\u0131m\u0131z\u0131 y\u00fczde 50\u2019nin \u00fczerinde azaltmak, 2050\u2019de ise net s\u0131f\u0131r emisyon seviyesine ula\u015fmak. Van\u2019da a\u00e7\u0131lan santralimiz, bu yolculukta \u00e7ok \u00f6nemli bir kilometre ta\u015f\u0131. Yak\u0131nda farkl\u0131 lokasyonlarda d\u00f6rt yeni santrali daha devreye alarak kurulu g\u00fcc\u00fcm\u00fcz\u00fc daha da art\u0131raca\u011f\u0131z\u201d dedi.<\/strong><\/h2>\n<p><img loading=\"lazy\" class=\"aligncenter wp-image-198393 size-full\" src=\"https:\/\/www.enerjigazetesi.ist\/wp-content\/uploads\/2025\/07\/1752128003_Turkcell_Van_G__ne___Enerjisi_Santrali.jpg\" alt=\"\" width=\"550\" height=\"412\" srcset=\"https:\/\/www.enerjigazetesi.ist\/wp-content\/uploads\/2025\/07\/1752128003_Turkcell_Van_G__ne___Enerjisi_Santrali.jpg 550w, https:\/\/www.enerjigazetesi.ist\/wp-content\/uploads\/2025\/07\/1752128003_Turkcell_Van_G__ne___Enerjisi_Santrali-300x225.jpg 300w, https:\/\/www.enerjigazetesi.ist\/wp-content\/uploads\/2025\/07\/1752128003_Turkcell_Van_G__ne___Enerjisi_Santrali-500x375.jpg 500w, https:\/\/www.enerjigazetesi.ist\/wp-content\/uploads\/2025\/07\/1752128003_Turkcell_Van_G__ne___Enerjisi_Santrali-67x50.jpg 67w\" sizes=\"(max-width: 550px) 100vw, 550px\" \/><\/p>\n<p>&nbsp;<\/p>\n<p>S\u00fcrd\u00fcr\u00fclebilirlik ve \u00e7evre alan\u0131ndaki \u00e7al\u0131\u015fmalar\u0131yla sekt\u00f6re \u00f6nc\u00fcl\u00fck eden Turkcell, \u00e7ok \u00f6nemli bir yat\u0131r\u0131ma daha imza att\u0131. T\u00fcrkiye\u2019nin d\u00f6rt bir yan\u0131nda yenilenebilir enerji yat\u0131r\u0131mlar\u0131na h\u0131z veren Turkcell, yap\u0131m\u0131 tamamlanan Van\u2019daki yeni g\u00fcne\u015f enerjisi santralini (GES) devreye ald\u0131. 220.400 metrekarelik bir alana kurulan santral, 8,7 megavat kurulu g\u00fcce ve y\u0131lda ortalama 8.740 hanenin elektrik ihtiyac\u0131n\u0131 kar\u015f\u0131layacak kapasiteye sahip.<\/p>\n<p>Turkcell, \u201cYenilenebilir Enerji Master Plan\u0131\u201d \u00e7er\u00e7evesinde, 2026 y\u0131l\u0131 sonuna kadar yakla\u015f\u0131k 240 milyon dolarl\u0131k GES yat\u0131r\u0131m\u0131 yapmay\u0131 planl\u0131yor.<\/p>\n<p><img loading=\"lazy\" class=\"aligncenter wp-image-198392 size-full\" src=\"https:\/\/www.enerjigazetesi.ist\/wp-content\/uploads\/2025\/07\/1752127998_Turkcell_Genel_M__d__r___Dr._Ali_Taha_Ko__.jpg\" alt=\"\" width=\"550\" height=\"367\" srcset=\"https:\/\/www.enerjigazetesi.ist\/wp-content\/uploads\/2025\/07\/1752127998_Turkcell_Genel_M__d__r___Dr._Ali_Taha_Ko__.jpg 550w, https:\/\/www.enerjigazetesi.ist\/wp-content\/uploads\/2025\/07\/1752127998_Turkcell_Genel_M__d__r___Dr._Ali_Taha_Ko__-300x200.jpg 300w, https:\/\/www.enerjigazetesi.ist\/wp-content\/uploads\/2025\/07\/1752127998_Turkcell_Genel_M__d__r___Dr._Ali_Taha_Ko__-500x334.jpg 500w, https:\/\/www.enerjigazetesi.ist\/wp-content\/uploads\/2025\/07\/1752127998_Turkcell_Genel_M__d__r___Dr._Ali_Taha_Ko__-75x50.jpg 75w, https:\/\/www.enerjigazetesi.ist\/wp-content\/uploads\/2025\/07\/1752127998_Turkcell_Genel_M__d__r___Dr._Ali_Taha_Ko__-450x300.jpg 450w\" sizes=\"(max-width: 550px) 100vw, 550px\" \/><\/p>\n<h3><strong>Hedef, daha ye\u015fil ve s\u00fcrd\u00fcr\u00fclebilir bir gelecek<\/strong><\/h3>\n<p><strong>Turkcell Genel M\u00fcd\u00fcr\u00fc Dr. Ali Taha Ko\u00e7,<\/strong> Van\u2019daki santralin faaliyete ge\u00e7mesinden b\u00fcy\u00fck mutluluk duyduklar\u0131n\u0131 belirterek \u015f\u00f6yle dedi: <em>\u201c\u0130klim de\u011fi\u015fikli\u011fiyle m\u00fccadele ve enerji verimlili\u011fi bizim i\u00e7in yaln\u0131zca \u00e7evresel de\u011fil, stratejik bir \u00f6ncelik. \u2018Daha fazla bit, daha az watt\u2019 ilkesiyle, enerji master plan\u0131m\u0131z\u0131 faz faz hayata ge\u00e7iriyoruz. Hedefimiz, 2030 y\u0131l\u0131na kadar binalar\u0131m\u0131z, baz istasyonlar\u0131m\u0131z ve ara\u00e7lar\u0131m\u0131zdan kaynaklanan sera gaz\u0131 emisyonlar\u0131m\u0131z\u0131 %50\u2019nin \u00fczerinde azaltmak, 2050\u2019de ise net s\u0131f\u0131r emisyon seviyesine ula\u015fmak. Van\u2019da devreye ald\u0131\u011f\u0131m\u0131z g\u00fcne\u015f enerjisi santralimiz, bu yolculukta \u00e7ok \u00f6nemli bir kilometre ta\u015f\u0131. Daha \u00f6nce U\u015fak\u2019ta 2 ayr\u0131 santralimiz enerji \u00fcretimine ba\u015flam\u0131\u015ft\u0131. Yak\u0131n zamanda farkl\u0131 \u015fehirlerde 4 yeni santrali daha devreye alarak toplam kurulu g\u00fcc\u00fcm\u00fcz\u00fc \u00f6nemli \u00f6l\u00e7\u00fcde art\u0131raca\u011f\u0131z. Amac\u0131m\u0131z; hem karbon ayak izimizi azaltmak hem de \u00e7ocuklar\u0131m\u0131za daha temiz ve daha ye\u015fil bir d\u00fcnya miras b\u0131rakmak.\u201d<\/em> dedi.<\/p>\n<p>Yay\u0131na Alan: Alperen ERTA\u015e-<a href=\"http:\/\/alperen.ertas@enerjigazetesi.ist\">alperen.ertas@enerjigazetesi.ist<\/a><\/p>","protected":false},"excerpt":{"rendered":"<p>Sorry, this entry is only available in Turkish. For the sake of viewer convenience, the content is shown below in the alternative language. You may click the link to switch the active language. Turkcell, T\u00fcrkiye genelinde hayata ge\u00e7irdi\u011fi yenilenebilir enerji yat\u0131r\u0131mlar\u0131na bir yenisini daha ekledi. Van\u2019\u0131n \u0130pekyolu il\u00e7esinde 220 bin metrekarelik bir alanda kurulan ve [&hellip;]<\/p>\n","protected":false},"author":19,"featured_media":198393,"comment_status":"open","ping_status":"open","sticky":false,"template":"","format":"standard","meta":[],"categories":[53,49],"tags":[53157,138],"views":21,"_links":{"self":[{"href":"https:\/\/www.enerjigazetesi.ist\/en\/wp-json\/wp\/v2\/posts\/198391"}],"collection":[{"href":"https:\/\/www.enerjigazetesi.ist\/en\/wp-json\/wp\/v2\/posts"}],"about":[{"href":"https:\/\/www.enerjigazetesi.ist\/en\/wp-json\/wp\/v2\/types\/post"}],"author":[{"embeddable":true,"href":"https:\/\/www.enerjigazetesi.ist\/en\/wp-json\/wp\/v2\/users\/19"}],"replies":[{"embeddable":true,"href":"https:\/\/www.enerjigazetesi.ist\/en\/wp-json\/wp\/v2\/comments?post=198391"}],"version-history":[{"count":0,"href":"https:\/\/www.enerjigazetesi.ist\/en\/wp-json\/wp\/v2\/posts\/198391\/revisions"}],"wp:featuredmedia":[{"embeddable":true,"href":"https:\/\/www.enerjigazetesi.ist\/en\/wp-json\/wp\/v2\/media\/198393"}],"wp:attachment":[{"href":"https:\/\/www.enerjigazetesi.ist\/en\/wp-json\/wp\/v2\/media?parent=198391"}],"wp:term":[{"taxonomy":"category","embeddable":true,"href":"https:\/\/www.enerjigazetesi.ist\/en\/wp-json\/wp\/v2\/categories?post=198391"},{"taxonomy":"post_tag","embeddable":true,"href":"https:\/\/www.enerjigazetesi.ist\/en\/wp-json\/wp\/v2\/tags?post=198391"}],"curies":[{"name":"wp","href":"https:\/\/api.w.org\/{rel}","templated":true}]}}