{"id":198357,"date":"2025-07-09T12:54:04","date_gmt":"2025-07-09T09:54:04","guid":{"rendered":"https:\/\/www.enerjigazetesi.ist\/?p=198357"},"modified":"2025-07-09T12:54:04","modified_gmt":"2025-07-09T09:54:04","slug":"hareket-globalde-guc-kazaniyor","status":"publish","type":"post","link":"https:\/\/www.enerjigazetesi.ist\/en\/hareket-globalde-guc-kazaniyor\/","title":{"rendered":"(Turkish) Hareket Globalde G\u00fc\u00e7 Kazan\u0131yor"},"content":{"rendered":"<p class=\"qtranxs-available-languages-message qtranxs-available-languages-message-en\">Sorry, this entry is only available in <a href=\"https:\/\/www.enerjigazetesi.ist\/tr\/wp-json\/wp\/v2\/posts\/198357\" class=\"qtranxs-available-language-link qtranxs-available-language-link-tr\" title=\"Turkish\">Turkish<\/a>. For the sake of viewer convenience, the content is shown below in the alternative language. You may click the link to switch the active language.<\/p><p><\/p>\n<h2 class=\"v1MsoNormal\"><b>T\u00fcrkiye&#8217;nin a\u011f\u0131r y\u00fck kald\u0131rma, proje ta\u015f\u0131mac\u0131l\u0131\u011f\u0131 ve y\u00fck m\u00fchendisli\u011fi alan\u0131nda d\u00fcnya \u00e7ap\u0131ndaki lider firmalar\u0131ndan Hareket, uluslararas\u0131 alandaki b\u00fcy\u00fcme yolculu\u011funa yeni bir ba\u015far\u0131 daha ekledi. D\u00fcnyan\u0131n \u00f6nde gelen sekt\u00f6rel yay\u0131nlar\u0131ndan International Cranes and Specialized Transport (ICST) dergisinin her y\u0131l yay\u0131nlad\u0131\u011f\u0131 IC100 listesinde d\u00f6rt basamak birden y\u00fckselen Hareket, 341 bin 846 ton kald\u0131rma kapasitesiyle d\u00fcnya genelinde 29. s\u0131raya, Avrupa&#8217;da ise 8. s\u0131raya yerle\u015firken, T\u00fcrkiye&#8217;deki liderli\u011fini de bir kez daha korudu.<u><\/u><u><\/u><\/b><\/h2>\n<p class=\"v1MsoNormal\"><u><\/u> <img loading=\"lazy\" class=\"aligncenter wp-image-198359 size-full\" src=\"https:\/\/www.enerjigazetesi.ist\/wp-content\/uploads\/2025\/07\/Hareket-CEOsu-Abdullah-Altunkum.jpg\" alt=\"\" width=\"550\" height=\"367\" srcset=\"https:\/\/www.enerjigazetesi.ist\/wp-content\/uploads\/2025\/07\/Hareket-CEOsu-Abdullah-Altunkum.jpg 550w, https:\/\/www.enerjigazetesi.ist\/wp-content\/uploads\/2025\/07\/Hareket-CEOsu-Abdullah-Altunkum-300x200.jpg 300w, https:\/\/www.enerjigazetesi.ist\/wp-content\/uploads\/2025\/07\/Hareket-CEOsu-Abdullah-Altunkum-500x334.jpg 500w, https:\/\/www.enerjigazetesi.ist\/wp-content\/uploads\/2025\/07\/Hareket-CEOsu-Abdullah-Altunkum-75x50.jpg 75w, https:\/\/www.enerjigazetesi.ist\/wp-content\/uploads\/2025\/07\/Hareket-CEOsu-Abdullah-Altunkum-450x300.jpg 450w\" sizes=\"(max-width: 550px) 100vw, 550px\" \/><u><\/u><\/p>\n<p class=\"v1MsoNormal\">Hareket&#8217;in 3 k\u0131tada, 44 \u00fclkede hizmet veren, global arenada s\u00f6z sahibi bir oyuncu oldu\u011funu belirten\u00a0<b>Hareket Proje Ta\u015f\u0131mac\u0131l\u0131\u011f\u0131 ve Y\u00fck M\u00fchendisli\u011fi CEO&#8217;su Abdullah Altunkum,\u00a0<\/b><em>&#8220;Uluslararas\u0131 Cranes and Specialized Transport dergisinin yay\u0131nlad\u0131\u011f\u0131 IC100 listesinde d\u00fcnya genelinde bu y\u0131l 29. s\u0131raya y\u00fckselmemiz, bizim i\u00e7in sadece say\u0131sal bir ba\u015far\u0131 de\u011fil; stratejik kararl\u0131l\u0131\u011f\u0131m\u0131z\u0131n, yat\u0131r\u0131m g\u00fcc\u00fcm\u00fcz\u00fcn ve m\u00fchendislik kalitemizin bir sonucu. S\u00fcrd\u00fcr\u00fclebilir b\u00fcy\u00fcme hedeflerimiz do\u011frultusunda ger\u00e7ekle\u015ftirdi\u011fimiz yat\u0131r\u0131mlarla ekipman park\u0131m\u0131z\u0131 ciddi bi\u00e7imde g\u00fc\u00e7lendirdik. Bug\u00fcn geldi\u011fimiz noktada Orta Do\u011fu&#8217;dan Asya-Pasifik&#8217;e kadar geni\u015f bir co\u011frafyada hizmet veriyoruz. IC100 gibi k\u00fcresel \u00f6l\u00e7ekte kabul g\u00f6ren endekslerdeki bu ba\u015far\u0131lar, terzi usul\u00fc proje y\u00f6netimimiz ve \u00fcst\u00fcn m\u00fchendislik kabiliyetimizle d\u00fcnyada da proje ta\u015f\u0131mac\u0131l\u0131\u011f\u0131 ve y\u00fck m\u00fchendisli\u011fi alan\u0131nda ilk \u00fc\u00e7 marka aras\u0131nda yer alma hedefimize emin ad\u0131mlarla ilerledi\u011fimizi g\u00f6steriyor. Bu yolda yat\u0131r\u0131mlar\u0131m\u0131z\u0131, insan kayna\u011f\u0131m\u0131z\u0131 ve teknolojik altyap\u0131m\u0131z\u0131 ayn\u0131 h\u0131zla b\u00fcy\u00fctmeye devam edece\u011fiz&#8221;<\/em> dedi.<u><\/u><u><\/u><\/p>\n<p class=\"v1MsoNormal\"><u><\/u>\u00a0<u><\/u><b>2025 Y\u0131l\u0131nda 132 Milyon Dolarl\u0131k Ekipman Yat\u0131r\u0131m\u0131<u><\/u><u><\/u><\/b><\/p>\n<p class=\"v1MsoNormal\">Toplamda 21 farkl\u0131 \u00fclkeden, 900&#8217;\u00fc a\u015fk\u0131n \u00e7al\u0131\u015fan\u0131yla \u00e7ok uluslu bir yap\u0131ya sahip olan Hareket, bu k\u00fcresel yetkinli\u011fini, her projeye \u00f6zel farkl\u0131 \u00e7\u00f6z\u00fcmleriyle birle\u015ftirerek projelerinde y\u00fcksek kalite ve verimlilik sa\u011fl\u0131yor. \u015eirketin insan kayna\u011f\u0131nda \u00e7e\u015fitlili\u011fe verdi\u011fi \u00f6nem, farkl\u0131 pazarlarda esneklik ve uyum kabiliyetini de art\u0131r\u0131yor. 2025 y\u0131l\u0131nda ger\u00e7ekle\u015ftirilen 132 milyon dolarl\u0131k vin\u00e7, barge, SPMT, treyler ve \u00e7ekici yat\u0131r\u0131mlar\u0131 sayesinde Hareket, operasyonel kapasitesini y\u00fczde 50 oran\u0131nda art\u0131rd\u0131. Bu yat\u0131r\u0131mlar, \u00f6zellikle enerji, petrol, gaz, yenilenebilir enerji ve altyap\u0131 gibi sekt\u00f6rlerde kritik projelere y\u00fcksek hacimli ve hassas m\u00fchendislik \u00e7\u00f6z\u00fcmleri sunma imk\u00e2n\u0131 sa\u011fl\u0131yor.<u><\/u><u><\/u><\/p>\n<p class=\"v1MsoNormal\"><u><\/u>\u00a0Yay\u0131na Alan: Alperen ERTA\u015e-<a href=\"http:\/\/alperen.ertas@enerjigazetesi.ist\">alperen.ertas@enerjigazetesi.ist<\/a><\/p>\n<p><\/p>","protected":false},"excerpt":{"rendered":"<p>Sorry, this entry is only available in Turkish. For the sake of viewer convenience, the content is shown below in the alternative language. You may click the link to switch the active language. T\u00fcrkiye&#8217;nin a\u011f\u0131r y\u00fck kald\u0131rma, proje ta\u015f\u0131mac\u0131l\u0131\u011f\u0131 ve y\u00fck m\u00fchendisli\u011fi alan\u0131nda d\u00fcnya \u00e7ap\u0131ndaki lider firmalar\u0131ndan Hareket, uluslararas\u0131 alandaki b\u00fcy\u00fcme yolculu\u011funa yeni bir ba\u015far\u0131 [&hellip;]<\/p>\n","protected":false},"author":19,"featured_media":198360,"comment_status":"open","ping_status":"open","sticky":false,"template":"","format":"standard","meta":[],"categories":[53],"tags":[116904,67],"views":17,"_links":{"self":[{"href":"https:\/\/www.enerjigazetesi.ist\/en\/wp-json\/wp\/v2\/posts\/198357"}],"collection":[{"href":"https:\/\/www.enerjigazetesi.ist\/en\/wp-json\/wp\/v2\/posts"}],"about":[{"href":"https:\/\/www.enerjigazetesi.ist\/en\/wp-json\/wp\/v2\/types\/post"}],"author":[{"embeddable":true,"href":"https:\/\/www.enerjigazetesi.ist\/en\/wp-json\/wp\/v2\/users\/19"}],"replies":[{"embeddable":true,"href":"https:\/\/www.enerjigazetesi.ist\/en\/wp-json\/wp\/v2\/comments?post=198357"}],"version-history":[{"count":0,"href":"https:\/\/www.enerjigazetesi.ist\/en\/wp-json\/wp\/v2\/posts\/198357\/revisions"}],"wp:featuredmedia":[{"embeddable":true,"href":"https:\/\/www.enerjigazetesi.ist\/en\/wp-json\/wp\/v2\/media\/198360"}],"wp:attachment":[{"href":"https:\/\/www.enerjigazetesi.ist\/en\/wp-json\/wp\/v2\/media?parent=198357"}],"wp:term":[{"taxonomy":"category","embeddable":true,"href":"https:\/\/www.enerjigazetesi.ist\/en\/wp-json\/wp\/v2\/categories?post=198357"},{"taxonomy":"post_tag","embeddable":true,"href":"https:\/\/www.enerjigazetesi.ist\/en\/wp-json\/wp\/v2\/tags?post=198357"}],"curies":[{"name":"wp","href":"https:\/\/api.w.org\/{rel}","templated":true}]}}