{"id":198308,"date":"2025-07-08T14:48:27","date_gmt":"2025-07-08T11:48:27","guid":{"rendered":"https:\/\/www.enerjigazetesi.ist\/?p=198308"},"modified":"2025-07-08T15:21:02","modified_gmt":"2025-07-08T12:21:02","slug":"afsinde-306-milyon-liralik-ges-yatirimina-ced-onayi","status":"publish","type":"post","link":"https:\/\/www.enerjigazetesi.ist\/en\/afsinde-306-milyon-liralik-ges-yatirimina-ced-onayi\/","title":{"rendered":"(Turkish) Af\u015fin&#8217;de 306 Milyon Liral\u0131k GES Yat\u0131r\u0131m\u0131na \u00c7ED Onay\u0131"},"content":{"rendered":"<p class=\"qtranxs-available-languages-message qtranxs-available-languages-message-en\">Sorry, this entry is only available in <a href=\"https:\/\/www.enerjigazetesi.ist\/tr\/wp-json\/wp\/v2\/posts\/198308\" class=\"qtranxs-available-language-link qtranxs-available-language-link-tr\" title=\"Turkish\">Turkish<\/a>. For the sake of viewer convenience, the content is shown below in the alternative language. You may click the link to switch the active language.<\/p><p><\/p>\n<h2>Af\u015fin\u2019in B\u00fcy\u00fcktatl\u0131 Mahallesi\u2019nde \u00f6zel bir firma taraf\u0131ndan kurulacak 30 MWe kapasiteli Depolamal\u0131 G\u00fcne\u015f Enerjisi Santrali (GES) projesine \u00c7ED olumlu karar\u0131 verildi.<\/h2>\n<p><img loading=\"lazy\" class=\"aligncenter wp-image-198309 size-full\" src=\"https:\/\/www.enerjigazetesi.ist\/wp-content\/uploads\/2025\/07\/515856861_18413887099103002_36794243594411615_n.jpg\" alt=\"\" width=\"550\" height=\"309\" srcset=\"https:\/\/www.enerjigazetesi.ist\/wp-content\/uploads\/2025\/07\/515856861_18413887099103002_36794243594411615_n.jpg 550w, https:\/\/www.enerjigazetesi.ist\/wp-content\/uploads\/2025\/07\/515856861_18413887099103002_36794243594411615_n-300x169.jpg 300w, https:\/\/www.enerjigazetesi.ist\/wp-content\/uploads\/2025\/07\/515856861_18413887099103002_36794243594411615_n-500x281.jpg 500w, https:\/\/www.enerjigazetesi.ist\/wp-content\/uploads\/2025\/07\/515856861_18413887099103002_36794243594411615_n-80x45.jpg 80w\" sizes=\"(max-width: 550px) 100vw, 550px\" \/><br \/>\n306 milyon liral\u0131k dev yat\u0131r\u0131mla hayata ge\u00e7irilecek tesisin, y\u0131lda 60 milyon kilovatsaat elektrik \u00fcretmesi bekleniyor.<\/p>\n<p>\u00c7evre, \u015eehircilik ve \u0130klim De\u011fi\u015fikli\u011fi Bakanl\u0131\u011f\u0131 taraf\u0131ndan onaylanan proje kapsam\u0131nda kurulacak GES, fotovoltaik g\u00fcne\u015f panelleri arac\u0131l\u0131\u011f\u0131yla enerji \u00fcretecek. Toplam kurulu g\u00fcc\u00fc 30 MWe olacak olan santral, her biri 600 Wp g\u00fcce sahip 50 bin adet g\u00fcne\u015f paneli ile \u00e7al\u0131\u015facak. Tesisin dikkat \u00e7eken bir di\u011fer y\u00f6n\u00fc ise elektrik depolama \u00f6zelli\u011fi. \u015eebekeye verilemeyen enerji, 30 MWh kapasiteli batarya konteynerlerinde depolanacak. Bu y\u00f6n\u00fcyle tesis, hem s\u00fcrekli enerji \u00fcretimini hem de enerji verimlili\u011fini destekleyecek. Projeye ili\u015fkin \u00c7evresel Etki De\u011ferlendirme (\u00c7ED) s\u00fcreci ba\u015far\u0131yla tamamland\u0131. Bakanl\u0131k taraf\u0131ndan verilen \u201c\u00c7ED olumlu\u201d karar\u0131yla birlikte yat\u0131r\u0131m\u0131n \u00f6n\u00fcnde engel kalmad\u0131. Firma, k\u0131sa s\u00fcre i\u00e7inde in\u015fa s\u00fcrecine ba\u015flamay\u0131 planl\u0131yor.<\/p>\n<p>Kaynak:\u00a0<a href=\"https:\/\/www.yesilafsin.com\/afsinde-306-milyon-liralik-ges-yatirimina-ced-onayi\">Ye\u015fil Af\u015fin<\/a><\/p>\n<p>Yay\u0131na Alan: Alperen ERTA\u015e-<a href=\"http:\/\/alperen.ertas@enerjigazetesi.ist\">alperen.ertas@enerjigazetesi.ist<\/a><\/p>","protected":false},"excerpt":{"rendered":"<p>Sorry, this entry is only available in Turkish. For the sake of viewer convenience, the content is shown below in the alternative language. You may click the link to switch the active language. Af\u015fin\u2019in B\u00fcy\u00fcktatl\u0131 Mahallesi\u2019nde \u00f6zel bir firma taraf\u0131ndan kurulacak 30 MWe kapasiteli Depolamal\u0131 G\u00fcne\u015f Enerjisi Santrali (GES) projesine \u00c7ED olumlu karar\u0131 verildi. 306 [&hellip;]<\/p>\n","protected":false},"author":19,"featured_media":198309,"comment_status":"open","ping_status":"open","sticky":false,"template":"","format":"standard","meta":[],"categories":[53,49],"tags":[116897,111460,67,2326],"views":22,"_links":{"self":[{"href":"https:\/\/www.enerjigazetesi.ist\/en\/wp-json\/wp\/v2\/posts\/198308"}],"collection":[{"href":"https:\/\/www.enerjigazetesi.ist\/en\/wp-json\/wp\/v2\/posts"}],"about":[{"href":"https:\/\/www.enerjigazetesi.ist\/en\/wp-json\/wp\/v2\/types\/post"}],"author":[{"embeddable":true,"href":"https:\/\/www.enerjigazetesi.ist\/en\/wp-json\/wp\/v2\/users\/19"}],"replies":[{"embeddable":true,"href":"https:\/\/www.enerjigazetesi.ist\/en\/wp-json\/wp\/v2\/comments?post=198308"}],"version-history":[{"count":0,"href":"https:\/\/www.enerjigazetesi.ist\/en\/wp-json\/wp\/v2\/posts\/198308\/revisions"}],"wp:featuredmedia":[{"embeddable":true,"href":"https:\/\/www.enerjigazetesi.ist\/en\/wp-json\/wp\/v2\/media\/198309"}],"wp:attachment":[{"href":"https:\/\/www.enerjigazetesi.ist\/en\/wp-json\/wp\/v2\/media?parent=198308"}],"wp:term":[{"taxonomy":"category","embeddable":true,"href":"https:\/\/www.enerjigazetesi.ist\/en\/wp-json\/wp\/v2\/categories?post=198308"},{"taxonomy":"post_tag","embeddable":true,"href":"https:\/\/www.enerjigazetesi.ist\/en\/wp-json\/wp\/v2\/tags?post=198308"}],"curies":[{"name":"wp","href":"https:\/\/api.w.org\/{rel}","templated":true}]}}