{"id":198293,"date":"2025-07-08T12:21:15","date_gmt":"2025-07-08T09:21:15","guid":{"rendered":"https:\/\/www.enerjigazetesi.ist\/?p=198293"},"modified":"2025-07-08T14:40:55","modified_gmt":"2025-07-08T11:40:55","slug":"elektrik-arizasi-onceden-tespit-edilecek","status":"publish","type":"post","link":"https:\/\/www.enerjigazetesi.ist\/en\/elektrik-arizasi-onceden-tespit-edilecek\/","title":{"rendered":"(Turkish) Elektrik Ar\u0131zas\u0131 \u00d6nceden Tespit Edilecek"},"content":{"rendered":"<p class=\"qtranxs-available-languages-message qtranxs-available-languages-message-en\">Sorry, this entry is only available in <a href=\"https:\/\/www.enerjigazetesi.ist\/tr\/wp-json\/wp\/v2\/posts\/198293\" class=\"qtranxs-available-language-link qtranxs-available-language-link-tr\" title=\"Turkish\">Turkish<\/a>. For the sake of viewer convenience, the content is shown below in the alternative language. You may click the link to switch the active language.<\/p><p><\/p>\n<h2>ELAZI\u011e, Bing\u00f6l, Malatya ve Tunceli illerinde yakla\u015f\u0131k 1.8 milyon n\u00fcfusa elektrik hizmeti veren F\u0131rat EDA\u015e, da\u011f\u0131t\u0131m sekt\u00f6r\u00fcnde yerli ve milli bir yapay zek\u00e2 platformu geli\u015ftirilmesi i\u00e7in EnergyMind Projesi\u2019ni ba\u015flatt\u0131.<\/h2>\n<p><a href=\"https:\/\/www.enerjigazetesi.ist\/wp-content\/uploads\/2025\/07\/68605206e311d0f37f68a8cb.webp\"><img loading=\"lazy\" class=\"aligncenter wp-image-198294\" src=\"https:\/\/www.enerjigazetesi.ist\/wp-content\/uploads\/2025\/07\/68605206e311d0f37f68a8cb.webp\" alt=\"\" width=\"550\" height=\"309\" srcset=\"https:\/\/www.enerjigazetesi.ist\/wp-content\/uploads\/2025\/07\/68605206e311d0f37f68a8cb.webp 750w, https:\/\/www.enerjigazetesi.ist\/wp-content\/uploads\/2025\/07\/68605206e311d0f37f68a8cb-300x169.webp 300w, https:\/\/www.enerjigazetesi.ist\/wp-content\/uploads\/2025\/07\/68605206e311d0f37f68a8cb-500x281.webp 500w, https:\/\/www.enerjigazetesi.ist\/wp-content\/uploads\/2025\/07\/68605206e311d0f37f68a8cb-80x45.webp 80w\" sizes=\"(max-width: 550px) 100vw, 550px\" \/><\/a><\/p>\n<p>Proje, elektrik ar\u0131zalar\u0131n\u0131 \u00f6nceden tahmin etmeyi hedefliyor. <strong>F\u0131rat EDA\u015e M\u00fcd\u00fcr\u00fc M\u00fcjdat \u00c7elik,<\/strong> <em>\u201c\u0130nsanlar\u0131n kesintiye tahamm\u00fcl\u00fc olmad\u0131\u011f\u0131 i\u00e7in ar\u0131zalar\u0131 yapay zek\u00e2 y\u00f6ntemi ile \u00f6nceden tahmin edip ekiplerin olas\u0131 ar\u0131zalara y\u00f6nlenmesini temin etmeye \u00e7al\u0131\u015faca\u011f\u0131z. B\u00f6ylelikle plans\u0131z kesintilerin \u00f6n\u00fcne ge\u00e7ebilece\u011fiz\u201d<\/em> dedi.<\/p>\n<h3><strong>YERL\u0130 KAYNAKLAR DEVREDE<\/strong><\/h3>\n<p>Elektrik Da\u011f\u0131t\u0131m Hizmetleri Derne\u011fi\u2019nin (ELDER) organize etti\u011fi saha gezisinde F\u0131rat EDA\u015e yetkilileri bas\u0131n mensuplar\u0131na \u00e7al\u0131\u015fmalar\u0131n\u0131 anlatt\u0131. F\u0131rat EDA\u015e M\u00fcd\u00fcr\u00fc M\u00fcjdat \u00c7elik, dijital d\u00f6n\u00fc\u015f\u00fcme \u00f6nem veren bir \u015firket olduklar\u0131n\u0131, bir\u00e7ok Ar-Ge projesi y\u00fcr\u00fctt\u00fcklerini belirterek, yerli ve milli bir yapay zek\u00e2 platformu geli\u015ftirme projesinin de bunlar aras\u0131nda yer ald\u0131\u011f\u0131n\u0131 vurgulad\u0131. \u00c7elik, EnergyMind ad\u0131 verilen proje hakk\u0131nda <em>\u201cEnergy Mind Projesi ile beraber da\u011f\u0131t\u0131m sistemindeki t\u00fcm envanter ve \u015febeke unsurlar\u0131n\u0131 analiz edip tamam\u0131yla kendi kaynaklar\u0131m\u0131zla ar\u0131zalar\u0131 \u00f6nceden tahmin edip olas\u0131 ar\u0131za senaryolar\u0131na kar\u015f\u0131 \u00f6nlem alaca\u011f\u0131z\u201d<\/em> ifadelerini kulland\u0131. Saha gezisinde ar\u0131za y\u00f6netim sistemine d\u00fc\u015fen Elaz\u0131\u011f\u2019\u0131n G\u00fcm\u00fc\u015fba\u011flar K\u00f6y\u00fc\u2019ndeki elektrik ar\u0131zas\u0131na m\u00fcdahale sim\u00fclasyonunu da izleme f\u0131rsat\u0131 bulduk.\u00a0F\u0131rat EDA\u015e\u00a0M\u00fcd\u00fcr\u00fc \u00c7elik, m\u00fcdahale s\u00fcreci \u015f\u00f6yle anlatt\u0131: <em>\u201c\u00d6rnek ar\u0131za senaryosunda elektrik\u00a0da\u011f\u0131t\u0131m\u00a0\u015febekesine ba\u011fl\u0131 olan abonenin ba\u011flant\u0131 hatt\u0131nda bir oksitlenme olu\u015ftu. B\u00f6yle bir proje \u015fu anda elimizde olsayd\u0131 o abonenin ar\u0131zas\u0131n\u0131 \u00f6nceden tespit edip, kesintiye u\u011framadan m\u00fcdahale edecektik. Bunun sonucunda t\u00fcketicimiz, \u00e7a\u011fr\u0131 merkezini aramam\u0131\u015f olacakt\u0131. Ekiplerimiz i\u00e7in ula\u015f\u0131m ve zaman kayb\u0131 olmayacakt\u0131. Bizim buradaki amac\u0131m\u0131z art\u0131k sistemler \u00fczerinden y\u00f6netmek, otomatikle\u015ftirmek ve insan kayna\u011f\u0131n\u0131 da daha stratejik y\u00f6nlendirmek\u201d<\/em> diye konu\u015ftu.<\/p>\n<h3><strong>36 AYDA TAMAMLANACAK<\/strong><\/h3>\n<p>Elder Genel Sekreteri Fakir H\u00fcseyin Erdo\u011fan da EnergyMind projesinin sekt\u00f6r a\u00e7\u0131s\u0131ndan \u00f6nemine dikkati \u00e7ekti. Erdo\u011fan, <em>\u201cProjenin resmi a\u00e7\u0131l\u0131\u015f\u0131 ge\u00e7en hafta yap\u0131ld\u0131. 36 ayda tamamlanmas\u0131 bekleniyor. Bu bir Ar-Ge projesi.\u202fBu proje ba\u015far\u0131l\u0131 olduktan sonra bunun bir de yayg\u0131nla\u015ft\u0131rma a\u015famas\u0131 gelecek\u201d<\/em> dedi.<\/p>\n<p>Yay\u0131na Alan: Alperen ERTA\u015e-<a href=\"http:\/\/alperen.ertas@enerjigazetesi.ist\">alperen.ertas@enerjigazetesi.ist<\/a><\/p>","protected":false},"excerpt":{"rendered":"<p>Sorry, this entry is only available in Turkish. For the sake of viewer convenience, the content is shown below in the alternative language. You may click the link to switch the active language. ELAZI\u011e, Bing\u00f6l, Malatya ve Tunceli illerinde yakla\u015f\u0131k 1.8 milyon n\u00fcfusa elektrik hizmeti veren F\u0131rat EDA\u015e, da\u011f\u0131t\u0131m sekt\u00f6r\u00fcnde yerli ve milli bir yapay [&hellip;]<\/p>\n","protected":false},"author":19,"featured_media":198306,"comment_status":"open","ping_status":"open","sticky":false,"template":"","format":"standard","meta":[],"categories":[51,53],"tags":[61,116896,67,52939],"views":27,"_links":{"self":[{"href":"https:\/\/www.enerjigazetesi.ist\/en\/wp-json\/wp\/v2\/posts\/198293"}],"collection":[{"href":"https:\/\/www.enerjigazetesi.ist\/en\/wp-json\/wp\/v2\/posts"}],"about":[{"href":"https:\/\/www.enerjigazetesi.ist\/en\/wp-json\/wp\/v2\/types\/post"}],"author":[{"embeddable":true,"href":"https:\/\/www.enerjigazetesi.ist\/en\/wp-json\/wp\/v2\/users\/19"}],"replies":[{"embeddable":true,"href":"https:\/\/www.enerjigazetesi.ist\/en\/wp-json\/wp\/v2\/comments?post=198293"}],"version-history":[{"count":0,"href":"https:\/\/www.enerjigazetesi.ist\/en\/wp-json\/wp\/v2\/posts\/198293\/revisions"}],"wp:featuredmedia":[{"embeddable":true,"href":"https:\/\/www.enerjigazetesi.ist\/en\/wp-json\/wp\/v2\/media\/198306"}],"wp:attachment":[{"href":"https:\/\/www.enerjigazetesi.ist\/en\/wp-json\/wp\/v2\/media?parent=198293"}],"wp:term":[{"taxonomy":"category","embeddable":true,"href":"https:\/\/www.enerjigazetesi.ist\/en\/wp-json\/wp\/v2\/categories?post=198293"},{"taxonomy":"post_tag","embeddable":true,"href":"https:\/\/www.enerjigazetesi.ist\/en\/wp-json\/wp\/v2\/tags?post=198293"}],"curies":[{"name":"wp","href":"https:\/\/api.w.org\/{rel}","templated":true}]}}