{"id":198255,"date":"2025-07-07T13:21:08","date_gmt":"2025-07-07T10:21:08","guid":{"rendered":"https:\/\/www.enerjigazetesi.ist\/?p=198255"},"modified":"2025-07-07T13:21:08","modified_gmt":"2025-07-07T10:21:08","slug":"sedastan-basiskeleye-315-milyon-tllik-dev-yatirim","status":"publish","type":"post","link":"https:\/\/www.enerjigazetesi.ist\/en\/sedastan-basiskeleye-315-milyon-tllik-dev-yatirim\/","title":{"rendered":"(Turkish) SEDA\u015e\u2019tan Ba\u015fiskele\u2019ye 315 Milyon TL\u2019lik Dev Yat\u0131r\u0131m"},"content":{"rendered":"<p class=\"qtranxs-available-languages-message qtranxs-available-languages-message-en\">Sorry, this entry is only available in <a href=\"https:\/\/www.enerjigazetesi.ist\/tr\/wp-json\/wp\/v2\/posts\/198255\" class=\"qtranxs-available-language-link qtranxs-available-language-link-tr\" title=\"Turkish\">Turkish<\/a>. For the sake of viewer convenience, the content is shown below in the alternative language. You may click the link to switch the active language.<\/p><p><\/p>\n<h2 class=\"v1v1MsoNormal\">SEDA\u015e, yakla\u015f\u0131k 600 milyon TL&#8217;lik yat\u0131r\u0131m ile Kocaeli&#8217;nin elektrik da\u011f\u0131t\u0131m altyap\u0131s\u0131n\u0131 modernize ederken, 2 milyon 250 bin aboneye kesintisiz ve kaliteli enerji hizmeti sunmay\u0131 s\u00fcrd\u00fcr\u00fcyor. 20 bin kilometrekarelik hizmet sahas\u0131nda toplam 3,9 milyon n\u00fcfusa elektrik sa\u011flayan SEDA\u015e, Kocaeli&#8217;ndeki yat\u0131r\u0131mlar\u0131n\u0131 her y\u0131l daha da art\u0131rarak s\u00fcrd\u00fcr\u00fclebilir bir enerji altyap\u0131s\u0131 olu\u015fturmay\u0131 hedefliyor.<\/h2>\n<p><img loading=\"lazy\" class=\"aligncenter wp-image-198256 size-full\" src=\"https:\/\/www.enerjigazetesi.ist\/wp-content\/uploads\/2025\/07\/2.jpg\" alt=\"\" width=\"550\" height=\"466\" srcset=\"https:\/\/www.enerjigazetesi.ist\/wp-content\/uploads\/2025\/07\/2.jpg 550w, https:\/\/www.enerjigazetesi.ist\/wp-content\/uploads\/2025\/07\/2-300x254.jpg 300w, https:\/\/www.enerjigazetesi.ist\/wp-content\/uploads\/2025\/07\/2-472x400.jpg 472w, https:\/\/www.enerjigazetesi.ist\/wp-content\/uploads\/2025\/07\/2-59x50.jpg 59w, https:\/\/www.enerjigazetesi.ist\/wp-content\/uploads\/2025\/07\/2-500x424.jpg 500w\" sizes=\"(max-width: 550px) 100vw, 550px\" \/><\/p>\n<h3 class=\"v1v1MsoNormal\"><strong>Stratejik yat\u0131r\u0131mlar ile g\u00fcvenilir ve kesintisiz enerji<\/strong><\/h3>\n<p class=\"v1v1MsoNormal\">Yat\u0131r\u0131mlar, il\u00e7elerdeki n\u00fcfus ve sanayi yo\u011funlu\u011funa ba\u011fl\u0131 olarak b\u00fcy\u00fcme beklentileri, yeni ba\u011flant\u0131 talepleri ve mevcut \u015febekenin yenileme ihtiyac\u0131 gibi bir\u00e7ok fakt\u00f6r dikkate al\u0131narak planland\u0131. Elektrik kesintilerini minimum seviyeye indirmek amac\u0131yla yap\u0131lan bu yat\u0131r\u0131mlarda, ayn\u0131 zamanda tesislerin yap\u0131laca\u011f\u0131 b\u00f6lgelerin co\u011frafi ve iklimsel \u00f6zellikleri, altyap\u0131 durumu ve \u015febekenin kesintisiz i\u015fletilebilirli\u011fi gibi teknik kriterler de g\u00f6z \u00f6n\u00fcnde bulunduruldu. T\u00fcm bu de\u011ferlendirmeler \u0131\u015f\u0131\u011f\u0131nda, sahaya \u00f6zel olarak beton direkli, demir direkli veya yer alt\u0131 \u015febeke \u00e7\u00f6z\u00fcmleri hayata ge\u00e7irildi.<\/p>\n<h3 class=\"v1v1MsoNormal\"><strong>Ba\u015fiskele&#8217;ye 10 ayr\u0131 proje ile 315 milyon TL&#8217;lik dev yat\u0131r\u0131m<\/strong><\/h3>\n<p class=\"v1v1MsoNormal\">SEDA\u015e&#8217;\u0131n Kocaeli b\u00f6lgesindeki yat\u0131r\u0131mlar\u0131n\u0131n en kapsaml\u0131 \u00f6rneklerinden biri Ba\u015fiskele il\u00e7esinde hayata ge\u00e7irildi. Toplam 10 ayr\u0131 projeyi kapsayan 315 milyon TL&#8217;lik yat\u0131r\u0131m kapsam\u0131nda il\u00e7eye; 2 ana da\u011f\u0131t\u0131m merkezi, 12 da\u011f\u0131t\u0131m merkezi, 19 trafo, 56 kilometre y\u00fcksek gerilim yer alt\u0131 hatt\u0131, 44 kilometre al\u00e7ak gerilim yer alt\u0131 hatt\u0131, 5 kilometre y\u00fcksek gerilim havai hatt\u0131 ve 26 kilometre al\u00e7ak gerilim havai hatt\u0131 kazand\u0131r\u0131l\u0131yor. Bu projelerle birlikte Ba\u015fiskele&#8217;deki elektrik da\u011f\u0131t\u0131m kalitesi \u00f6nemli \u00f6l\u00e7\u00fcde art\u0131r\u0131l\u0131rken, b\u00f6lgedeki enerji altyap\u0131s\u0131n\u0131n hem bug\u00fcnk\u00fc hem de gelecekteki ihtiya\u00e7lara cevap verecek \u015fekilde g\u00fc\u00e7lendirilmesi sa\u011flanacak.<\/p>\n<h3 class=\"v1v1MsoNormal\"><strong>Kamu yarar\u0131n\u0131 g\u00f6zeten, s\u00fcrd\u00fcr\u00fclebilir yat\u0131r\u0131mlar<\/strong><\/h3>\n<p class=\"v1v1MsoNormal\">SEDA\u015e, b\u00f6lgenin ihtiya\u00e7lar\u0131na en uygun \u015fekilde yan\u0131t verebilecek projeleri hayata ge\u00e7irirken kamu yarar\u0131n\u0131 \u00f6n planda tutuyor. T\u00fcm yat\u0131r\u0131mlar, mevzuata tam uyumlu bir \u015fekilde ve kaynaklar\u0131n etkin kullan\u0131m\u0131 g\u00f6zetilerek y\u00fcr\u00fct\u00fcl\u00fcyor. Bu yakla\u015f\u0131m do\u011frultusunda SEDA\u015e, enerji altyap\u0131s\u0131n\u0131 s\u00fcrekli geli\u015ftirerek b\u00f6lge halk\u0131na g\u00fcvenli, s\u00fcrd\u00fcr\u00fclebilir ve kesintisiz elektrik hizmeti sunmaya kararl\u0131l\u0131kla devam edecek.<\/p>\n<p>Yay\u0131na Alan: Alperen ERTA\u015e-<a href=\"http:\/\/alperen.ertas@enerjigazetesi.ist\">alperen.ertas@enerjigazetesi.ist<\/a><\/p>","protected":false},"excerpt":{"rendered":"<p>Sorry, this entry is only available in Turkish. For the sake of viewer convenience, the content is shown below in the alternative language. You may click the link to switch the active language. SEDA\u015e, yakla\u015f\u0131k 600 milyon TL&#8217;lik yat\u0131r\u0131m ile Kocaeli&#8217;nin elektrik da\u011f\u0131t\u0131m altyap\u0131s\u0131n\u0131 modernize ederken, 2 milyon 250 bin aboneye kesintisiz ve kaliteli enerji [&hellip;]<\/p>\n","protected":false},"author":19,"featured_media":198258,"comment_status":"open","ping_status":"open","sticky":false,"template":"","format":"standard","meta":[],"categories":[51,53],"tags":[61,67,116892,846],"views":30,"_links":{"self":[{"href":"https:\/\/www.enerjigazetesi.ist\/en\/wp-json\/wp\/v2\/posts\/198255"}],"collection":[{"href":"https:\/\/www.enerjigazetesi.ist\/en\/wp-json\/wp\/v2\/posts"}],"about":[{"href":"https:\/\/www.enerjigazetesi.ist\/en\/wp-json\/wp\/v2\/types\/post"}],"author":[{"embeddable":true,"href":"https:\/\/www.enerjigazetesi.ist\/en\/wp-json\/wp\/v2\/users\/19"}],"replies":[{"embeddable":true,"href":"https:\/\/www.enerjigazetesi.ist\/en\/wp-json\/wp\/v2\/comments?post=198255"}],"version-history":[{"count":0,"href":"https:\/\/www.enerjigazetesi.ist\/en\/wp-json\/wp\/v2\/posts\/198255\/revisions"}],"wp:featuredmedia":[{"embeddable":true,"href":"https:\/\/www.enerjigazetesi.ist\/en\/wp-json\/wp\/v2\/media\/198258"}],"wp:attachment":[{"href":"https:\/\/www.enerjigazetesi.ist\/en\/wp-json\/wp\/v2\/media?parent=198255"}],"wp:term":[{"taxonomy":"category","embeddable":true,"href":"https:\/\/www.enerjigazetesi.ist\/en\/wp-json\/wp\/v2\/categories?post=198255"},{"taxonomy":"post_tag","embeddable":true,"href":"https:\/\/www.enerjigazetesi.ist\/en\/wp-json\/wp\/v2\/tags?post=198255"}],"curies":[{"name":"wp","href":"https:\/\/api.w.org\/{rel}","templated":true}]}}