{"id":198157,"date":"2025-07-03T09:16:41","date_gmt":"2025-07-03T06:16:41","guid":{"rendered":"https:\/\/www.enerjigazetesi.ist\/?p=198157"},"modified":"2025-07-03T09:16:41","modified_gmt":"2025-07-03T06:16:41","slug":"turkiye-ve-bulgaristan-nukleer-enerjide-guclerini-birlestirdi","status":"publish","type":"post","link":"https:\/\/www.enerjigazetesi.ist\/en\/turkiye-ve-bulgaristan-nukleer-enerjide-guclerini-birlestirdi\/","title":{"rendered":"(Turkish) T\u00fcrkiye ve Bulgaristan N\u00fckleer Enerjide G\u00fc\u00e7lerini Birle\u015ftirdi"},"content":{"rendered":"<p class=\"qtranxs-available-languages-message qtranxs-available-languages-message-en\">Sorry, this entry is only available in <a href=\"https:\/\/www.enerjigazetesi.ist\/tr\/wp-json\/wp\/v2\/posts\/198157\" class=\"qtranxs-available-language-link qtranxs-available-language-link-tr\" title=\"Turkish\">Turkish<\/a>. For the sake of viewer convenience, the content is shown below in the alternative language. You may click the link to switch the active language.<\/p><p><\/p>\n<h2>N\u00fckleer Sanayi Derne\u011fi (NSD) ile Bulgar Atom Forumu (BULATOM), 1-2 Temmuz 2025 tarihlerinde d\u00fczenlenen 11. N\u00fckleer Santraller Zirvesi &#8211; NPPES\u2019te n\u00fckleer enerji alan\u0131nda bir iyi niyet anla\u015fmas\u0131 imzalad\u0131. Bu anla\u015fma, T\u00fcrkiye ve Bulgaristan aras\u0131nda n\u00fckleer enerji alan\u0131nda yeni ortakl\u0131klar\u0131n \u00f6n\u00fcn\u00fc a\u00e7arken, ayn\u0131 zamanda b\u00f6lgesel enerji i\u015f birlikleri i\u00e7in de stratejik bir ad\u0131m niteli\u011fi ta\u015f\u0131yor.<\/h2>\n<p><img loading=\"lazy\" class=\"aligncenter wp-image-198158 size-full\" src=\"https:\/\/www.enerjigazetesi.ist\/wp-content\/uploads\/2025\/07\/1751449838_nppes_alikaan_ciftci_peter_manchev_2.jpg\" alt=\"\" width=\"550\" height=\"367\" srcset=\"https:\/\/www.enerjigazetesi.ist\/wp-content\/uploads\/2025\/07\/1751449838_nppes_alikaan_ciftci_peter_manchev_2.jpg 550w, https:\/\/www.enerjigazetesi.ist\/wp-content\/uploads\/2025\/07\/1751449838_nppes_alikaan_ciftci_peter_manchev_2-300x200.jpg 300w, https:\/\/www.enerjigazetesi.ist\/wp-content\/uploads\/2025\/07\/1751449838_nppes_alikaan_ciftci_peter_manchev_2-500x334.jpg 500w, https:\/\/www.enerjigazetesi.ist\/wp-content\/uploads\/2025\/07\/1751449838_nppes_alikaan_ciftci_peter_manchev_2-75x50.jpg 75w, https:\/\/www.enerjigazetesi.ist\/wp-content\/uploads\/2025\/07\/1751449838_nppes_alikaan_ciftci_peter_manchev_2-450x300.jpg 450w\" sizes=\"(max-width: 550px) 100vw, 550px\" \/><\/p>\n<h3><strong>\u0130\u015f birlikleri i\u00e7in yeni f\u0131rsatlar kap\u0131da<\/strong><\/h3>\n<p>Bu iyi niyet anla\u015fmas\u0131; bilgi ve deneyim payla\u015f\u0131m\u0131, teknik i\u015f birlikleri ve ortak projelerin hayata ge\u00e7irilmesi gibi alanlarda \u00fclkeler aras\u0131 diyalo\u011fu art\u0131rmay\u0131 hedefliyor. T\u00fcrkiye ve Bulgaristan\u2019\u0131n \u00f6nde gelen sekt\u00f6rel kurulu\u015flar\u0131 aras\u0131nda kurulan bu k\u00f6pr\u00fc, n\u00fckleer enerji \u00f6zelinde b\u00f6lgesel bir sinerji yaratmay\u0131 ama\u00e7l\u0131yor. E\u011fitim, insan kayna\u011f\u0131 geli\u015ftirme ve teknoloji payla\u015f\u0131m\u0131 gibi alanlarda ortak projeler g\u00fcndemde. \u0130mza t\u00f6renine NSD Ba\u015fkan\u0131 Alikaan \u00c7ift\u00e7i ile BULATOM Y\u00f6netim Kurulu \u00dcyesi Petar Manchev kat\u0131ld\u0131.<\/p>\n<h3><strong>B\u00f6lgesel a\u00e7\u0131l\u0131m\u0131m\u0131z\u0131 g\u00fc\u00e7lendiriyoruz<\/strong><\/h3>\n<p><strong>N\u00fckleer Sanayi Derne\u011fi Ba\u015fkan\u0131 Alikaan \u00c7ift\u00e7i<\/strong>: <em>\u201cKom\u015fumuz Bulgaristan ile n\u00fckleer enerji gibi stratejik bir alanda kurdu\u011fumuz bu i\u015f birli\u011fi, yaln\u0131zca \u00fclkeler aras\u0131 ili\u015fkileri de\u011fil, ayn\u0131 zamanda b\u00f6lgesel enerji entegrasyonunu da g\u00fc\u00e7lendirecek. Bulgaristan da t\u0131pk\u0131 T\u00fcrkiye gibi, enerji arz g\u00fcvenli\u011fini art\u0131rmak, d\u0131\u015fa ba\u011f\u0131ml\u0131l\u0131\u011f\u0131 azaltmak ve karbon emisyonlar\u0131n\u0131 d\u00fc\u015f\u00fcrmek amac\u0131yla n\u00fckleer enerjiyi stratejik bir konuma yerle\u015ftiriyor. \u00d6zellikle k\u00fc\u00e7\u00fck mod\u00fcler reakt\u00f6rler (SMR) alan\u0131nda hedefledi\u011fi yat\u0131r\u0131mlar, T\u00fcrkiye\u2019nin bu alandaki yat\u0131r\u0131m vizyonuyla da \u00f6nemli \u00f6l\u00e7\u00fcde \u00f6rt\u00fc\u015f\u00fcyor. Bu do\u011frultuda, i\u015f birliklerimizin ortak projelere d\u00f6n\u00fc\u015fmesini ve b\u00f6lgemizde s\u00fcrd\u00fcr\u00fclebilir kalk\u0131nmaya katk\u0131 sa\u011flayacak somut ad\u0131mlar at\u0131lmas\u0131n\u0131 son derece k\u0131ymetli buluyoruz\u201d<\/em> diye konu\u015ftu.<\/p>\n<h3><strong>Bu i\u015f birli\u011fi b\u00f6lgesel bir model olu\u015fturabilir<\/strong><\/h3>\n<p><strong>BULATOM Y\u00f6netim Kurulu \u00dcyesi Petar Manchev<\/strong> ise anla\u015fman\u0131n sadece iki \u00fclke aras\u0131nda de\u011fil, b\u00f6lge genelinde n\u00fckleer i\u015f birliklerine katk\u0131 sa\u011flayaca\u011f\u0131n\u0131 vurgulayarak s\u00f6zlerine \u015f\u00f6yle devam etti: <em>\u201cT\u00fcrkiye N\u00fckleer Sanayi Derne\u011fi ile yapt\u0131\u011f\u0131m\u0131z iyi niyet anla\u015fmas\u0131, iki \u00fclkenin sanayicilerinin i\u015f birli\u011fi yapabilecekleri f\u0131rsat ve projeleri belirleme imkan\u0131 sunuyor. Avrupa ile Asya aras\u0131nda bir k\u00f6pr\u00fc olan b\u00f6lgemizin, s\u00fcrd\u00fcr\u00fclebilir ve temiz enerji d\u00f6n\u00fc\u015f\u00fcm\u00fcnde n\u00fckleer enerjinin stratejik rol\u00fcne inan\u0131yoruz. T\u00fcrkiye ile ortak projeler geli\u015ftirerek sadece kendi \u00fclkelerimize de\u011fil kom\u015fu \u00fclkelere de \u00f6rnek te\u015fkil edecek modeller olu\u015fturabiliriz. N\u00fckleer Santraller Zirvesi\u2019ne de \u00fcyelerimizle birlikte kat\u0131larak T\u00fcrk n\u00fckleer sanayi temsilcileriyle bir araya geldik. Zirve\u2019de kurdu\u011fumuz ba\u011flant\u0131lar, bu alanda somut ad\u0131mlar atmam\u0131z i\u00e7in \u00f6nemli bir f\u0131rsat olacak.\u201d<\/em> dedi.<\/p>\n<h3><strong>NPPES ASO ve NSD taraf\u0131ndan d\u00fczenleniyor<\/strong><\/h3>\n<p>T\u00fcrkiye\u2019nin ilk ve tek n\u00fckleer enerji etkinli\u011fi, 11. N\u00fckleer Santraller Zirvesi, Enerji ve Tabii Kaynaklar Bakanl\u0131\u011f\u0131\u2019n\u0131n destekleriyle Ankara\u00a0Sanayi\u00a0Odas\u0131 (ASO) ve\u00a0N\u00fckleer\u00a0Sanayi\u00a0Derne\u011fi\u00a0(NSD) taraf\u0131ndan d\u00fczenleniyor.<\/p>\n<p>Yay\u0131na Alan: Alperen ERTA\u015e-<a href=\"http:\/\/alperen.ertas@enerjigazetesi.ist\">alperen.ertas@enerjigazetesi.ist<\/a><\/p>","protected":false},"excerpt":{"rendered":"<p>Sorry, this entry is only available in Turkish. For the sake of viewer convenience, the content is shown below in the alternative language. You may click the link to switch the active language. N\u00fckleer Sanayi Derne\u011fi (NSD) ile Bulgar Atom Forumu (BULATOM), 1-2 Temmuz 2025 tarihlerinde d\u00fczenlenen 11. N\u00fckleer Santraller Zirvesi &#8211; NPPES\u2019te n\u00fckleer enerji [&hellip;]<\/p>\n","protected":false},"author":19,"featured_media":198159,"comment_status":"open","ping_status":"open","sticky":false,"template":"","format":"standard","meta":[],"categories":[53,43],"tags":[116873,67,21,31896],"views":21,"_links":{"self":[{"href":"https:\/\/www.enerjigazetesi.ist\/en\/wp-json\/wp\/v2\/posts\/198157"}],"collection":[{"href":"https:\/\/www.enerjigazetesi.ist\/en\/wp-json\/wp\/v2\/posts"}],"about":[{"href":"https:\/\/www.enerjigazetesi.ist\/en\/wp-json\/wp\/v2\/types\/post"}],"author":[{"embeddable":true,"href":"https:\/\/www.enerjigazetesi.ist\/en\/wp-json\/wp\/v2\/users\/19"}],"replies":[{"embeddable":true,"href":"https:\/\/www.enerjigazetesi.ist\/en\/wp-json\/wp\/v2\/comments?post=198157"}],"version-history":[{"count":0,"href":"https:\/\/www.enerjigazetesi.ist\/en\/wp-json\/wp\/v2\/posts\/198157\/revisions"}],"wp:featuredmedia":[{"embeddable":true,"href":"https:\/\/www.enerjigazetesi.ist\/en\/wp-json\/wp\/v2\/media\/198159"}],"wp:attachment":[{"href":"https:\/\/www.enerjigazetesi.ist\/en\/wp-json\/wp\/v2\/media?parent=198157"}],"wp:term":[{"taxonomy":"category","embeddable":true,"href":"https:\/\/www.enerjigazetesi.ist\/en\/wp-json\/wp\/v2\/categories?post=198157"},{"taxonomy":"post_tag","embeddable":true,"href":"https:\/\/www.enerjigazetesi.ist\/en\/wp-json\/wp\/v2\/tags?post=198157"}],"curies":[{"name":"wp","href":"https:\/\/api.w.org\/{rel}","templated":true}]}}