{"id":198135,"date":"2025-07-03T08:52:41","date_gmt":"2025-07-03T05:52:41","guid":{"rendered":"https:\/\/www.enerjigazetesi.ist\/?p=198135"},"modified":"2025-07-03T08:52:41","modified_gmt":"2025-07-03T05:52:41","slug":"14-turek-ve-iv-azerbaycan-turkiye-enerji-forumu-es-zamanli-yapilacak","status":"publish","type":"post","link":"https:\/\/www.enerjigazetesi.ist\/en\/14-turek-ve-iv-azerbaycan-turkiye-enerji-forumu-es-zamanli-yapilacak\/","title":{"rendered":"(Turkish) 14.T\u00dcREK ve IV. Azerbaycan T\u00fcrkiye Enerji Forumu E\u015f Zamanl\u0131 Yap\u0131lacak"},"content":{"rendered":"<p class=\"qtranxs-available-languages-message qtranxs-available-languages-message-en\">Sorry, this entry is only available in <a href=\"https:\/\/www.enerjigazetesi.ist\/tr\/wp-json\/wp\/v2\/posts\/198135\" class=\"qtranxs-available-language-link qtranxs-available-language-link-tr\" title=\"Turkish\">Turkish<\/a>. For the sake of viewer convenience, the content is shown below in the alternative language. You may click the link to switch the active language.<\/p><p><\/p>\n<h2><strong>T\u00fcrkiye\u2019nin en b\u00fcy\u00fck ve en kapsaml\u0131 r\u00fczgar enerjisi organizasyonu olan T\u00fcrkiye R\u00fczgar Enerjisi Kongresi (T\u00dcREK), 4-5 Eyl\u00fcl 2025 tarihlerinde \u0130zmir Hyatt Regency \u0130stinyepark\u2019ta d\u00fczenlenecek. \u00a0Bu y\u0131l IV. Azerbaycan T\u00fcrkiye Enerji Forumu ile birlikte d\u00fczenlenecek olan T\u00dcREK, 3 binden fazla ulusal ve uluslararas\u0131 sekt\u00f6r profesyonelini bir araya getirecek. Son d\u00f6nemde ya\u015fanan uluslararas\u0131 geli\u015fmeler do\u011frultusunda bu y\u0131l \u0130zmir\u2019de e\u015f zamanl\u0131 d\u00fczenlenecek T\u00dcREK \u2013 Azerbaycan Enerji Forumu kapsam\u0131nda yap\u0131lacak g\u00f6r\u00fc\u015fmeler daha da \u00f6nem arz ediyor. \u00a0T\u00fcrkiye ve Azerbaycan&#8217;\u0131n enerji alan\u0131ndaki kamu ve \u00f6zel sekt\u00f6r kurulu\u015flar\u0131 taraf\u0131ndan sunumlar ve i\u015f g\u00f6r\u00fc\u015fmeleri yap\u0131lacak, uluslararas\u0131 karar vericiler ve sekt\u00f6r profesyonelleri bir araya gelecek\u2026<\/strong><\/h2>\n<p><img loading=\"lazy\" class=\"aligncenter wp-image-198145\" src=\"https:\/\/www.enerjigazetesi.ist\/wp-content\/uploads\/2025\/07\/1751444189_T__REK_2025_AF____.jpg\" alt=\"\" width=\"550\" height=\"632\" srcset=\"https:\/\/www.enerjigazetesi.ist\/wp-content\/uploads\/2025\/07\/1751444189_T__REK_2025_AF____.jpg 418w, https:\/\/www.enerjigazetesi.ist\/wp-content\/uploads\/2025\/07\/1751444189_T__REK_2025_AF____-261x300.jpg 261w, https:\/\/www.enerjigazetesi.ist\/wp-content\/uploads\/2025\/07\/1751444189_T__REK_2025_AF____-348x400.jpg 348w, https:\/\/www.enerjigazetesi.ist\/wp-content\/uploads\/2025\/07\/1751444189_T__REK_2025_AF____-44x50.jpg 44w\" sizes=\"(max-width: 550px) 100vw, 550px\" \/><\/p>\n<p>&nbsp;<\/p>\n<p>&nbsp;<\/p>\n<p>&nbsp;<\/p>\n<p>&nbsp;<\/p>\n<p>&nbsp;<\/p>\n<p>&nbsp;<\/p>\n<p>Bu y\u0131l 14.kez d\u00fczenlenecek olan T\u00dcREK kapsam\u0131nda; sekt\u00f6r isti\u015fare toplant\u0131lar\u0131, teknik geziler, teknik oturumlar, uluslararas\u0131 temaslar, sergi alan\u0131 ve standlar, tedarik\u00e7i-yat\u0131r\u0131mc\u0131 B2B g\u00f6r\u00fc\u015fmeler yer alacak. Avrupa ba\u015fta olmak \u00fczere d\u00fcnyan\u0131n r\u00fczgar alan\u0131nda \u00f6ne \u00e7\u0131kan di\u011fer b\u00f6lgelerinden de uzmanlar\u0131n, payda\u015flar\u0131n, politika yap\u0131c\u0131lar\u0131n ve akademisyenlerin kat\u0131l\u0131m\u0131yla sekt\u00f6rdeki mevcut ve gelecekteki geli\u015fmelere \u0131\u015f\u0131k tutacak. H\u0131zla b\u00fcy\u00fcyen r\u00fczgar enerjisi yat\u0131r\u0131mlar\u0131 ve sanayii ile Avrupa ve d\u00fcnyada r\u00fczgar enerjisi ekosisteminin \u00f6nde gelen \u00fclkeleri aras\u0131nda yer alan T\u00fcrkiye, r\u00fczgar enerjisi alan\u0131ndaki iddias\u0131n\u0131 ve potansiyelini\u00a0<strong>WindEurope Annual Event 2028 etkinli\u011fine \u0130stanbul\u2019da ev sahipli\u011fi yaparak<\/strong>\u00a0g\u00fc\u00e7lendirmeyi hedefliyor. Bu adayl\u0131k, T\u00fcrkiye\u2019nin r\u00fczgar enerjisi sekt\u00f6r\u00fcndeki g\u00fc\u00e7l\u00fc konumunu uluslararas\u0131 arenada sergilemek, yenilenebilir enerjiye y\u00f6nelik inovasyon ve i\u015f birli\u011fini art\u0131rmak i\u00e7in \u00f6nemli bir f\u0131rsat.\u00a0<strong>T\u00dcREK, bu adayl\u0131k s\u00fcreci kapsam\u0131nda \u00fclkemizin potansiyelini g\u00f6stermek i\u00e7in de \u00f6nemli bir zemin olu\u015fturuyor. <\/strong>T\u00dcREK 2025 oturumlar\u0131, sekt\u00f6r\u00fcn \u00f6nde gelen uzmanlar\u0131 ve kanaat \u00f6nderleri taraf\u0131ndan y\u00f6netilecek. Oturumlarda; r\u00fczgar enerjisi sekt\u00f6r\u00fcndeki son teknolojik geli\u015fmeler, yat\u0131r\u0131m f\u0131rsatlar\u0131, s\u00fcrd\u00fcr\u00fclebilirlik konular\u0131 ele al\u0131nacak. R\u00fczgar enerjisi sekt\u00f6r\u00fcndeki en son teknolojik geli\u015fmeler, yenilik\u00e7i stratejiler ve gelecek projeksiyonlar\u0131 de\u011ferlendirilecek.<\/p>\n<p>Yay\u0131na Alan: Alperen ERTA\u015e-<a href=\"http:\/\/alperen.ertas@enerjigazetesi.ist\">alperen.ertas@enerjigazetesi.ist<\/a><\/p>","protected":false},"excerpt":{"rendered":"<p>Sorry, this entry is only available in Turkish. For the sake of viewer convenience, the content is shown below in the alternative language. You may click the link to switch the active language. T\u00fcrkiye\u2019nin en b\u00fcy\u00fck ve en kapsaml\u0131 r\u00fczgar enerjisi organizasyonu olan T\u00fcrkiye R\u00fczgar Enerjisi Kongresi (T\u00dcREK), 4-5 Eyl\u00fcl 2025 tarihlerinde \u0130zmir Hyatt Regency [&hellip;]<\/p>\n","protected":false},"author":19,"featured_media":198137,"comment_status":"open","ping_status":"open","sticky":false,"template":"","format":"standard","meta":[],"categories":[53,50],"tags":[116870,116871,67,16],"views":11,"_links":{"self":[{"href":"https:\/\/www.enerjigazetesi.ist\/en\/wp-json\/wp\/v2\/posts\/198135"}],"collection":[{"href":"https:\/\/www.enerjigazetesi.ist\/en\/wp-json\/wp\/v2\/posts"}],"about":[{"href":"https:\/\/www.enerjigazetesi.ist\/en\/wp-json\/wp\/v2\/types\/post"}],"author":[{"embeddable":true,"href":"https:\/\/www.enerjigazetesi.ist\/en\/wp-json\/wp\/v2\/users\/19"}],"replies":[{"embeddable":true,"href":"https:\/\/www.enerjigazetesi.ist\/en\/wp-json\/wp\/v2\/comments?post=198135"}],"version-history":[{"count":0,"href":"https:\/\/www.enerjigazetesi.ist\/en\/wp-json\/wp\/v2\/posts\/198135\/revisions"}],"wp:featuredmedia":[{"embeddable":true,"href":"https:\/\/www.enerjigazetesi.ist\/en\/wp-json\/wp\/v2\/media\/198137"}],"wp:attachment":[{"href":"https:\/\/www.enerjigazetesi.ist\/en\/wp-json\/wp\/v2\/media?parent=198135"}],"wp:term":[{"taxonomy":"category","embeddable":true,"href":"https:\/\/www.enerjigazetesi.ist\/en\/wp-json\/wp\/v2\/categories?post=198135"},{"taxonomy":"post_tag","embeddable":true,"href":"https:\/\/www.enerjigazetesi.ist\/en\/wp-json\/wp\/v2\/tags?post=198135"}],"curies":[{"name":"wp","href":"https:\/\/api.w.org\/{rel}","templated":true}]}}