{"id":198088,"date":"2025-07-02T12:01:04","date_gmt":"2025-07-02T09:01:04","guid":{"rendered":"https:\/\/www.enerjigazetesi.ist\/?p=198088"},"modified":"2025-07-02T12:01:04","modified_gmt":"2025-07-02T09:01:04","slug":"vasi-philomin-siemenste-endustriyel-inovasyonu-sekillendirecek","status":"publish","type":"post","link":"https:\/\/www.enerjigazetesi.ist\/en\/vasi-philomin-siemenste-endustriyel-inovasyonu-sekillendirecek\/","title":{"rendered":"(Turkish) Vasi Philomin, Siemens&#8217;te End\u00fcstriyel \u0130novasyonu \u015eekillendirecek"},"content":{"rendered":"<p class=\"qtranxs-available-languages-message qtranxs-available-languages-message-en\">Sorry, this entry is only available in <a href=\"https:\/\/www.enerjigazetesi.ist\/tr\/wp-json\/wp\/v2\/posts\/198088\" class=\"qtranxs-available-language-link qtranxs-available-language-link-tr\" title=\"Turkish\">Turkish<\/a>. For the sake of viewer convenience, the content is shown below in the alternative language. You may click the link to switch the active language.<\/p><p><\/p>\n<h2><strong>Siemens, end\u00fcstriyel yapay zeka alan\u0131ndaki liderli\u011fini daha da g\u00fc\u00e7lendirecek stratejik bir atama ger\u00e7ekle\u015ftirdi. Yapay zekan\u0131n k\u00fcresel \u00f6l\u00e7ekteki \u00f6nc\u00fc isimlerinden Vasi Philomin, 1 Temmuz 2025 itibar\u0131yla Siemens b\u00fcnyesinde g\u00f6reve ba\u015flayacak. Philomin, Siemens Y\u00f6netim Kurulu \u00dcyesi ve ayn\u0131 zamanda Teknoloji ve Strateji Ba\u015fkan\u0131 olan Peter Koerte\u2019ye ba\u011fl\u0131 olarak \u00e7al\u0131\u015facak. Bu \u00f6nemli transfer, Siemens\u2019in end\u00fcstriyel yapay zekay\u0131 \u00f6l\u00e7eklendirme ve inovasyonu h\u0131zland\u0131rma hedefinin g\u00fc\u00e7l\u00fc bir g\u00f6stergesi olarak \u00f6ne \u00e7\u0131k\u0131yor.<\/strong><\/h2>\n<p><img loading=\"lazy\" class=\"aligncenter wp-image-198089 size-full\" title=\"Vasi Philomin\" src=\"https:\/\/www.enerjigazetesi.ist\/wp-content\/uploads\/2025\/07\/1751372924_VasiPhilomin.jpg\" alt=\"Vasi Philomin\" width=\"550\" height=\"367\" srcset=\"https:\/\/www.enerjigazetesi.ist\/wp-content\/uploads\/2025\/07\/1751372924_VasiPhilomin.jpg 550w, https:\/\/www.enerjigazetesi.ist\/wp-content\/uploads\/2025\/07\/1751372924_VasiPhilomin-300x200.jpg 300w, https:\/\/www.enerjigazetesi.ist\/wp-content\/uploads\/2025\/07\/1751372924_VasiPhilomin-500x334.jpg 500w, https:\/\/www.enerjigazetesi.ist\/wp-content\/uploads\/2025\/07\/1751372924_VasiPhilomin-75x50.jpg 75w, https:\/\/www.enerjigazetesi.ist\/wp-content\/uploads\/2025\/07\/1751372924_VasiPhilomin-450x300.jpg 450w\" sizes=\"(max-width: 550px) 100vw, 550px\" \/><\/p>\n<p><strong>\u00a0Vasi Philomin,<\/strong> 1 Temmuz 2025 tarihinden itibaren ge\u00e7erli olmak \u00fczere Ba\u015fkan Yard\u0131mc\u0131s\u0131 ve Veri ve Yapay Zeka Direkt\u00f6r\u00fc olarak atand\u0131. Philomin yeni g\u00f6revinde, m\u00fc\u015fteriler i\u00e7in katma de\u011fer yaratmak \u00fczere Siemens&#8217;in kapsaml\u0131 yapay zeka portf\u00f6y\u00fcn\u00fcn geli\u015fimini ve b\u00fcy\u00fcmesini daha da h\u0131zland\u0131racak. Siemens, \u015fu anda aralar\u0131nda \u00f6d\u00fcll\u00fc Industrial Copilot&#8217;un da bulundu\u011fu 35 uygulamay\u0131 i\u00e7eren yapay zeka destekli \u00fcr\u00fcnlerini h\u0131zla \u00f6l\u00e7eklendiriyor ve geni\u015fletiyor. \u015eirket, Philomin&#8217;in liderli\u011finde m\u00fc\u015fteriler i\u00e7in end\u00fcstriyel d\u00fczeyde yapay zeka olanaklar\u0131 sunan, g\u00fcvenli, emniyetli ve g\u00fcvenilir olacak \u015fekilde tasarlanm\u0131\u015f, end\u00fcstriyel bir temel modelin geli\u015ftirilmesine de \u00f6nc\u00fcl\u00fck edecek. Philomin do\u011frudan Siemens AG Y\u00f6netim Kurulu \u00dcyesi, Teknoloji ve Strateji Ba\u015fkan\u0131 Peter Koerte&#8217;ye ba\u011fl\u0131 olarak g\u00f6rev yapacak. Philomin, Siemens&#8217;e kat\u0131lmadan \u00f6nce Amazon\u2019da Amazon Web Services (AWS) yapay zeka \u00fcr\u00fcn stratejisine y\u00f6n veren \u00dcretken Yapay Zeka Ba\u015fkan Yard\u0131mc\u0131s\u0131 olarak g\u00f6rev yapmaktayd\u0131. Amazon&#8217;da, Amazon Bedrock&#8217;un olu\u015fturulmas\u0131nda ve temel model geli\u015ftirme s\u00fcre\u00e7lerinin denetlenmesinde etkin rol oynam\u0131\u015ft\u0131. Philomin\u2019in uzmanl\u0131k alanlar\u0131 aras\u0131nda ileri d\u00fczey makine \u00f6\u011frenimi, platform mimarisi ve kurumsal \u00f6l\u00e7ekte yapay zeka da\u011f\u0131t\u0131m\u0131 yer almaktad\u0131r. <strong>Konuya ili\u015fkin a\u00e7\u0131klamalarda bulunan Peter Koerte<\/strong>, <em>&#8220;Vasi Philomin&#8217;i Siemens&#8217;te, aram\u0131zda g\u00f6rmekten b\u00fcy\u00fck mutluluk duyuyoruz. Vasi; derin teknik uzmanl\u0131\u011f\u0131n\u0131, stratejik vizyonunu ve g\u00fc\u00e7l\u00fc uygulama deneyimini art\u0131k bizlerle payla\u015facak,&#8221; dedi. \u00a0&#8220;Yapay zeka alan\u0131ndaki \u00fcst\u00fcn uzmanl\u0131\u011f\u0131 ve d\u00f6n\u00fc\u015ft\u00fcr\u00fcc\u00fc teknolojiler geli\u015ftirme konusunda kendini kan\u0131tlam\u0131\u015f liderlik yakla\u015f\u0131m\u0131, veri ve yapay zeka kabiliyetlerimizi daha \u00fcst seviyeye \u00e7\u0131karma, teknolojik uzmanl\u0131k alanlar\u0131m\u0131zda yeni f\u0131rsatlar ortaya \u00e7\u0131karmada ve m\u00fc\u015fterilerimize daha fazla de\u011fer sunma konular\u0131nda \u00a0etkili olacakt\u0131r.&#8221;<\/em> dedi. Vasi Philomin ise yeni g\u00f6reviyle ilgili olarak \u015funlar\u0131 kaydetti: &#8220;Fiziksel ve dijital d\u00fcnyalar aras\u0131ndaki s\u0131n\u0131rlar\u0131n yapay zeka taraf\u0131ndan yeniden \u00e7izildi\u011fi bir d\u00f6nemde Siemens&#8217;e kat\u0131lmaktan heyecan duyuyorum. Yapay zeka i\u00e7in bir sonraki b\u00fcy\u00fck s\u0131n\u0131r, fiziksel d\u00fcnyad\u0131r. Yapay zeka; alg\u0131layan, analiz eden ve i\u015f yapan makinelere, fabrikalara ve altyap\u0131lara gelecekte daha fazla katk\u0131 sa\u011flayacak. . Siemens, alan\u0131nda e\u015fsiz uzmanl\u0131\u011f\u0131 ve k\u00fcresel end\u00fcstriyel ayak izini azaltma konusundaki \u00e7al\u0131\u015fmalar\u0131 ile bu d\u00f6n\u00fc\u015f\u00fcme liderlik etmek i\u00e7in benzersiz bir konuma sahiptir. \u00c7\u0131\u011f\u0131r a\u00e7an teknolojiler geli\u015ftirerek, kapsaml\u0131 ortakl\u0131klar\u0131 te\u015fvik ederek ve cesur fikirleri hayata ge\u00e7irerek bu gelece\u011fin \u015fekillenmesine yard\u0131mc\u0131 olaca\u011f\u0131m i\u00e7in \u00e7ok heyecanl\u0131y\u0131m.&#8221; Vasi Philomin, teknoloji liderli\u011fi alan\u0131nda yirmi y\u0131l\u0131 a\u015fk\u0131n bir deneyime sahiptir. Amazon&#8217;a kat\u0131lmadan \u00f6nce Philips&#8217;te \u00fcst d\u00fczey g\u00f6revlerde bulundu. Burada bilgisayarla g\u00f6r\u00fc ve ba\u011flant\u0131l\u0131 sistemler alan\u0131nda k\u00fcresel inovasyon giri\u015fimlerini y\u00f6netti. Philomin, ABD&#8217;deki Maryland \u00dcniversitesi&#8217;nden Makine M\u00fchendisli\u011fi ve Bilgisayar Bilimleri alanlar\u0131nda iki ayr\u0131 y\u00fcksek lisans derecesinin yan\u0131 s\u0131ra makine \u00f6\u011frenimi ve bilgisayarla g\u00f6r\u00fc \u00e7al\u0131\u015fmalar\u0131yla Bilgisayar Bilimleri alan\u0131nda doktora derecesine sahiptir. Philomin ayn\u0131 zamanda ABD\u2019de 100&#8217;\u00fc a\u015fk\u0131n patente sahiptir.<\/p>\n<p>Yay\u0131na Alan: Alperen ERTA\u015e-<a href=\"http:\/\/alperen.ertas@enerjigazetesi.ist\">alperen.ertas@enerjigazetesi.ist<\/a><\/p>","protected":false},"excerpt":{"rendered":"<p>Sorry, this entry is only available in Turkish. For the sake of viewer convenience, the content is shown below in the alternative language. You may click the link to switch the active language. Siemens, end\u00fcstriyel yapay zeka alan\u0131ndaki liderli\u011fini daha da g\u00fc\u00e7lendirecek stratejik bir atama ger\u00e7ekle\u015ftirdi. Yapay zekan\u0131n k\u00fcresel \u00f6l\u00e7ekteki \u00f6nc\u00fc isimlerinden Vasi Philomin, 1 [&hellip;]<\/p>\n","protected":false},"author":19,"featured_media":198090,"comment_status":"open","ping_status":"open","sticky":false,"template":"","format":"standard","meta":[],"categories":[51,53,157],"tags":[26353,67,1053,116867],"views":14,"_links":{"self":[{"href":"https:\/\/www.enerjigazetesi.ist\/en\/wp-json\/wp\/v2\/posts\/198088"}],"collection":[{"href":"https:\/\/www.enerjigazetesi.ist\/en\/wp-json\/wp\/v2\/posts"}],"about":[{"href":"https:\/\/www.enerjigazetesi.ist\/en\/wp-json\/wp\/v2\/types\/post"}],"author":[{"embeddable":true,"href":"https:\/\/www.enerjigazetesi.ist\/en\/wp-json\/wp\/v2\/users\/19"}],"replies":[{"embeddable":true,"href":"https:\/\/www.enerjigazetesi.ist\/en\/wp-json\/wp\/v2\/comments?post=198088"}],"version-history":[{"count":0,"href":"https:\/\/www.enerjigazetesi.ist\/en\/wp-json\/wp\/v2\/posts\/198088\/revisions"}],"wp:featuredmedia":[{"embeddable":true,"href":"https:\/\/www.enerjigazetesi.ist\/en\/wp-json\/wp\/v2\/media\/198090"}],"wp:attachment":[{"href":"https:\/\/www.enerjigazetesi.ist\/en\/wp-json\/wp\/v2\/media?parent=198088"}],"wp:term":[{"taxonomy":"category","embeddable":true,"href":"https:\/\/www.enerjigazetesi.ist\/en\/wp-json\/wp\/v2\/categories?post=198088"},{"taxonomy":"post_tag","embeddable":true,"href":"https:\/\/www.enerjigazetesi.ist\/en\/wp-json\/wp\/v2\/tags?post=198088"}],"curies":[{"name":"wp","href":"https:\/\/api.w.org\/{rel}","templated":true}]}}