{"id":19805,"date":"2013-12-23T18:23:51","date_gmt":"2013-12-23T15:23:51","guid":{"rendered":"https:\/\/www.enerjigazetesi.ist\/?p=19805"},"modified":"2013-12-23T18:25:53","modified_gmt":"2013-12-23T15:25:53","slug":"yedas-enerji-dedektifi-olan-ogrencilere-tasarrufu-anlatiyor","status":"publish","type":"post","link":"https:\/\/www.enerjigazetesi.ist\/en\/yedas-enerji-dedektifi-olan-ogrencilere-tasarrufu-anlatiyor\/","title":{"rendered":"(Turkish) YEDA\u015e, \u2018Enerji Dedektifi\u2019 Olan \u00d6\u011frencilere \u2018Tasarrufu\u2019 Anlat\u0131yor&#8230;"},"content":{"rendered":"<p class=\"qtranxs-available-languages-message qtranxs-available-languages-message-en\">Sorry, this entry is only available in <a href=\"https:\/\/www.enerjigazetesi.ist\/tr\/wp-json\/wp\/v2\/posts\/19805\" class=\"qtranxs-available-language-link qtranxs-available-language-link-tr\" title=\"Turkish\">Turkish<\/a>. For the sake of viewer convenience, the content is shown below in the alternative language. You may click the link to switch the active language.<\/p><p><strong>YEDA\u015e, b\u00f6lgesinde minik \u00f6\u011frencilere enerjiyi \u2018Do\u011fru ve Verimli\u2019 kullanmay\u0131 anlat\u0131yor. Milli E\u011fitim M\u00fcd\u00fcrl\u00fckleriyle ortakla\u015fa yap\u0131lan organizasyonda Genel M\u00fcd\u00fcr T\u00fcrko\u011flu, \u201cBirer Enerji dedektifi olan \u00f6\u011frencilerin, \u00e7evrelerini enerji verimlili\u011fi konusunda y\u00f6nlendireceklerine inan\u0131yoruz\u201d dedi.<\/strong><\/p>\n<p>Ye\u015fil\u0131rmak Elektrik Da\u011f\u0131t\u0131m A.\u015e. (YEDA\u015e),\u00a0 Kurumsal Sosyal Sorumluluk (KSS) Projeleri kapsam\u0131nda Samsun, Ordu, \u00c7orum, Amasya ve Sinop illerinde \u0130l Milli E\u011fitim M\u00fcd\u00fcrl\u00fckleri\u2019nin belirledi\u011fi 30 ilkokulda, 2. S\u0131n\u0131f ve 4. S\u0131n\u0131f \u00f6\u011frencilerine y\u00f6nelik \u2018Enerji Verimlili\u011fi\u2019 e\u011fitimleri verdi. Her ilde g\u00f6n\u00fcll\u00fc YEDA\u015e \u00e7al\u0131\u015fanlar\u0131 taraf\u0131ndan enerji kartlar\u0131 ve sunumlarla birlikte enerjiyi \u2018Do\u011fru ve Verimli\u2019 kullanman\u0131n p\u00fcf noktalar\u0131 \u00f6\u011frencilerle payla\u015f\u0131ld\u0131. Keyifli ge\u00e7en e\u011fitimlerde \u00f6\u011frenciler, bol bol sorular sordu ve evlerinde ebeveynlerine anlatacaklar\u0131n\u0131 s\u00f6ylediler.<\/p>\n<p><strong>\u00c7OCUKLARLA A\u0130LELERE \u00c7OK DAHA KOLAY ULA\u015eIYORUZ<a href=\"https:\/\/www.enerjigazetesi.ist\/wp-content\/uploads\/2013\/12\/enerji-verimliligi-egitimleri.jpg\"><img loading=\"lazy\" class=\"alignright size-medium wp-image-19806\" title=\"enerji-verimliligi-egitimleri\" src=\"https:\/\/www.enerjigazetesi.ist\/wp-content\/uploads\/2013\/12\/enerji-verimliligi-egitimleri-300x198.jpg\" alt=\"\" width=\"300\" height=\"198\" srcset=\"https:\/\/www.enerjigazetesi.ist\/wp-content\/uploads\/2013\/12\/enerji-verimliligi-egitimleri-300x198.jpg 300w, https:\/\/www.enerjigazetesi.ist\/wp-content\/uploads\/2013\/12\/enerji-verimliligi-egitimleri-500x330.jpg 500w, https:\/\/www.enerjigazetesi.ist\/wp-content\/uploads\/2013\/12\/enerji-verimliligi-egitimleri-75x50.jpg 75w, https:\/\/www.enerjigazetesi.ist\/wp-content\/uploads\/2013\/12\/enerji-verimliligi-egitimleri.jpg 600w\" sizes=\"(max-width: 300px) 100vw, 300px\" \/><\/a><\/strong><\/p>\n<p>\u2018Bir B\u00f6lgesel S\u00fcrd\u00fcr\u00fclebilir Kalk\u0131nma Hareketi\u2019 temas\u0131yla ge\u00e7en y\u0131l oldu\u011fu gibi bu y\u0131lda enerji verimlili\u011fine y\u00f6nelik toplum bilincinin art\u0131r\u0131lmas\u0131 amac\u0131yla \u00f6\u011frencilere \u2018Enerjiyi Do\u011fru ve Verimli\u2019 kullanman\u0131n e\u011fitimlerini verdiklerini belirten YEDA\u015e Genel M\u00fcd\u00fcr\u00fc Nurettin T\u00fcrko\u011flu, &#8220;Bir r\u00fcyam\u0131z var \u00e7ocuklar. Bu r\u00fcyam\u0131z\u0131 sizlerle ger\u00e7ekle\u015ftirmek istiyoruz\u201d dedi. Mesken tipi elektrik t\u00fcketiminde \u00e7ocuklar yoluyla ebeveynlere \u00e7ok daha kolay bir \u015fekilde ula\u015fabildiklerini s\u00f6yleyen T\u00fcrko\u011flu, \u201cAileler, \u00e7ocuklar\u0131n\u0131n isteklerini \u00f6nemsiyor.<\/p>\n<p>Bizler de \u2018\u00c7ocuktan Al Haberi\u2019 diyerek, enerjiyi \u2018Do\u011fru ve Verimli\u2019 kullanman\u0131n p\u00fcf noktalar\u0131n\u0131 ailelere iletiyoruz. \u00c7ok olumlu etkile\u015fimler al\u0131yoruz. \u00c7ocuklar sorular soruyor, e\u011fitti\u011fimiz g\u00f6n\u00fcll\u00fc \u00e7al\u0131\u015fanlar\u0131m\u0131z cevapl\u0131yor. \u00c7ocuklardan, burada \u00f6\u011frendiklerini evde uygulamalar\u0131n\u0131 istiyoruz\u201d diye konu\u015ftu.<\/p>\n<p><strong>S\u0130ZLER ENERJ\u0130 DEDEKT\u0130F\u0130S\u0130N\u0130Z<\/strong><\/p>\n<p>T\u00fcrko\u011flu, &#8220;B\u00f6lgemizde a\u011f\u0131rl\u0131kl\u0131 olan mesken tipi elektrik t\u00fcketiminin verimli kullan\u0131m\u0131 ve buradan elde edilen art\u0131 de\u011ferin \u00fcretime kayd\u0131r\u0131lmas\u0131 bir YEDA\u015e r\u00fcyas\u0131d\u0131r. Biz arkada\u015flar\u0131m\u0131zla bu r\u00fcyay\u0131 hayata ge\u00e7irmek i\u00e7in var g\u00fcc\u00fcm\u00fczle \u00e7al\u0131\u015f\u0131yoruz. Bu r\u00fcyay\u0131 ger\u00e7ekle\u015ftirmekte kararl\u0131 ve inan\u00e7l\u0131y\u0131z. G\u00f6n\u00fcll\u00fc \u00e7al\u0131\u015fanlar\u0131m\u0131z\u0131 enerji verimlili\u011fi ve elektri\u011fin yayg\u0131n kullan\u0131m\u0131 konular\u0131nda e\u011fitmeyi ve e\u011fitti\u011fimiz \u00e7al\u0131\u015fanlar\u0131m\u0131z\u0131n da \u2018verimlilik\u2019 kavram\u0131n\u0131 t\u00fcm b\u00f6lgeye yayg\u0131nla\u015ft\u0131rmas\u0131n\u0131 hedefliyoruz\u201d dedi.<\/p>\n<p>Genel M\u00fcd\u00fcr T\u00fcrko\u011flu, T\u00fcrkiye&#8217;nin gen\u00e7 bir n\u00fcfusa sahip oldu\u011funu ve enerji verimlili\u011fi konusunda istenilen davran\u0131\u015f de\u011fi\u015fikli\u011fini yaratmak i\u00e7in &#8220;A\u011fa\u00e7 ya\u015fken e\u011filir&#8221; d\u00fc\u015f\u00fcncesiyle hareket etmenin \u00f6nemine dikkat \u00e7ekerek, &#8220;O nedenle sizler bizim \u00e7ok \u00f6nemlisiniz. Ger\u00e7ekle\u015ftirdi\u011fimiz e\u011fitimlerin amac\u0131na ula\u015ft\u0131\u011f\u0131n\u0131, bu bilincin olu\u015ftu\u011funu g\u00f6rmek bizleri \u00e7ok mutlu ediyor. E\u011fitimlerin tamamlanmas\u0131yla birer enerji dedektifi olacak olan \u00f6\u011frencilerin, \u00e7evrelerini enerji verimlili\u011fi konusunda y\u00f6nlendireceklerine inan\u0131yoruz. D\u00fcnyada enerji iletim kaynaklar\u0131 s\u0131n\u0131rl\u0131 \u00e7e\u015fitlikle olup yeni bir enerji kayna\u011f\u0131 tasarruftur. Buradan bir kaynak \u00fcretmi\u015f oluyoruz&#8221; diye konu\u015ftu.<\/p>\n<p><strong>AMACIMIZ B\u00d6LGE \u0130NSANINDA \u2018FARKINDALIK\u2019 OLU\u015eTURMAK<\/strong><\/p>\n<p>YEDA\u015e Genel M\u00fcd\u00fcr\u00fc Nurettin T\u00fcrko\u011flu, g\u00f6n\u00fcll\u00fc \u00e7al\u0131\u015fanlar\u0131n\u0131n kat\u0131l\u0131m\u0131yla ger\u00e7ekle\u015fen e\u011fitimlerde, enerji verimlili\u011fi ve elektri\u011fin yayg\u0131n kullan\u0131m\u0131 konular\u0131nda b\u00f6lge halk\u0131nda fark\u0131ndal\u0131k olu\u015fturmak ve bilin\u00e7lendirmeyi hedeflediklerini s\u00f6yledi.<\/p>\n<p>Kaynak: <a href=\"https:\/\/www.enerjigazetesi.ist\" target=\"_blank\">Enerji Gazetesi<\/a><\/p>","protected":false},"excerpt":{"rendered":"<p>Sorry, this entry is only available in Turkish. For the sake of viewer convenience, the content is shown below in the alternative language. You may click the link to switch the active language.YEDA\u015e, b\u00f6lgesinde minik \u00f6\u011frencilere enerjiyi \u2018Do\u011fru ve Verimli\u2019 kullanmay\u0131 anlat\u0131yor. Milli E\u011fitim M\u00fcd\u00fcrl\u00fckleriyle ortakla\u015fa yap\u0131lan organizasyonda Genel M\u00fcd\u00fcr T\u00fcrko\u011flu, \u201cBirer Enerji dedektifi olan [&hellip;]<\/p>\n","protected":false},"author":1,"featured_media":19806,"comment_status":"open","ping_status":"open","sticky":false,"template":"","format":"standard","meta":[],"categories":[53,52],"tags":[63,67,1009,165,103,12,11525,632,4346,133,9138,11524],"views":779,"_links":{"self":[{"href":"https:\/\/www.enerjigazetesi.ist\/en\/wp-json\/wp\/v2\/posts\/19805"}],"collection":[{"href":"https:\/\/www.enerjigazetesi.ist\/en\/wp-json\/wp\/v2\/posts"}],"about":[{"href":"https:\/\/www.enerjigazetesi.ist\/en\/wp-json\/wp\/v2\/types\/post"}],"author":[{"embeddable":true,"href":"https:\/\/www.enerjigazetesi.ist\/en\/wp-json\/wp\/v2\/users\/1"}],"replies":[{"embeddable":true,"href":"https:\/\/www.enerjigazetesi.ist\/en\/wp-json\/wp\/v2\/comments?post=19805"}],"version-history":[{"count":5,"href":"https:\/\/www.enerjigazetesi.ist\/en\/wp-json\/wp\/v2\/posts\/19805\/revisions"}],"predecessor-version":[{"id":19811,"href":"https:\/\/www.enerjigazetesi.ist\/en\/wp-json\/wp\/v2\/posts\/19805\/revisions\/19811"}],"wp:featuredmedia":[{"embeddable":true,"href":"https:\/\/www.enerjigazetesi.ist\/en\/wp-json\/wp\/v2\/media\/19806"}],"wp:attachment":[{"href":"https:\/\/www.enerjigazetesi.ist\/en\/wp-json\/wp\/v2\/media?parent=19805"}],"wp:term":[{"taxonomy":"category","embeddable":true,"href":"https:\/\/www.enerjigazetesi.ist\/en\/wp-json\/wp\/v2\/categories?post=19805"},{"taxonomy":"post_tag","embeddable":true,"href":"https:\/\/www.enerjigazetesi.ist\/en\/wp-json\/wp\/v2\/tags?post=19805"}],"curies":[{"name":"wp","href":"https:\/\/api.w.org\/{rel}","templated":true}]}}