{"id":198028,"date":"2025-06-30T11:07:50","date_gmt":"2025-06-30T08:07:50","guid":{"rendered":"https:\/\/www.enerjigazetesi.ist\/?p=198028"},"modified":"2025-06-30T11:18:07","modified_gmt":"2025-06-30T08:18:07","slug":"arnavutluk-fortis-enerjinin-62-mwlik-gunes-santraline-onay-verdi","status":"publish","type":"post","link":"https:\/\/www.enerjigazetesi.ist\/en\/arnavutluk-fortis-enerjinin-62-mwlik-gunes-santraline-onay-verdi\/","title":{"rendered":"(Turkish) Arnavutluk, Fortis Enerji&#8217;nin 62 MW\u2019l\u0131k G\u00fcne\u015f Santraline Onay Verdi"},"content":{"rendered":"<p class=\"qtranxs-available-languages-message qtranxs-available-languages-message-en\">Sorry, this entry is only available in <a href=\"https:\/\/www.enerjigazetesi.ist\/tr\/wp-json\/wp\/v2\/posts\/198028\" class=\"qtranxs-available-language-link qtranxs-available-language-link-tr\" title=\"Turkish\">Turkish<\/a>. For the sake of viewer convenience, the content is shown below in the alternative language. You may click the link to switch the active language.<\/p><p><\/p>\n<h2><em><strong>Arnavutluk H\u00fck\u00fcmeti, T\u00fcrk yenilenebilir enerji \u015firketi Fortis Energy taraf\u0131ndan geli\u015ftirilecek, \u00fclkenin g\u00fcneydo\u011fusundaki Tac Larte k\u00f6y\u00fcnde 62 MW\u2019l\u0131k bir g\u00fcne\u015f enerjisi santralinin in\u015fas\u0131n\u0131 onaylad\u0131\u011f\u0131n\u0131 duyurdu. Arnavutluk H\u00fck\u00fcmeti, Fortis Energy\u2019nin 62 MW\u2019l\u0131k bir g\u00fcne\u015f enerjisi santralinin in\u015fas\u0131n\u0131 onaylad\u0131.<\/strong><\/em><\/h2>\n<p><img loading=\"lazy\" class=\"aligncenter wp-image-198029 size-full\" src=\"https:\/\/www.enerjigazetesi.ist\/wp-content\/uploads\/2025\/06\/arnavutluk-gu\u0308nes\u0327-enerji-1200x1200-1.jpg\" alt=\"\" width=\"550\" height=\"282\" srcset=\"https:\/\/www.enerjigazetesi.ist\/wp-content\/uploads\/2025\/06\/arnavutluk-gu\u0308nes\u0327-enerji-1200x1200-1.jpg 550w, https:\/\/www.enerjigazetesi.ist\/wp-content\/uploads\/2025\/06\/arnavutluk-gu\u0308nes\u0327-enerji-1200x1200-1-300x154.jpg 300w, https:\/\/www.enerjigazetesi.ist\/wp-content\/uploads\/2025\/06\/arnavutluk-gu\u0308nes\u0327-enerji-1200x1200-1-500x256.jpg 500w, https:\/\/www.enerjigazetesi.ist\/wp-content\/uploads\/2025\/06\/arnavutluk-gu\u0308nes\u0327-enerji-1200x1200-1-80x41.jpg 80w\" sizes=\"(max-width: 550px) 100vw, 550px\" \/><\/p>\n<h3><strong>49 YIL S\u00dcREYLE TAHS\u0130S ED\u0130LD\u0130<\/strong><\/h3>\n<p>H\u00fck\u00fcmet taraf\u0131ndan yay\u0131nlanan g\u00fcn\u00fc karar bildirisinde, tesisin \u00fc\u00e7 y\u0131l i\u00e7inde \u00fcretime ba\u015flamas\u0131n\u0131n planland\u0131\u011f\u0131n\u0131 ve karar\u0131n y\u00fcr\u00fcrl\u00fc\u011fe girdi\u011fi tarihten itibaren 49 y\u0131l s\u00fcreyle faaliyet g\u00f6sterebilece\u011fini s\u00f6yledi.<\/p>\n<h3><strong>HEDEF ARNAVUTLUK\u2019TA 560 MW\u2019L\u0130K GES<\/strong><\/h3>\n<p>Fortis Energy \u015firketi, bu hafta ba\u015f\u0131nda Linkedin\u2019de payla\u015ft\u0131\u011f\u0131 g\u00f6nderide, Arnavutluk\u2019un merkezinde 560 MW\u2019l\u0131k bir g\u00fcne\u015f enerjisi projesi geli\u015ftirdi\u011fini duyurmu\u015ftu.<\/p>\n<h3><strong>T\u00dcRK\u0130YE, HOLLANDA VE BALKANLAR\u2019DA FAAL\u0130YET G\u00d6STER\u0130YOR<\/strong><\/h3>\n<p>T\u00fcrkiye, Hollanda ve Balkanlar\u2019da faaliyet g\u00f6steren \u015firket, a\u011f\u0131rl\u0131kl\u0131 olarak g\u00fcne\u015f, r\u00fczgar, biyogaz, jeotermal ve ye\u015fil hidrojen yat\u0131r\u0131mlar\u0131na odaklan\u0131yor.<\/p>\n<p>Yay\u0131na Alan: Alperen ERTA\u015e-<a href=\"http:\/\/alperen.ertas@enerjigazetesi.ist\">alperen.ertas@enerjigazetesi.ist<\/a><\/p>","protected":false},"excerpt":{"rendered":"<p>Sorry, this entry is only available in Turkish. For the sake of viewer convenience, the content is shown below in the alternative language. You may click the link to switch the active language. Arnavutluk H\u00fck\u00fcmeti, T\u00fcrk yenilenebilir enerji \u015firketi Fortis Energy taraf\u0131ndan geli\u015ftirilecek, \u00fclkenin g\u00fcneydo\u011fusundaki Tac Larte k\u00f6y\u00fcnde 62 MW\u2019l\u0131k bir g\u00fcne\u015f enerjisi santralinin in\u015fas\u0131n\u0131 [&hellip;]<\/p>\n","protected":false},"author":19,"featured_media":198029,"comment_status":"open","ping_status":"open","sticky":false,"template":"","format":"standard","meta":[],"categories":[53,49],"tags":[116858,116859,67,2326],"views":10,"_links":{"self":[{"href":"https:\/\/www.enerjigazetesi.ist\/en\/wp-json\/wp\/v2\/posts\/198028"}],"collection":[{"href":"https:\/\/www.enerjigazetesi.ist\/en\/wp-json\/wp\/v2\/posts"}],"about":[{"href":"https:\/\/www.enerjigazetesi.ist\/en\/wp-json\/wp\/v2\/types\/post"}],"author":[{"embeddable":true,"href":"https:\/\/www.enerjigazetesi.ist\/en\/wp-json\/wp\/v2\/users\/19"}],"replies":[{"embeddable":true,"href":"https:\/\/www.enerjigazetesi.ist\/en\/wp-json\/wp\/v2\/comments?post=198028"}],"version-history":[{"count":0,"href":"https:\/\/www.enerjigazetesi.ist\/en\/wp-json\/wp\/v2\/posts\/198028\/revisions"}],"wp:featuredmedia":[{"embeddable":true,"href":"https:\/\/www.enerjigazetesi.ist\/en\/wp-json\/wp\/v2\/media\/198029"}],"wp:attachment":[{"href":"https:\/\/www.enerjigazetesi.ist\/en\/wp-json\/wp\/v2\/media?parent=198028"}],"wp:term":[{"taxonomy":"category","embeddable":true,"href":"https:\/\/www.enerjigazetesi.ist\/en\/wp-json\/wp\/v2\/categories?post=198028"},{"taxonomy":"post_tag","embeddable":true,"href":"https:\/\/www.enerjigazetesi.ist\/en\/wp-json\/wp\/v2\/tags?post=198028"}],"curies":[{"name":"wp","href":"https:\/\/api.w.org\/{rel}","templated":true}]}}