{"id":198023,"date":"2025-06-30T11:02:36","date_gmt":"2025-06-30T08:02:36","guid":{"rendered":"https:\/\/www.enerjigazetesi.ist\/?p=198023"},"modified":"2025-06-30T11:02:36","modified_gmt":"2025-06-30T08:02:36","slug":"suudi-acwa-turkiyeye-gunes-enerjisi-yatirimi-yapacak","status":"publish","type":"post","link":"https:\/\/www.enerjigazetesi.ist\/en\/suudi-acwa-turkiyeye-gunes-enerjisi-yatirimi-yapacak\/","title":{"rendered":"(Turkish) Suudi Acwa T\u00fcrkiye\u2019ye G\u00fcne\u015f Enerjisi Yat\u0131r\u0131m\u0131 Yapacak"},"content":{"rendered":"<p class=\"qtranxs-available-languages-message qtranxs-available-languages-message-en\">Sorry, this entry is only available in <a href=\"https:\/\/www.enerjigazetesi.ist\/tr\/wp-json\/wp\/v2\/posts\/198023\" class=\"qtranxs-available-language-link qtranxs-available-language-link-tr\" title=\"Turkish\">Turkish<\/a>. For the sake of viewer convenience, the content is shown below in the alternative language. You may click the link to switch the active language.<\/p><p><\/p>\n<h2><em><strong>Enerji ve Tabii Kaynaklar Bakan\u0131 Alparslan Bayraktar, Bloomberg\u2019e yapt\u0131\u011f\u0131 a\u00e7\u0131klamada Suudi enerji \u015firketi Acwa Power\u2019\u0131n T\u00fcrkiye\u2019ye 5 gigavata kadar yenilenebilir enerji yat\u0131r\u0131m\u0131 yapaca\u011f\u0131n\u0131 belirtti.<\/strong><\/em><\/h2>\n<p><img loading=\"lazy\" class=\"aligncenter wp-image-198025 size-full\" src=\"https:\/\/www.enerjigazetesi.ist\/wp-content\/uploads\/2025\/06\/solar-cable-temsili-gunes-ciftligi.jpg\" alt=\"\" width=\"550\" height=\"367\" srcset=\"https:\/\/www.enerjigazetesi.ist\/wp-content\/uploads\/2025\/06\/solar-cable-temsili-gunes-ciftligi.jpg 550w, https:\/\/www.enerjigazetesi.ist\/wp-content\/uploads\/2025\/06\/solar-cable-temsili-gunes-ciftligi-300x200.jpg 300w, https:\/\/www.enerjigazetesi.ist\/wp-content\/uploads\/2025\/06\/solar-cable-temsili-gunes-ciftligi-500x334.jpg 500w, https:\/\/www.enerjigazetesi.ist\/wp-content\/uploads\/2025\/06\/solar-cable-temsili-gunes-ciftligi-75x50.jpg 75w, https:\/\/www.enerjigazetesi.ist\/wp-content\/uploads\/2025\/06\/solar-cable-temsili-gunes-ciftligi-450x300.jpg 450w\" sizes=\"(max-width: 550px) 100vw, 550px\" \/><\/p>\n<p>Bayraktar, Bloomberg\u2019e yapt\u0131\u011f\u0131 a\u00e7\u0131klamada Suudi enerji devi Acwa Power\u2019\u0131n T\u00fcrkiye\u2019ye 5 gigavata kadar yenilenebilir enerji yat\u0131r\u0131m\u0131 yapaca\u011f\u0131n\u0131, bunun 2 gigavatl\u0131k ilk b\u00f6l\u00fcm\u00fc i\u00e7in imzalar\u0131n \u00f6n\u00fcm\u00fczdeki g\u00fcnlerde at\u0131laca\u011f\u0131n\u0131 s\u00f6yledi. Bayraktar, \u015firketin Sivas ve Karaman Ta\u015feli\u2019nde 1\u2019er gigavatl\u0131k iki ayr\u0131 g\u00fcne\u015f enerjsi santrali kuraca\u011f\u0131n\u0131, yat\u0131r\u0131mla ilgili son hukuki s\u00fcre\u00e7lerin i\u015fledi\u011fini s\u00f6yledi. Uluslararas\u0131 anla\u015fmalar yoluyla yabanc\u0131 yat\u0131r\u0131m \u00e7ekme konusunda ilk \u00f6rne\u011fin Acwa yat\u0131r\u0131m\u0131 olaca\u011f\u0131n\u0131 belirten <strong>Bayraktar,<\/strong> <em>\u201cAcwa\u2019n\u0131n zaten T\u00fcrkiye\u2019de bir do\u011falgaz yat\u0131r\u0131m\u0131 vard\u0131. \u015eimdi yenilenebilirde 5 gigavatl\u0131k bir projeyle gelecekler, do\u011frudan d\u0131\u015f sermayeyle, rekor bir yat\u0131r\u0131mla geliyorlar\u201d<\/em> diye konu\u015ftu. Acwa Power\u2019\u0131n T\u00fcrkiye\u2019deki ilk yat\u0131r\u0131m\u0131 olan K\u0131r\u0131kkale\u2019deki kombine do\u011falgaz \u00e7evrim santrali 2017 y\u0131l\u0131nda a\u00e7\u0131ld\u0131. Santralin 950 megavat kapasitesi bulunuyor. Y\u0131l ba\u015f\u0131nda yap\u0131lan YEKA yar\u0131\u015fmalar\u0131nda g\u00fcne\u015f enerjisinde iletim sistemine verilecek enerjinin fiyat\u0131 kilovatsaat ba\u015f\u0131na 3.25 dolar\/cent d\u00fczeyine kadar inmi\u015fti. Bakan Bayraktar, Acwa\u2019n\u0131n bu anlamda da bir rekor fiyat sunaca\u011f\u0131n\u0131 ve birim fiyat\u0131n daha da gerileyece\u011fini kaydetti. Acwa\u2019n\u0131n T\u00fcrkiye\u2019de 5 milyar dolarl\u0131k yat\u0131r\u0131m yapmaya haz\u0131rland\u0131\u011f\u0131n\u0131 \u00fcst d\u00fczey yetkililer ge\u00e7ti\u011fimiz y\u0131l Bloomberg\u2019e a\u00e7\u0131klam\u0131\u015ft\u0131. T\u00fcrkiye 2035 y\u0131l\u0131na kadar YEKA yar\u0131\u015fmalar\u0131, \u00f6z t\u00fcketim kapasite tahsisi ve uluslararas\u0131 projelerle kurulu yenilenebilir enerji g\u00fcc\u00fcn\u00fc 120 bin megavata \u00e7\u0131karmay\u0131 hedefliyor. Bayraktar, bu kapsamda her y\u0131l en az 2 bin megavat YEKA ihaleleri yap\u0131laca\u011f\u0131n\u0131, uluslararas\u0131 anla\u015fmalar yoluyla yat\u0131r\u0131m \u00e7ekilece\u011fini ifade etti. Bu y\u0131l\u0131n ilk iki ay\u0131nda g\u00fcne\u015f ve r\u00fczgarda toplam 2 bin megavatl\u0131k YEKA yar\u0131\u015fmalar\u0131n\u0131n ger\u00e7ekle\u015ftirildi\u011fine i\u015faret eden Bayraktar, bu alandaki yabanc\u0131 yat\u0131r\u0131mlara de\u011finirken, Alman E.ON ile Sabanc\u0131\u2019n\u0131n 750 megavatl\u0131k YEKA-RES, \u00c7inli Chen G\u00fcne\u015f Enerjisi \u015eirketi\u2019nin de 60 megavatl\u0131k YEKA-GES yar\u0131\u015fmalar\u0131n\u0131 kazand\u0131\u011f\u0131n\u0131 hat\u0131rlatt\u0131. Abu Dabi merkezli bir ba\u015fka \u015firketin de Kalyon\u2019la 385 megavatl\u0131k Karap\u0131nar\u2019daki ortakl\u0131\u011f\u0131na dikkat \u00e7ekti.<\/p>\n<p>Yay\u0131na Alan: Alperen ERTA\u015e-<a href=\"http:\/\/alperen.ertas@enerjigazetesi.ist\">alperen.ertas@enerjigazetesi.ist<\/a><\/p>","protected":false},"excerpt":{"rendered":"<p>Sorry, this entry is only available in Turkish. For the sake of viewer convenience, the content is shown below in the alternative language. You may click the link to switch the active language. Enerji ve Tabii Kaynaklar Bakan\u0131 Alparslan Bayraktar, Bloomberg\u2019e yapt\u0131\u011f\u0131 a\u00e7\u0131klamada Suudi enerji \u015firketi Acwa Power\u2019\u0131n T\u00fcrkiye\u2019ye 5 gigavata kadar yenilenebilir enerji yat\u0131r\u0131m\u0131 [&hellip;]<\/p>\n","protected":false},"author":19,"featured_media":198025,"comment_status":"open","ping_status":"open","sticky":false,"template":"","format":"standard","meta":[],"categories":[53,49],"tags":[67,115617,13,116857],"views":12,"_links":{"self":[{"href":"https:\/\/www.enerjigazetesi.ist\/en\/wp-json\/wp\/v2\/posts\/198023"}],"collection":[{"href":"https:\/\/www.enerjigazetesi.ist\/en\/wp-json\/wp\/v2\/posts"}],"about":[{"href":"https:\/\/www.enerjigazetesi.ist\/en\/wp-json\/wp\/v2\/types\/post"}],"author":[{"embeddable":true,"href":"https:\/\/www.enerjigazetesi.ist\/en\/wp-json\/wp\/v2\/users\/19"}],"replies":[{"embeddable":true,"href":"https:\/\/www.enerjigazetesi.ist\/en\/wp-json\/wp\/v2\/comments?post=198023"}],"version-history":[{"count":0,"href":"https:\/\/www.enerjigazetesi.ist\/en\/wp-json\/wp\/v2\/posts\/198023\/revisions"}],"wp:featuredmedia":[{"embeddable":true,"href":"https:\/\/www.enerjigazetesi.ist\/en\/wp-json\/wp\/v2\/media\/198025"}],"wp:attachment":[{"href":"https:\/\/www.enerjigazetesi.ist\/en\/wp-json\/wp\/v2\/media?parent=198023"}],"wp:term":[{"taxonomy":"category","embeddable":true,"href":"https:\/\/www.enerjigazetesi.ist\/en\/wp-json\/wp\/v2\/categories?post=198023"},{"taxonomy":"post_tag","embeddable":true,"href":"https:\/\/www.enerjigazetesi.ist\/en\/wp-json\/wp\/v2\/tags?post=198023"}],"curies":[{"name":"wp","href":"https:\/\/api.w.org\/{rel}","templated":true}]}}