{"id":1980,"date":"2012-09-12T10:38:49","date_gmt":"2012-09-12T07:38:49","guid":{"rendered":"https:\/\/www.enerjigazetesi.ist\/?p=1980"},"modified":"2012-09-12T10:39:41","modified_gmt":"2012-09-12T07:39:41","slug":"japonya-ve-avrupa-ulkeleri-ile-enerji-verimliligine-karsi-isbirligi-yapilacak","status":"publish","type":"post","link":"https:\/\/www.enerjigazetesi.ist\/en\/japonya-ve-avrupa-ulkeleri-ile-enerji-verimliligine-karsi-isbirligi-yapilacak\/","title":{"rendered":"(Turkish) Japonya ve Avrupa \u00dclkeleri ile Enerji Verimlili\u011fine Kar\u015f\u0131 \u0130\u015fbirli\u011fi"},"content":{"rendered":"<p class=\"qtranxs-available-languages-message qtranxs-available-languages-message-en\">Sorry, this entry is only available in <a href=\"https:\/\/www.enerjigazetesi.ist\/tr\/wp-json\/wp\/v2\/posts\/1980\" class=\"qtranxs-available-language-link qtranxs-available-language-link-tr\" title=\"Turkish\">Turkish<\/a>. For the sake of viewer convenience, the content is shown below in the alternative language. You may click the link to switch the active language.<\/p><p><\/p>\n<div>\n<div><strong>T\u00dcB\u0130TAK, Japonya ve Avrupa \u00fclkelerinin i\u015fbirli\u011fiyle yap\u0131lacak &#8216;Afetlere Kar\u015f\u0131 Dayan\u0131kl\u0131l\u0131k&#8217; ve <a href=\"http:\/\/www.enve.com.tr\" target=\"_blank\">&#8216;Verimli Enerji Depolama ve Da\u011f\u0131t\u0131m<\/a>&#8216; konular\u0131nda ortak bir \u00e7a\u011fr\u0131 yay\u0131nlad\u0131.<\/strong><\/div>\n<div>\n<div>\n<div>\n<div id=\"news_content\">\n<p><img loading=\"lazy\" class=\"alignright size-full wp-image-1981\" title=\"tubitak-enerji-verimliligi-destegi\" src=\"https:\/\/www.enerjigazetesi.ist\/wp-content\/uploads\/2012\/09\/tubitak-enerji-verimliligi-destegi.jpg\" alt=\"\" width=\"250\" height=\"190\" srcset=\"https:\/\/www.enerjigazetesi.ist\/wp-content\/uploads\/2012\/09\/tubitak-enerji-verimliligi-destegi.jpg 250w, https:\/\/www.enerjigazetesi.ist\/wp-content\/uploads\/2012\/09\/tubitak-enerji-verimliligi-destegi-65x50.jpg 65w\" sizes=\"(max-width: 250px) 100vw, 250px\" \/>T\u00dcB\u0130TAK, Japonya ve Avrupa \u00fclkelerinin i\u015fbirli\u011fiyle yap\u0131lacak &#8216;Afetlere Kar\u015f\u0131 Dayan\u0131kl\u0131l\u0131k&#8217; ve &#8216;Verimli Enerji Depolama ve Da\u011f\u0131t\u0131m&#8217; konular\u0131nda ortak bir \u00e7a\u011fr\u0131 yay\u0131nlad\u0131. CONCERT-Japan projesi kapsam\u0131nda yay\u0131nlanan \u00e7a\u011fr\u0131 ile Japonya ve Avrupa \u00fclkeleriyle ortak Ar-Ge \u00e7al\u0131\u015fmalar\u0131na imza at\u0131lacak. \u00c7a\u011fr\u0131 kapsam\u0131nda &#8216;Afetlere Kar\u015f\u0131 Dayan\u0131kl\u0131l\u0131k&#8217; ve &#8216;Verimli Enerji Depolama ve Da\u011f\u0131t\u0131m&#8217; alanlar\u0131nda \u00e7ok ortakl\u0131 ara\u015ft\u0131rma ve yenilik projeleri desteklenecek. Ortak \u00e7a\u011fr\u0131ya, Japonya\u2019n\u0131n yan\u0131 s\u0131ra, Bel\u00e7ika, Fransa, Almanya, Macaristan, \u0130talya, Norve\u00e7, Slovakya, \u0130spanya, Romanya, \u0130svi\u00e7re ve T\u00fcrkiye olmak \u00fczere 12 farkl\u0131 \u00fclkeden 15 kurulu\u015f fon sa\u011fl\u0131yor.<\/p>\n<p>T\u00fcrkiye\u2019de <strong>T\u00dcB\u0130TAK<\/strong> taraf\u0131ndan desteklenen \u00e7a\u011fr\u0131, <a href=\"http:\/\/www.enve.com.tr\" target=\"_blank\"><strong>enerji verimlili\u011fi<\/strong> <\/a>ve b\u00fcy\u00fck \u00f6l\u00e7ekli afet konular\u0131nda Japonya ve Avrupa\u2019n\u0131n i\u015fbirli\u011fi yaparak yeni teknolojiler geli\u015ftirmesini sa\u011flayacak. Japonya\u2019dan ve Avrupa\u2019dan ortaklar\u0131n kat\u0131l\u0131m\u0131yla olu\u015fturulacak olan en az \u00fc\u00e7 ortakl\u0131 Ar-Ge projeleri desteklenece\u011fi \u00e7a\u011fr\u0131n\u0131n ba\u015fvurular\u0131 3 Eyl\u00fcl tarihinde ba\u015flad\u0131. Ba\u015fvurular 15 Kas\u0131m&#8217;da sona erecek. Avrupa Birli\u011fi 7. \u00c7er\u00e7eve Program\u0131 kapsam\u0131nda Japonya ile Avrupa \u00fclkeleri aras\u0131nda Ar-Ge faaliyetlerinin geli\u015ftirilmesini hedefleyen CONCERT-Japan\u2019\u0131n koordinat\u00f6rl\u00fc\u011f\u00fcn\u00fc T\u00dcB\u0130TAK y\u00fcr\u00fct\u00fcyor.<\/p>\n<p>Avrupa Birli\u011fi 7. \u00c7er\u00e7eve Program\u0131 Uluslararas\u0131 \u0130\u015fbirli\u011fi (INCO) alan\u0131nda, AB-Japonya bilim ve teknoloji i\u015fbirli\u011finin e\u015fg\u00fcd\u00fcm\u00fcn\u00fc hedefleyen &#8216;CONCERT-Japan&#8217; projesi T\u00dcB\u0130TAK\u2019\u0131n koordinat\u00f6rl\u00fc\u011f\u00fcnde 1 Ocak 2011 y\u0131l\u0131nda ba\u015flad\u0131. 3 y\u0131l s\u00fcrecek proje, 31 Aral\u0131k 2013\u2019de sona erecek. 7. \u00c7er\u00e7eve Program\u0131 Uluslararas\u0131 \u0130\u015fbirli\u011fi alan\u0131nda T\u00fcrkiye\u2019nin koordinat\u00f6rl\u00fc\u011f\u00fcnde y\u00fcr\u00fct\u00fclen tek proje olan CONCERT-Japan konsorsiyumunda 10\u2019u Avrupa \u00fclkelerinden, 3\u2019\u00fc de Japonya\u2019dan olmak \u00fczere \u00e7o\u011fu fon sa\u011flay\u0131c\u0131 kurulu\u015f olan 13 ortak yer al\u0131yor. Proje, Avrupa-Japonya aras\u0131nda ortak bilimsel ve teknolojik ara\u015ft\u0131rma \u00f6nceliklerini belirlemeyi, bu do\u011frultuda ortak ara\u015ft\u0131rma faaliyetleri ger\u00e7ekle\u015ftirmeyi ama\u00e7l\u0131yor.<\/p>\n<p>Kaynak: <a href=\"http:\/\/www.haberimport.com\/haber\/japonya-ile-afetlere-karsi-isbirligi-yapilacak-128887.htm#ixzz26EsAt8rr\" target=\"_blank\">HaberImport<\/a><\/p>\n<\/div>\n<\/div>\n<\/div>\n<\/div>\n<\/div>\n<p><\/p>","protected":false},"excerpt":{"rendered":"<p>Sorry, this entry is only available in Turkish. For the sake of viewer convenience, the content is shown below in the alternative language. You may click the link to switch the active language. T\u00dcB\u0130TAK, Japonya ve Avrupa \u00fclkelerinin i\u015fbirli\u011fiyle yap\u0131lacak &#8216;Afetlere Kar\u015f\u0131 Dayan\u0131kl\u0131l\u0131k&#8217; ve &#8216;Verimli Enerji Depolama ve Da\u011f\u0131t\u0131m&#8216; konular\u0131nda ortak bir \u00e7a\u011fr\u0131 yay\u0131nlad\u0131. T\u00dcB\u0130TAK, [&hellip;]<\/p>\n","protected":false},"author":1,"featured_media":1981,"comment_status":"open","ping_status":"open","sticky":false,"template":"","format":"standard","meta":[],"categories":[53,52],"tags":[],"views":775,"_links":{"self":[{"href":"https:\/\/www.enerjigazetesi.ist\/en\/wp-json\/wp\/v2\/posts\/1980"}],"collection":[{"href":"https:\/\/www.enerjigazetesi.ist\/en\/wp-json\/wp\/v2\/posts"}],"about":[{"href":"https:\/\/www.enerjigazetesi.ist\/en\/wp-json\/wp\/v2\/types\/post"}],"author":[{"embeddable":true,"href":"https:\/\/www.enerjigazetesi.ist\/en\/wp-json\/wp\/v2\/users\/1"}],"replies":[{"embeddable":true,"href":"https:\/\/www.enerjigazetesi.ist\/en\/wp-json\/wp\/v2\/comments?post=1980"}],"version-history":[{"count":4,"href":"https:\/\/www.enerjigazetesi.ist\/en\/wp-json\/wp\/v2\/posts\/1980\/revisions"}],"predecessor-version":[{"id":1985,"href":"https:\/\/www.enerjigazetesi.ist\/en\/wp-json\/wp\/v2\/posts\/1980\/revisions\/1985"}],"wp:featuredmedia":[{"embeddable":true,"href":"https:\/\/www.enerjigazetesi.ist\/en\/wp-json\/wp\/v2\/media\/1981"}],"wp:attachment":[{"href":"https:\/\/www.enerjigazetesi.ist\/en\/wp-json\/wp\/v2\/media?parent=1980"}],"wp:term":[{"taxonomy":"category","embeddable":true,"href":"https:\/\/www.enerjigazetesi.ist\/en\/wp-json\/wp\/v2\/categories?post=1980"},{"taxonomy":"post_tag","embeddable":true,"href":"https:\/\/www.enerjigazetesi.ist\/en\/wp-json\/wp\/v2\/tags?post=1980"}],"curies":[{"name":"wp","href":"https:\/\/api.w.org\/{rel}","templated":true}]}}