{"id":197932,"date":"2025-06-26T13:57:49","date_gmt":"2025-06-26T10:57:49","guid":{"rendered":"https:\/\/www.enerjigazetesi.ist\/?p=197932"},"modified":"2025-06-26T13:57:49","modified_gmt":"2025-06-26T10:57:49","slug":"hyundai-yazin-enerjisini-ege-sahillerine-tasiyor","status":"publish","type":"post","link":"https:\/\/www.enerjigazetesi.ist\/en\/hyundai-yazin-enerjisini-ege-sahillerine-tasiyor\/","title":{"rendered":"(Turkish) Hyundai, Yaz\u0131n Enerjisini Ege Sahillerine Ta\u015f\u0131yor"},"content":{"rendered":"<p class=\"qtranxs-available-languages-message qtranxs-available-languages-message-en\">Sorry, this entry is only available in <a href=\"https:\/\/www.enerjigazetesi.ist\/tr\/wp-json\/wp\/v2\/posts\/197932\" class=\"qtranxs-available-language-link qtranxs-available-language-link-tr\" title=\"Turkish\">Turkish<\/a>. For the sake of viewer convenience, the content is shown below in the alternative language. You may click the link to switch the active language.<\/p><p><\/p>\n<h2>Hyundai Motor T\u00fcrkiye, yaz mevsiminin co\u015fkusunu Ege\u2019nin en g\u00f6zde marinalar\u0131na ta\u015f\u0131yor. Haziran ve Temmuz boyunca d\u00fczenlenecek etkinlik serisi kapsam\u0131nda, markan\u0131n yenilik\u00e7i elektrikli modelleri ziyaret\u00e7ileriyle bulu\u015facak. \u00c7e\u015fme, Ku\u015fadas\u0131 ve Turgutreis\u2019teki se\u00e7kin marinalarda ger\u00e7ekle\u015fecek sergileme ve test s\u00fcr\u00fc\u015fleriyle, yaz tatilini Ege\u2019de ge\u00e7iren otomobil severlere \u00f6zel bir deneyim sunulacak.<\/h2>\n<p><img loading=\"lazy\" class=\"aligncenter wp-image-197933 size-full\" src=\"https:\/\/www.enerjigazetesi.ist\/wp-content\/uploads\/2025\/06\/1750918039_Hyundai__Ege_Sahillerinde__2_.jpg\" alt=\"\" width=\"550\" height=\"367\" srcset=\"https:\/\/www.enerjigazetesi.ist\/wp-content\/uploads\/2025\/06\/1750918039_Hyundai__Ege_Sahillerinde__2_.jpg 550w, https:\/\/www.enerjigazetesi.ist\/wp-content\/uploads\/2025\/06\/1750918039_Hyundai__Ege_Sahillerinde__2_-300x200.jpg 300w, https:\/\/www.enerjigazetesi.ist\/wp-content\/uploads\/2025\/06\/1750918039_Hyundai__Ege_Sahillerinde__2_-500x334.jpg 500w, https:\/\/www.enerjigazetesi.ist\/wp-content\/uploads\/2025\/06\/1750918039_Hyundai__Ege_Sahillerinde__2_-75x50.jpg 75w, https:\/\/www.enerjigazetesi.ist\/wp-content\/uploads\/2025\/06\/1750918039_Hyundai__Ege_Sahillerinde__2_-450x300.jpg 450w\" sizes=\"(max-width: 550px) 100vw, 550px\" \/><\/p>\n<p>-Hyundai Motor T\u00fcrkiye, elektrikli modellerini a\u00e7\u0131k hava etkinlikleriyle beraber ziyaret\u00e7ilerine sunuyor.<\/p>\n<p>-\u00c7e\u015fme, Ku\u015fadas\u0131 ve Turgutreis\u2019te ger\u00e7ekle\u015fecek etkinliklerde sadece elektrikli modellere yer veriliyor.<\/p>\n<p>-Yaz tatili i\u00e7in Ege\u2019yi tercih edenler, INSTER, KONA Elektrik, IONIQ 5 ve IONIQ 6 modellerini test etme f\u0131rsat\u0131 da bulacak.<\/p>\n<p>\u0130lk durak, 28 Haziran \u2013 3 Temmuz tarihleri aras\u0131nda \u0130zmir, \u00c7e\u015fme Marina olacak. Ard\u0131ndan 5 \u2013 10 Temmuz tarihlerinde Ayd\u0131n, Ku\u015fadas\u0131 Marina, son olarak ise 12 \u2013 17 Temmuz tarihleri aras\u0131nda Mu\u011fla, Bodrum Turgutreis Marina\u2019da Hyundai\u2019nin elektrikli modelleri sergilenecek. Etkinlik s\u00fcresince ziyaret\u00e7iler, markan\u0131n \u015fehir i\u00e7i kullan\u0131mda konfor sunan INSTER, kompakt B-SUV segmentinin elektrikli \u00fcyesi KONA Elektrik, y\u00fcksek teknolojiyle donat\u0131lm\u0131\u015f \u00f6d\u00fcll\u00fc IONIQ 5 ve aerodinamik tasar\u0131m\u0131yla \u00f6ne \u00e7\u0131kan IONIQ 6 modellerini yak\u0131ndan tan\u0131yabilecek ve test edebilecek.<\/p>\n<p>Yay\u0131na Alan: Alperen ERTA\u015e-<a href=\"http:\/\/alperen.ertas@enerjigazetesi.ist\">alperen.ertas@enerjigazetesi.ist<\/a><\/p>","protected":false},"excerpt":{"rendered":"<p>Sorry, this entry is only available in Turkish. For the sake of viewer convenience, the content is shown below in the alternative language. You may click the link to switch the active language. Hyundai Motor T\u00fcrkiye, yaz mevsiminin co\u015fkusunu Ege\u2019nin en g\u00f6zde marinalar\u0131na ta\u015f\u0131yor. Haziran ve Temmuz boyunca d\u00fczenlenecek etkinlik serisi kapsam\u0131nda, markan\u0131n yenilik\u00e7i elektrikli [&hellip;]<\/p>\n","protected":false},"author":19,"featured_media":197935,"comment_status":"open","ping_status":"open","sticky":false,"template":"","format":"standard","meta":[],"categories":[51,53],"tags":[34980,67,116243,846],"views":16,"_links":{"self":[{"href":"https:\/\/www.enerjigazetesi.ist\/en\/wp-json\/wp\/v2\/posts\/197932"}],"collection":[{"href":"https:\/\/www.enerjigazetesi.ist\/en\/wp-json\/wp\/v2\/posts"}],"about":[{"href":"https:\/\/www.enerjigazetesi.ist\/en\/wp-json\/wp\/v2\/types\/post"}],"author":[{"embeddable":true,"href":"https:\/\/www.enerjigazetesi.ist\/en\/wp-json\/wp\/v2\/users\/19"}],"replies":[{"embeddable":true,"href":"https:\/\/www.enerjigazetesi.ist\/en\/wp-json\/wp\/v2\/comments?post=197932"}],"version-history":[{"count":0,"href":"https:\/\/www.enerjigazetesi.ist\/en\/wp-json\/wp\/v2\/posts\/197932\/revisions"}],"wp:featuredmedia":[{"embeddable":true,"href":"https:\/\/www.enerjigazetesi.ist\/en\/wp-json\/wp\/v2\/media\/197935"}],"wp:attachment":[{"href":"https:\/\/www.enerjigazetesi.ist\/en\/wp-json\/wp\/v2\/media?parent=197932"}],"wp:term":[{"taxonomy":"category","embeddable":true,"href":"https:\/\/www.enerjigazetesi.ist\/en\/wp-json\/wp\/v2\/categories?post=197932"},{"taxonomy":"post_tag","embeddable":true,"href":"https:\/\/www.enerjigazetesi.ist\/en\/wp-json\/wp\/v2\/tags?post=197932"}],"curies":[{"name":"wp","href":"https:\/\/api.w.org\/{rel}","templated":true}]}}