{"id":19785,"date":"2013-12-23T11:23:44","date_gmt":"2013-12-23T08:23:44","guid":{"rendered":"https:\/\/www.enerjigazetesi.ist\/?p=19785"},"modified":"2013-12-23T11:23:44","modified_gmt":"2013-12-23T08:23:44","slug":"isletmeler-devlete-odedigi-elektrik-vergisini-geri-alabilir","status":"publish","type":"post","link":"https:\/\/www.enerjigazetesi.ist\/en\/isletmeler-devlete-odedigi-elektrik-vergisini-geri-alabilir\/","title":{"rendered":"(Turkish) \u0130\u015fletmeler Devlete \u00d6dedi\u011fi Elektrik Vergisini Geri Alabilir!"},"content":{"rendered":"<p class=\"qtranxs-available-languages-message qtranxs-available-languages-message-en\">Sorry, this entry is only available in <a href=\"https:\/\/www.enerjigazetesi.ist\/tr\/wp-json\/wp\/v2\/posts\/19785\" class=\"qtranxs-available-language-link qtranxs-available-language-link-tr\" title=\"Turkish\">Turkish<\/a>. For the sake of viewer convenience, the content is shown below in the alternative language. You may click the link to switch the active language.<\/p><p><strong>M\u00dcS\u0130AD Berlin taraf\u0131ndan d\u00fczenlenen \u2018Enerji piyasas\u0131 ve elektrik vergisi\u2019 seminerinde Serkan Demirci, 2014\u2019den itibaren elektrik vergisini geri alabilmek i\u00e7in firmalar\u0131n enerji verimlili\u011fi analizi yapt\u0131rmalar\u0131 gerekti\u011fini s\u00f6yledi. Demirci, elektrik vergisinin geri al\u0131nmas\u0131nda gerekli olacak bu analizin \u00f6n\u00fcm\u00fczdeki y\u0131llarda t\u00fcm i\u015fletmeler i\u00e7in zorunlu olabilece\u011fine dikkat \u00e7ekti.<\/strong><\/p>\n<p>M\u00dcS\u0130AD Berlin\u2019de ger\u00e7ekle\u015ftirilen \u2018Enerji piyasas\u0131 ve elektrik vergisi\u2019 seminerinde Almanya\u2019da bir\u00e7ok i\u015fletmenin devlete \u00f6dedi\u011fi elektrik vergisini geri alabilme imkan\u0131n<a href=\"https:\/\/www.enerjigazetesi.ist\/wp-content\/uploads\/2013\/12\/isletmeler-devlete-odedigi-elektrik-vergisini-geri-alabilir.jpg\"><img loading=\"lazy\" class=\"alignleft size-medium wp-image-19786\" title=\"isletmeler-devlete-odedigi-elektrik-vergisini-geri-alabilir\" src=\"https:\/\/www.enerjigazetesi.ist\/wp-content\/uploads\/2013\/12\/isletmeler-devlete-odedigi-elektrik-vergisini-geri-alabilir-300x201.jpg\" alt=\"\" width=\"300\" height=\"201\" srcset=\"https:\/\/www.enerjigazetesi.ist\/wp-content\/uploads\/2013\/12\/isletmeler-devlete-odedigi-elektrik-vergisini-geri-alabilir-300x201.jpg 300w, https:\/\/www.enerjigazetesi.ist\/wp-content\/uploads\/2013\/12\/isletmeler-devlete-odedigi-elektrik-vergisini-geri-alabilir-500x335.jpg 500w, https:\/\/www.enerjigazetesi.ist\/wp-content\/uploads\/2013\/12\/isletmeler-devlete-odedigi-elektrik-vergisini-geri-alabilir-74x50.jpg 74w, https:\/\/www.enerjigazetesi.ist\/wp-content\/uploads\/2013\/12\/isletmeler-devlete-odedigi-elektrik-vergisini-geri-alabilir.jpg 531w\" sizes=\"(max-width: 300px) 100vw, 300px\" \/><\/a>a sahip oldu\u011fu belirtildi.<\/p>\n<p>M\u00dcS\u0130AD, SDE Energiemanagement ve RWE\u2019ye ba\u011fl\u0131 Enviam \u015firketi ile ortakla\u015fa ger\u00e7ekle\u015ftirilen programda kat\u0131l\u0131mc\u0131lara enerji piyasas\u0131n\u0131n i\u015fleyi\u015fi ve enerji fiyatlar\u0131n\u0131n olu\u015fumu anlat\u0131ld\u0131. Elektrik birim fiyat\u0131n\u0131n hesaplan\u0131rken ortaya \u00e7\u0131kan fiyat\u0131n b\u00fcy\u00fck k\u0131sm\u0131n\u0131n da\u011f\u0131t\u0131m bedeli, elektrik vergisi, yenilenebilir enerji bedeli, KDV ve di\u011fer bedellerden olu\u015ftu\u011funun alt\u0131 \u00e7izildi.<\/p>\n<p>Programda sunumu ger\u00e7ekle\u015ftiren Mahmut Nedim Erul ve Serkan Demirci elektrik birim fiyat\u0131n\u0131n i\u00e7inde bulunan elektrik vergisinin belli \u015fartlarda geri al\u0131nabilece\u011fini, \u00f6zellikle \u00fcretim yapan ve elektrik t\u00fcketimi belli bir rakam\u0131n \u00fczerinde olan i\u015fletmelerin bu haktan yararlanmalar\u0131n\u0131n enerji giderlerini b\u00fcy\u00fck oranda azaltaca\u011f\u0131n\u0131 vurgulad\u0131lar.<\/p>\n<p>2014\u2032den itibaren elektrik vergisini geri alabilmek i\u00e7in firmalar\u0131n enerji verimlili\u011fi analizi yapt\u0131rmalar\u0131 gerekti\u011fini belirten Serkan Demirci elektrik vergisinin geri al\u0131nmas\u0131nda gerekli olacak olan bu analizin \u00f6n\u00fcm\u00fczdeki y\u0131llarda t\u00fcm i\u015fletmeler i\u00e7in zorunlu olabilece\u011fi vurgusunu yapt\u0131.<\/p>\n<p>Demirci bu analizin her hal\u00fckarda yapt\u0131r\u0131lmas\u0131n\u0131n i\u015fletmelere faydal\u0131 olaca\u011f\u0131n\u0131, b\u00f6ylelikle haz\u0131rlanacak raporlar ile enerji harcamalar\u0131n\u0131n minimize edilerek alternatiflerin firmalara sunulaca\u011f\u0131n\u0131 s\u00f6yledi.<\/p>\n<p>Yazan:\u00a0Ahmet Rasim Arabac\u0131<\/p>\n<p>Kaynak: <a href=\"http:\/\/zaman-online.de\/isletmeler-devlete-odedigi-elektrik-vergisini-geri-alabilir-94239\" target=\"_blank\">Zaman<\/a><\/p>","protected":false},"excerpt":{"rendered":"<p>Sorry, this entry is only available in Turkish. For the sake of viewer convenience, the content is shown below in the alternative language. You may click the link to switch the active language.M\u00dcS\u0130AD Berlin taraf\u0131ndan d\u00fczenlenen \u2018Enerji piyasas\u0131 ve elektrik vergisi\u2019 seminerinde Serkan Demirci, 2014\u2019den itibaren elektrik vergisini geri alabilmek i\u00e7in firmalar\u0131n enerji verimlili\u011fi analizi [&hellip;]<\/p>\n","protected":false},"author":1,"featured_media":19786,"comment_status":"open","ping_status":"open","sticky":false,"template":"","format":"standard","meta":[],"categories":[51,53,52],"tags":[11509,63,11513,67,1009,11512,11507,165,11510,4985,1453,11506,3242,11511,102,11508],"views":860,"_links":{"self":[{"href":"https:\/\/www.enerjigazetesi.ist\/en\/wp-json\/wp\/v2\/posts\/19785"}],"collection":[{"href":"https:\/\/www.enerjigazetesi.ist\/en\/wp-json\/wp\/v2\/posts"}],"about":[{"href":"https:\/\/www.enerjigazetesi.ist\/en\/wp-json\/wp\/v2\/types\/post"}],"author":[{"embeddable":true,"href":"https:\/\/www.enerjigazetesi.ist\/en\/wp-json\/wp\/v2\/users\/1"}],"replies":[{"embeddable":true,"href":"https:\/\/www.enerjigazetesi.ist\/en\/wp-json\/wp\/v2\/comments?post=19785"}],"version-history":[{"count":1,"href":"https:\/\/www.enerjigazetesi.ist\/en\/wp-json\/wp\/v2\/posts\/19785\/revisions"}],"predecessor-version":[{"id":19787,"href":"https:\/\/www.enerjigazetesi.ist\/en\/wp-json\/wp\/v2\/posts\/19785\/revisions\/19787"}],"wp:featuredmedia":[{"embeddable":true,"href":"https:\/\/www.enerjigazetesi.ist\/en\/wp-json\/wp\/v2\/media\/19786"}],"wp:attachment":[{"href":"https:\/\/www.enerjigazetesi.ist\/en\/wp-json\/wp\/v2\/media?parent=19785"}],"wp:term":[{"taxonomy":"category","embeddable":true,"href":"https:\/\/www.enerjigazetesi.ist\/en\/wp-json\/wp\/v2\/categories?post=19785"},{"taxonomy":"post_tag","embeddable":true,"href":"https:\/\/www.enerjigazetesi.ist\/en\/wp-json\/wp\/v2\/tags?post=19785"}],"curies":[{"name":"wp","href":"https:\/\/api.w.org\/{rel}","templated":true}]}}