{"id":197841,"date":"2025-06-25T11:13:56","date_gmt":"2025-06-25T08:13:56","guid":{"rendered":"https:\/\/www.enerjigazetesi.ist\/?p=197841"},"modified":"2025-06-25T11:13:56","modified_gmt":"2025-06-25T08:13:56","slug":"eksim-enerji-sakaryanin-ruzgariyla-turkiyenin-enerjisini-donusturuyor","status":"publish","type":"post","link":"https:\/\/www.enerjigazetesi.ist\/en\/eksim-enerji-sakaryanin-ruzgariyla-turkiyenin-enerjisini-donusturuyor\/","title":{"rendered":"(Turkish) Eksim Enerji Sakarya\u2019n\u0131n R\u00fczgar\u0131yla T\u00fcrkiye\u2019nin Enerjisini D\u00f6n\u00fc\u015ft\u00fcr\u00fcyor!\u00a0"},"content":{"rendered":"<p class=\"qtranxs-available-languages-message qtranxs-available-languages-message-en\">Sorry, this entry is only available in <a href=\"https:\/\/www.enerjigazetesi.ist\/tr\/wp-json\/wp\/v2\/posts\/197841\" class=\"qtranxs-available-language-link qtranxs-available-language-link-tr\" title=\"Turkish\">Turkish<\/a>. For the sake of viewer convenience, the content is shown below in the alternative language. You may click the link to switch the active language.<\/p><p><\/p>\n<h2><strong>Eksim Enerji, Sakarya Geyve\u2019de bulunan r\u00fczgar enerjisi santralinde (RES) b\u00fcy\u00fck \u00e7apl\u0131 kapasite art\u0131r\u0131m\u0131n\u0131 tamamlad\u0131. \u0130\u015fletmeye ge\u00e7en<\/strong><strong>\u00a0yat\u0131r\u0131mla\u00a0<\/strong><strong>2024\u00a0<\/strong><strong>y\u0131l\u0131\u00a0<\/strong><strong>ba\u015f\u0131nda 50 MW olan\u00a0<\/strong><strong>kapasite\u00a0<\/strong><strong>150 MW g\u00fcce\u00a0<\/strong><strong>ula\u015fm\u0131\u015f oldu. Santralden \u00fcretilen toplam enerjiyle 171 bin hanenin elektrik ihtiyac\u0131 kar\u015f\u0131lanabilecek. T\u00fcrkiye\u2019nin<\/strong><strong>\u00a0temiz enerji\u00a0<\/strong><strong>d\u00f6n\u00fc\u015f\u00fcm\u00fc<\/strong><strong>\u00a0ve enerji arz g\u00fcvenli\u011fine \u00f6nemli bir destek sa\u011flayan<\/strong><strong>\u00a0Geyve RES i\u00e7in yap\u0131lan toplam yat\u0131r\u0131m miktar\u0131 ise<\/strong><strong>\u00a0195 milyon\u00a0<\/strong><strong>Euro oldu.<\/strong><\/h2>\n<p><img loading=\"lazy\" class=\"aligncenter wp-image-197844 size-full\" src=\"https:\/\/www.enerjigazetesi.ist\/wp-content\/uploads\/2025\/06\/1750836451_eksim_geyve2.jpg\" alt=\"\" width=\"550\" height=\"480\" srcset=\"https:\/\/www.enerjigazetesi.ist\/wp-content\/uploads\/2025\/06\/1750836451_eksim_geyve2.jpg 550w, https:\/\/www.enerjigazetesi.ist\/wp-content\/uploads\/2025\/06\/1750836451_eksim_geyve2-300x262.jpg 300w, https:\/\/www.enerjigazetesi.ist\/wp-content\/uploads\/2025\/06\/1750836451_eksim_geyve2-458x400.jpg 458w, https:\/\/www.enerjigazetesi.ist\/wp-content\/uploads\/2025\/06\/1750836451_eksim_geyve2-57x50.jpg 57w, https:\/\/www.enerjigazetesi.ist\/wp-content\/uploads\/2025\/06\/1750836451_eksim_geyve2-500x436.jpg 500w\" sizes=\"(max-width: 550px) 100vw, 550px\" \/><\/p>\n<p>&nbsp;<\/p>\n<p>T\u00fcrkiye\u2019nin ye\u015fil d\u00f6n\u00fc\u015f\u00fcm\u00fcne y\u00fczde y\u00fcz yenilenebilir enerji \u00fcretimiyle katk\u0131 sa\u011flayan Eksim Enerji, kamuoyu ile payla\u015ft\u0131\u011f\u0131 yat\u0131r\u0131m program\u0131n\u0131 k\u0131sa s\u00fcre i\u00e7erisinde ba\u015far\u0131yla uygulamaya devam ediyor. Sakarya\u2019n\u0131n Geyve il\u00e7esinde bulunan r\u00fczgar enerjisi santralinin (RES) kapasitesini 150 MW\u2019a y\u00fckselten \u015firket, son olarak 80 milyon Euro yat\u0131r\u0131m ile 14 t\u00fcrbinin ticari i\u015fletmeye ge\u00e7i\u015fini sa\u011flad\u0131. \u00a0\u0130lk \u00fcretimin 2020 y\u0131l\u0131nda yap\u0131ld\u0131\u011f\u0131 Geyve santralinde toplam yat\u0131r\u0131m tutar\u0131 195 milyon Euro\u2019ya ula\u015ft\u0131.<\/p>\n<p><img loading=\"lazy\" class=\"aligncenter wp-image-197843 size-full\" src=\"https:\/\/www.enerjigazetesi.ist\/wp-content\/uploads\/2025\/06\/1750836454_Eksim_Enerji_CEO_Ark__n_Akbay-1.jpg\" alt=\"\" width=\"550\" height=\"480\" srcset=\"https:\/\/www.enerjigazetesi.ist\/wp-content\/uploads\/2025\/06\/1750836454_Eksim_Enerji_CEO_Ark__n_Akbay-1.jpg 550w, https:\/\/www.enerjigazetesi.ist\/wp-content\/uploads\/2025\/06\/1750836454_Eksim_Enerji_CEO_Ark__n_Akbay-1-300x262.jpg 300w, https:\/\/www.enerjigazetesi.ist\/wp-content\/uploads\/2025\/06\/1750836454_Eksim_Enerji_CEO_Ark__n_Akbay-1-458x400.jpg 458w, https:\/\/www.enerjigazetesi.ist\/wp-content\/uploads\/2025\/06\/1750836454_Eksim_Enerji_CEO_Ark__n_Akbay-1-57x50.jpg 57w, https:\/\/www.enerjigazetesi.ist\/wp-content\/uploads\/2025\/06\/1750836454_Eksim_Enerji_CEO_Ark__n_Akbay-1-500x436.jpg 500w\" sizes=\"(max-width: 550px) 100vw, 550px\" \/><\/p>\n<h3><strong>Kapasitemizi \u00fc\u00e7 kat\u0131na \u00e7\u0131kard\u0131k, 171 bin hane temiz enerji kullanacak<\/strong><\/h3>\n<p>Projeye ili\u015fkin konu\u015fan\u00a0<strong>Eksim Enerji CEO\u2019su Ark\u0131n Akbay,<\/strong><em>\u00a0\u201cOperasyonel h\u0131z\u0131m\u0131z ve verimlili\u011fimiz sayesinde Geyve RES\u2019in kapasitesini planlad\u0131\u011f\u0131m\u0131z s\u00fcre i\u00e7inde 50 MW\u2019dan 150 MW\u2019a ula\u015ft\u0131rd\u0131k. Santralimiz y\u0131lda ortalama 410 milyon kWh enerji \u00fcretecek ve b\u00f6ylelikle yakla\u015f\u0131k 171 bin hanenin elektrik ihtiyac\u0131n\u0131n tamam\u0131 yenilenebilir kaynaktan \u00fcretilen enerjiyle kar\u015f\u0131lanm\u0131\u015f olacak\u201d<\/em> dedi. Geyve RES\u2019in ayn\u0131 zamanda \u00e7evresel hassasiyet a\u00e7\u0131s\u0131ndan \u00f6rnek te\u015fkil etti\u011finin alt\u0131n\u0131 \u00e7izen\u00a0<strong>Akbay<\/strong><strong>\u00a0<\/strong>\u015funlar\u0131 s\u00f6yledi: <em>\u201cTemiz enerji d\u00f6n\u00fc\u015f\u00fcm\u00fc ve arz g\u00fcvenli\u011fini art\u0131rman\u0131n en \u00f6nemli yolunun do\u011fayla uyumlu bir \u00fcretim anlay\u0131\u015f\u0131ndan ge\u00e7ti\u011fine inan\u0131yoruz. Santralimiz sayesinde \u015fimdiye kadar \u00f6n\u00fcne ge\u00e7ilen karbon sal\u0131m miktar\u0131 yakla\u015f\u0131k 350 bin ton oldu. Geyve\u2019de oldu\u011fu gibi yat\u0131r\u0131m yapt\u0131\u011f\u0131m\u0131z her b\u00f6lgeye \u00f6zel saha ara\u015ft\u0131rmalar\u0131 do\u011frultusunda do\u011fayla uyumu bozacak herhangi bir unsurun olmamas\u0131na dikkat ederek, yat\u0131r\u0131mlar\u0131m\u0131z\u0131 bu hassasiyetle ger\u00e7ekle\u015ftiriyoruz. \u00c7al\u0131\u015fmalar\u0131m\u0131zla hem \u00fclkemizin karbon ayak izini azaltmay\u0131 hem de gelecek nesillere temiz bir miras b\u0131rakmay\u0131 ama\u00e7l\u0131yoruz. Eksim Enerji; kalite, \u00e7evre, i\u015f sa\u011fl\u0131\u011f\u0131 ve g\u00fcvenli\u011finin yan\u0131 s\u0131ra bulundu\u011fu co\u011frafyan\u0131n ve halk\u0131n hassasiyetlerini dikkate ald\u0131\u011f\u0131 yeni kapasite art\u0131\u015flar\u0131na da haz\u0131r. Bakanl\u0131\u011f\u0131m\u0131z\u0131n, TE\u0130A\u015e\u2019\u0131n ve EPDK\u2019n\u0131n uygun g\u00f6rece\u011fi kapasiteleri h\u0131zla \u00fclkemize kazand\u0131r\u0131yoruz, kazand\u0131rmaya devam etmek i\u00e7in yenilerini bekliyoruz.\u201d\u00a0 dedi.<\/em><\/p>\n<h3><strong>Geyve RES \u0130stihdama da Katk\u0131 Sa\u011fl\u0131yor<\/strong><\/h3>\n<p>Yenilenebilir enerji yat\u0131r\u0131mlar\u0131n\u0131n T\u00fcrkiye\u2019ye bir di\u011fer katk\u0131s\u0131 da olu\u015fturdu\u011fu ye\u015fil istihdam g\u00fcc\u00fc. Kapasitenin artmas\u0131yla birlikte istihdam\u0131n da artt\u0131\u011f\u0131 Geyve RES\u2019te, yeni yat\u0131r\u0131mlarla birlikte yeni istihdam olanaklar\u0131n\u0131n da olu\u015fmas\u0131 bekleniyor.<\/p>\n<p>Yay\u0131na Alan: Alperen ERTA\u015e-<a href=\"http:\/\/alperen.ertas@enerjigazetesi.ist\">alperen.ertas@enerjigazetesi.ist<\/a><\/p>","protected":false},"excerpt":{"rendered":"<p>Sorry, this entry is only available in Turkish. For the sake of viewer convenience, the content is shown below in the alternative language. You may click the link to switch the active language. Eksim Enerji, Sakarya Geyve\u2019de bulunan r\u00fczgar enerjisi santralinde (RES) b\u00fcy\u00fck \u00e7apl\u0131 kapasite art\u0131r\u0131m\u0131n\u0131 tamamlad\u0131. \u0130\u015fletmeye ge\u00e7en\u00a0yat\u0131r\u0131mla\u00a02024\u00a0y\u0131l\u0131\u00a0ba\u015f\u0131nda 50 MW olan\u00a0kapasite\u00a0150 MW g\u00fcce\u00a0ula\u015fm\u0131\u015f oldu. [&hellip;]<\/p>\n","protected":false},"author":19,"featured_media":197844,"comment_status":"open","ping_status":"open","sticky":false,"template":"","format":"standard","meta":[],"categories":[53,50],"tags":[97192,67,16,846],"views":9,"_links":{"self":[{"href":"https:\/\/www.enerjigazetesi.ist\/en\/wp-json\/wp\/v2\/posts\/197841"}],"collection":[{"href":"https:\/\/www.enerjigazetesi.ist\/en\/wp-json\/wp\/v2\/posts"}],"about":[{"href":"https:\/\/www.enerjigazetesi.ist\/en\/wp-json\/wp\/v2\/types\/post"}],"author":[{"embeddable":true,"href":"https:\/\/www.enerjigazetesi.ist\/en\/wp-json\/wp\/v2\/users\/19"}],"replies":[{"embeddable":true,"href":"https:\/\/www.enerjigazetesi.ist\/en\/wp-json\/wp\/v2\/comments?post=197841"}],"version-history":[{"count":0,"href":"https:\/\/www.enerjigazetesi.ist\/en\/wp-json\/wp\/v2\/posts\/197841\/revisions"}],"wp:featuredmedia":[{"embeddable":true,"href":"https:\/\/www.enerjigazetesi.ist\/en\/wp-json\/wp\/v2\/media\/197844"}],"wp:attachment":[{"href":"https:\/\/www.enerjigazetesi.ist\/en\/wp-json\/wp\/v2\/media?parent=197841"}],"wp:term":[{"taxonomy":"category","embeddable":true,"href":"https:\/\/www.enerjigazetesi.ist\/en\/wp-json\/wp\/v2\/categories?post=197841"},{"taxonomy":"post_tag","embeddable":true,"href":"https:\/\/www.enerjigazetesi.ist\/en\/wp-json\/wp\/v2\/tags?post=197841"}],"curies":[{"name":"wp","href":"https:\/\/api.w.org\/{rel}","templated":true}]}}