{"id":197814,"date":"2025-06-24T11:31:05","date_gmt":"2025-06-24T08:31:05","guid":{"rendered":"https:\/\/www.enerjigazetesi.ist\/?p=197814"},"modified":"2025-06-24T16:59:24","modified_gmt":"2025-06-24T13:59:24","slug":"sabanci-enerji-ve-dijital-is-kollari-arasindaki-sinerjiyi-artiriyor","status":"publish","type":"post","link":"https:\/\/www.enerjigazetesi.ist\/en\/sabanci-enerji-ve-dijital-is-kollari-arasindaki-sinerjiyi-artiriyor\/","title":{"rendered":"(Turkish) Sabanc\u0131 Enerji ve Dijital \u0130\u015f Kollar\u0131 Aras\u0131ndaki Sinerjiyi Art\u0131r\u0131yor"},"content":{"rendered":"<p class=\"qtranxs-available-languages-message qtranxs-available-languages-message-en\">Sorry, this entry is only available in <a href=\"https:\/\/www.enerjigazetesi.ist\/tr\/wp-json\/wp\/v2\/posts\/197814\" class=\"qtranxs-available-language-link qtranxs-available-language-link-tr\" title=\"Turkish\">Turkish<\/a>. For the sake of viewer convenience, the content is shown below in the alternative language. You may click the link to switch the active language.<\/p><p><\/p>\n<h2>2029 yol haritas\u0131 kapsam\u0131nda, dijitali stratejik i\u015f kollar\u0131ndan biri olarak kabul eden Sabanc\u0131 Holding, bu alandaki b\u00fcy\u00fcme ve \u00f6l\u00e7eklenme f\u0131rsatlar\u0131n\u0131n daha geni\u015f bir stratejik bak\u0131\u015f a\u00e7\u0131s\u0131yla de\u011ferlendirilmesi i\u00e7in organizasyonel bir de\u011fi\u015fikli\u011fe gitti. Bu do\u011frultuda; hisselerinin tamam\u0131 Sabanc\u0131 Holding\u2019e ait olan DxBV\u2019nin \u00e7at\u0131s\u0131 alt\u0131nda yer alan \u015firketler, faaliyetlerine Sabanc\u0131 Holding CEO\u2019su K\u0131van\u00e7 Zaimler\u2019e do\u011frudan ba\u011fl\u0131 olarak devam edecektir.<\/h2>\n<p><img loading=\"lazy\" class=\"aligncenter wp-image-197815 size-full\" src=\"https:\/\/www.enerjigazetesi.ist\/wp-content\/uploads\/2025\/06\/1750424781_Sabanc___Center.jpg\" alt=\"\" width=\"550\" height=\"480\" srcset=\"https:\/\/www.enerjigazetesi.ist\/wp-content\/uploads\/2025\/06\/1750424781_Sabanc___Center.jpg 550w, https:\/\/www.enerjigazetesi.ist\/wp-content\/uploads\/2025\/06\/1750424781_Sabanc___Center-300x262.jpg 300w, https:\/\/www.enerjigazetesi.ist\/wp-content\/uploads\/2025\/06\/1750424781_Sabanc___Center-458x400.jpg 458w, https:\/\/www.enerjigazetesi.ist\/wp-content\/uploads\/2025\/06\/1750424781_Sabanc___Center-57x50.jpg 57w, https:\/\/www.enerjigazetesi.ist\/wp-content\/uploads\/2025\/06\/1750424781_Sabanc___Center-500x436.jpg 500w\" sizes=\"(max-width: 550px) 100vw, 550px\" \/><\/p>\n<p>Ge\u00e7ti\u011fimiz g\u00fcnlerde <strong>Sabanc\u0131 Holding CEO\u2019lu\u011fu g\u00f6revini \u00fcstlenen K\u0131van\u00e7 Zaimler<\/strong>, mevcut rol\u00fcne ek olarak, <em>&#8220;Topluluk b\u00fcnyesindeki yurt i\u00e7i ve k\u00fcresel enerji operasyonlar\u0131na liderlik etmeye de devam ediyor. B\u00f6ylece enerji ve dijital i\u015f kollar\u0131 aras\u0131ndaki sinerjinin art\u0131r\u0131lmas\u0131, b\u00fcy\u00fcme giri\u015fimlerine daha etkin bir \u015fekilde odaklan\u0131lmas\u0131 ve yat\u0131r\u0131m s\u00fcre\u00e7lerinde icra h\u0131z\u0131n\u0131n art\u0131r\u0131lmas\u0131 ama\u00e7lan\u0131yor.&#8221;<\/em> dedi.<\/p>\n<p>Yay\u0131na Alan: Alperen ERTA\u015e-<a href=\"http:\/\/alperen.ertas@enerjigazetesi.ist\">alperen.ertas@enerjigazetesi.ist<\/a><\/p>","protected":false},"excerpt":{"rendered":"<p>Sorry, this entry is only available in Turkish. For the sake of viewer convenience, the content is shown below in the alternative language. You may click the link to switch the active language. 2029 yol haritas\u0131 kapsam\u0131nda, dijitali stratejik i\u015f kollar\u0131ndan biri olarak kabul eden Sabanc\u0131 Holding, bu alandaki b\u00fcy\u00fcme ve \u00f6l\u00e7eklenme f\u0131rsatlar\u0131n\u0131n daha geni\u015f [&hellip;]<\/p>\n","protected":false},"author":19,"featured_media":197815,"comment_status":"open","ping_status":"open","sticky":false,"template":"","format":"standard","meta":[],"categories":[53],"tags":[116845,67,1048,846],"views":10,"_links":{"self":[{"href":"https:\/\/www.enerjigazetesi.ist\/en\/wp-json\/wp\/v2\/posts\/197814"}],"collection":[{"href":"https:\/\/www.enerjigazetesi.ist\/en\/wp-json\/wp\/v2\/posts"}],"about":[{"href":"https:\/\/www.enerjigazetesi.ist\/en\/wp-json\/wp\/v2\/types\/post"}],"author":[{"embeddable":true,"href":"https:\/\/www.enerjigazetesi.ist\/en\/wp-json\/wp\/v2\/users\/19"}],"replies":[{"embeddable":true,"href":"https:\/\/www.enerjigazetesi.ist\/en\/wp-json\/wp\/v2\/comments?post=197814"}],"version-history":[{"count":0,"href":"https:\/\/www.enerjigazetesi.ist\/en\/wp-json\/wp\/v2\/posts\/197814\/revisions"}],"wp:featuredmedia":[{"embeddable":true,"href":"https:\/\/www.enerjigazetesi.ist\/en\/wp-json\/wp\/v2\/media\/197815"}],"wp:attachment":[{"href":"https:\/\/www.enerjigazetesi.ist\/en\/wp-json\/wp\/v2\/media?parent=197814"}],"wp:term":[{"taxonomy":"category","embeddable":true,"href":"https:\/\/www.enerjigazetesi.ist\/en\/wp-json\/wp\/v2\/categories?post=197814"},{"taxonomy":"post_tag","embeddable":true,"href":"https:\/\/www.enerjigazetesi.ist\/en\/wp-json\/wp\/v2\/tags?post=197814"}],"curies":[{"name":"wp","href":"https:\/\/api.w.org\/{rel}","templated":true}]}}