{"id":197797,"date":"2025-06-24T10:57:11","date_gmt":"2025-06-24T07:57:11","guid":{"rendered":"https:\/\/www.enerjigazetesi.ist\/?p=197797"},"modified":"2025-06-24T10:57:11","modified_gmt":"2025-06-24T07:57:11","slug":"carrefoursadan-18-milyon-dolarlik-ges-yatirimi","status":"publish","type":"post","link":"https:\/\/www.enerjigazetesi.ist\/en\/carrefoursadan-18-milyon-dolarlik-ges-yatirimi\/","title":{"rendered":"(Turkish) CarrefourSA\u2019dan 18 Milyon Dolarl\u0131k GES Yat\u0131r\u0131m\u0131"},"content":{"rendered":"<p class=\"qtranxs-available-languages-message qtranxs-available-languages-message-en\">Sorry, this entry is only available in <a href=\"https:\/\/www.enerjigazetesi.ist\/tr\/wp-json\/wp\/v2\/posts\/197797\" class=\"qtranxs-available-language-link qtranxs-available-language-link-tr\" title=\"Turkish\">Turkish<\/a>. For the sake of viewer convenience, the content is shown below in the alternative language. You may click the link to switch the active language.<\/p><p><\/p>\n<h2><strong>Sabanc\u0131 Holding ve Carrefour Grup i\u015ftiraki CarrefourSA, s\u00fcrd\u00fcr\u00fclebilirlik vizyonu do\u011frultusunda 18 milyon dolarl\u0131k G\u00fcne\u015f Enerji Santrali (GES) yat\u0131r\u0131m\u0131na imza att\u0131. CarrefourSA\u2019n\u0131n \u015eanl\u0131urfa\u2019da 297 d\u00f6n\u00fcm arazi \u00fczerinde, 29,3 MWp kurulu g\u00fcce sahip hayata ge\u00e7irdi\u011fi G\u00fcne\u015f Enerji Santrali tam kapasiteyle devreye girdi\u011finde, y\u0131lda yakla\u015f\u0131k 53 milyon kWh elektrik \u00fcreterek, yakla\u015f\u0131k 20.000 evin enerji ihtiyac\u0131n\u0131 kar\u015f\u0131layacak miktarda enerji \u00fcretecek; y\u0131lda yakla\u015f\u0131k 27.000 ton karbon emisyonu azalt\u0131m\u0131yla do\u011faya b\u00fcy\u00fck bir katk\u0131 sa\u011flayacak.<\/strong><\/h2>\n<p><img loading=\"lazy\" class=\"aligncenter wp-image-197799 size-full\" src=\"https:\/\/www.enerjigazetesi.ist\/wp-content\/uploads\/2025\/06\/1750745432_CarrefourSA_Ges.jpg\" alt=\"\" width=\"550\" height=\"367\" srcset=\"https:\/\/www.enerjigazetesi.ist\/wp-content\/uploads\/2025\/06\/1750745432_CarrefourSA_Ges.jpg 550w, https:\/\/www.enerjigazetesi.ist\/wp-content\/uploads\/2025\/06\/1750745432_CarrefourSA_Ges-300x200.jpg 300w, https:\/\/www.enerjigazetesi.ist\/wp-content\/uploads\/2025\/06\/1750745432_CarrefourSA_Ges-500x334.jpg 500w, https:\/\/www.enerjigazetesi.ist\/wp-content\/uploads\/2025\/06\/1750745432_CarrefourSA_Ges-75x50.jpg 75w, https:\/\/www.enerjigazetesi.ist\/wp-content\/uploads\/2025\/06\/1750745432_CarrefourSA_Ges-450x300.jpg 450w\" sizes=\"(max-width: 550px) 100vw, 550px\" \/><\/p>\n<p>&nbsp;<\/p>\n<p>Sabanc\u0131 Holding ve Carrefour Grup i\u015ftiraki, T\u00fcrkiye perakende sekt\u00f6r\u00fcn\u00fcn \u00f6nc\u00fc markas\u0131 CarrefourSA, 74 ilde 1250\u2019dan fazla ma\u011fazas\u0131 ve bayileri dahil olmak \u00fczere 15.000 ki\u015fiye ula\u015fan kadrosuyla m\u00fc\u015fterilerine do\u011fru \u00fcr\u00fcn\u00fc, do\u011fru \u00fcreticiden, do\u011fru fiyata ula\u015ft\u0131r\u0131rken;<em> &#8220;Ya\u015fam i\u00e7in Do\u011frusu&#8221;<\/em> anlay\u0131\u015f\u0131yla s\u00fcrd\u00fcr\u00fclebilirlik ve enerji verimlili\u011fini \u00f6ncelik haline getirerek yenilenebilir enerji yat\u0131r\u0131mlar\u0131n\u0131 kararl\u0131l\u0131kla s\u00fcrd\u00fcr\u00fcyor. CarrefourSA bu vizyon do\u011frultusunda, \u015eanl\u0131urfa\u2019da 297 d\u00f6n\u00fcm arazi \u00fczerinde, 29,3 MWp kurulu g\u00fcce sahip olacak bir G\u00fcne\u015f Enerji Santrali (GES) i\u00e7in Giri\u015fim Elektrik Sanayi Taahh\u00fct ve Ticaret A.\u015e. ile Enerji Performans S\u00f6zle\u015fmesi imzalad\u0131. 18 milyon dolarl\u0131k yat\u0131r\u0131m tutar\u0131na sahip proje kapsam\u0131nda kurulacak olan santralin, kurulumu ba\u015flam\u0131\u015f olup, 6-9 ay i\u00e7inde tam kapasiteyle devreye al\u0131nmas\u0131 planlan\u0131yor.<\/p>\n<h3><strong>Y\u0131ll\u0131k enerji ihtiyac\u0131n\u0131n % 35\u2019ini kar\u015f\u0131layacak\u00a0<\/strong><\/h3>\n<p>Y\u0131ll\u0131k yakla\u015f\u0131k 53 milyon kWh yenilenebilir enerji \u00fcretecek olan santral, CarrefourSA\u2019n\u0131n y\u0131ll\u0131k elektrik ihtiyac\u0131n\u0131n %35\u2019ini kar\u015f\u0131layacak kapasitede olacak. Ayr\u0131ca bu proje ile y\u0131lda yakla\u015f\u0131k 27.000 ton karbon emisyonu azalt\u0131lacak olup, bu miktar, yakla\u015f\u0131k 1,2 milyon a\u011fac\u0131n y\u0131ll\u0131k karbon emilim kapasitesine e\u015fde\u011ferdir.<\/p>\n<h3><strong>\u00a0<\/strong><strong>Yat\u0131r\u0131mlar\u0131m\u0131zda enerji verimlili\u011fine odakland\u0131k<\/strong><\/h3>\n<p>Finansal uygulamalar\u0131 \u00f6n planda tutarak, do\u011fa dostu bir gelece\u011fe katk\u0131da bulunmak i\u00e7in Ya\u015fam i\u00e7in Do\u011frusu demeye devam ettiklerini s\u00f6yleyen\u00a0<strong>CarrefourSA \u0130cra Kurulu \u00dcyesi Bulut Batum<\/strong>, <em>\u201cD\u00fcnya h\u0131zla de\u011fi\u015fiyor ve bu de\u011fi\u015fim, do\u011fayla uyumlu bir yakla\u015f\u0131m benimsememizi gerektiriyor. 2020 y\u0131l\u0131nda h\u0131z verdi\u011fimiz enerji yat\u0131r\u0131mlar\u0131m\u0131z ve enerji verimlili\u011fi projelerimiz sayesinde, do\u011frudan faaliyetlerimizden kaynaklanan CO2e emisyonunu, 25.000 ton azaltt\u0131k ve 400 ma\u011fazam\u0131zda 50.000 MWh elektrik tasarrufu sa\u011flad\u0131k. \u00a0Tasarruflar\u0131m\u0131za kararl\u0131l\u0131kla devam edece\u011fiz. \u015eirketimizin, gelecek vizyonumuz do\u011frultusunda, \u015eanl\u0131urfa\u2019da kurulacak olan g\u00fcne\u015f enerji santralimiz, CarrefourSA\u2019n\u0131n y\u0131ll\u0131k elektrik ihtiyac\u0131n\u0131n %35\u2019ini kar\u015f\u0131layacak kapasitede olacak ve y\u0131ll\u0131k yakla\u015f\u0131k 53 milyon kWh yenilenebilir enerji \u00fcretecek. Bu proje ile yakla\u015f\u0131k 27.000 ton d\u00fczeyinde, karbon emisyonumuzu da azaltm\u0131\u015f olaca\u011f\u0131z. CarrefourSA olarak s\u00fcrd\u00fcr\u00fclebilirli\u011fi t\u00fcm operasyonlar\u0131m\u0131z\u0131n merkezine koyaca\u011f\u0131z bu alandaki yat\u0131r\u0131mlar\u0131m\u0131z\u0131 art\u0131rarak devam ettirece\u011fiz.\u201d dedi.<\/em><\/p>\n<p>Yay\u0131na Alan: Alperen ERTA\u015e-<a href=\"http:\/\/alperen.ertas@enerjigazetesi.ist\">alperen.ertas@enerjigazetesi.ist<\/a><\/p>","protected":false},"excerpt":{"rendered":"<p>Sorry, this entry is only available in Turkish. For the sake of viewer convenience, the content is shown below in the alternative language. You may click the link to switch the active language. Sabanc\u0131 Holding ve Carrefour Grup i\u015ftiraki CarrefourSA, s\u00fcrd\u00fcr\u00fclebilirlik vizyonu do\u011frultusunda 18 milyon dolarl\u0131k G\u00fcne\u015f Enerji Santrali (GES) yat\u0131r\u0131m\u0131na imza att\u0131. CarrefourSA\u2019n\u0131n \u015eanl\u0131urfa\u2019da [&hellip;]<\/p>\n","protected":false},"author":19,"featured_media":197800,"comment_status":"open","ping_status":"open","sticky":false,"template":"","format":"standard","meta":[],"categories":[53,49],"tags":[32779,67,2326,1048],"views":8,"_links":{"self":[{"href":"https:\/\/www.enerjigazetesi.ist\/en\/wp-json\/wp\/v2\/posts\/197797"}],"collection":[{"href":"https:\/\/www.enerjigazetesi.ist\/en\/wp-json\/wp\/v2\/posts"}],"about":[{"href":"https:\/\/www.enerjigazetesi.ist\/en\/wp-json\/wp\/v2\/types\/post"}],"author":[{"embeddable":true,"href":"https:\/\/www.enerjigazetesi.ist\/en\/wp-json\/wp\/v2\/users\/19"}],"replies":[{"embeddable":true,"href":"https:\/\/www.enerjigazetesi.ist\/en\/wp-json\/wp\/v2\/comments?post=197797"}],"version-history":[{"count":0,"href":"https:\/\/www.enerjigazetesi.ist\/en\/wp-json\/wp\/v2\/posts\/197797\/revisions"}],"wp:featuredmedia":[{"embeddable":true,"href":"https:\/\/www.enerjigazetesi.ist\/en\/wp-json\/wp\/v2\/media\/197800"}],"wp:attachment":[{"href":"https:\/\/www.enerjigazetesi.ist\/en\/wp-json\/wp\/v2\/media?parent=197797"}],"wp:term":[{"taxonomy":"category","embeddable":true,"href":"https:\/\/www.enerjigazetesi.ist\/en\/wp-json\/wp\/v2\/categories?post=197797"},{"taxonomy":"post_tag","embeddable":true,"href":"https:\/\/www.enerjigazetesi.ist\/en\/wp-json\/wp\/v2\/tags?post=197797"}],"curies":[{"name":"wp","href":"https:\/\/api.w.org\/{rel}","templated":true}]}}