{"id":197713,"date":"2025-06-12T13:17:38","date_gmt":"2025-06-12T10:17:38","guid":{"rendered":"https:\/\/www.enerjigazetesi.ist\/?p=197713"},"modified":"2025-06-12T13:25:01","modified_gmt":"2025-06-12T10:25:01","slug":"yaklasik-1-milyon-900-bin-fidan-toprakla-bulustu","status":"publish","type":"post","link":"https:\/\/www.enerjigazetesi.ist\/en\/yaklasik-1-milyon-900-bin-fidan-toprakla-bulustu\/","title":{"rendered":"(Turkish) Yakla\u015f\u0131k 1 Milyon 900 Bin Fidan Toprakla Bulu\u015ftu"},"content":{"rendered":"<p class=\"qtranxs-available-languages-message qtranxs-available-languages-message-en\">Sorry, this entry is only available in <a href=\"https:\/\/www.enerjigazetesi.ist\/tr\/wp-json\/wp\/v2\/posts\/197713\" class=\"qtranxs-available-language-link qtranxs-available-language-link-tr\" title=\"Turkish\">Turkish<\/a>. For the sake of viewer convenience, the content is shown below in the alternative language. You may click the link to switch the active language.<\/p><p><\/p>\n<h2>Enerji ve Tabii Kaynaklar Bakanl\u0131\u011f\u0131, 2053 net s\u0131f\u0131r emisyon vizyonu do\u011frultusunda stratejiler olu\u015ftururken enerji sekt\u00f6r\u00fcyle birlikte \u00e7evreci uygulamalara da imza at\u0131yor. Bu kapsamda sekt\u00f6rdeki sivil toplum kurulu\u015flar\u0131n\u0131n katk\u0131lar\u0131yla 2024 y\u0131l\u0131nda yakla\u015f\u0131k 1 milyon 900 bin fidan toprakla bulu\u015ftu.<\/h2>\n<p><img loading=\"lazy\" class=\"aligncenter wp-image-197715\" src=\"https:\/\/www.enerjigazetesi.ist\/wp-content\/uploads\/2025\/06\/dynupload_202506051152.jpg\" alt=\"\" width=\"500\" height=\"329\" srcset=\"https:\/\/www.enerjigazetesi.ist\/wp-content\/uploads\/2025\/06\/dynupload_202506051152.jpg 640w, https:\/\/www.enerjigazetesi.ist\/wp-content\/uploads\/2025\/06\/dynupload_202506051152-300x197.jpg 300w, https:\/\/www.enerjigazetesi.ist\/wp-content\/uploads\/2025\/06\/dynupload_202506051152-500x329.jpg 500w, https:\/\/www.enerjigazetesi.ist\/wp-content\/uploads\/2025\/06\/dynupload_202506051152-76x50.jpg 76w\" sizes=\"(max-width: 500px) 100vw, 500px\" \/><\/p>\n<h3><strong>A\u011fa\u00e7land\u0131rma Faaliyetleri<\/strong><\/h3>\n<p>Bakanl\u0131\u011f\u0131n 2024-2028 y\u0131llar\u0131n\u0131 kapsayan stratejik plan\u0131nda \u201c\u00c7evrenin korunmas\u0131, kirlilik olu\u015fumunun \u00f6nlenmesi ve iklim de\u011fi\u015fikli\u011fi ile m\u00fccadele edilmesi\u201d hedefi yer al\u0131yor. Bu hedefe y\u00f6nelik \u00e7al\u0131\u015fmalar yapan bakanl\u0131k, a\u011fa\u00e7land\u0131rma faaliyetleri y\u00fcr\u00fct\u00fcyor.<\/p>\n<h3><strong>Karbondioksit Azald\u0131<\/strong><\/h3>\n<p>2024 y\u0131l\u0131 i\u00e7erisinde enerji sekt\u00f6r\u00fcnden kurum, kurulu\u015f, birlik ve \u015firketleri temsil eden derneklerin katk\u0131lar\u0131yla toplamda bir milyon 891 bin 52 adet fidan dikildi. B\u00f6ylece 20 bin 800 ton karbondioksit azalt\u0131m\u0131 sa\u011fland\u0131.<\/p>\n<h3><strong>A\u011fa\u00e7land\u0131rman\u0131n Hedefi Ne?<\/strong><\/h3>\n<p>Bakanl\u0131k, a\u011fa\u00e7land\u0131rma \u00e7al\u0131\u015fmalar\u0131yla \u00f6zellikle karbondioksiti emen ve depolayan do\u011fal veya yapay alanlar\u0131 geni\u015fletmek istiyor. Bunu yaparken de enerji verimlili\u011fi, s\u00fcrd\u00fcr\u00fclebilirlik, karbon emisyonu gibi ba\u015fl\u0131klarda toplumda fark\u0131ndal\u0131k olu\u015fturmay\u0131 hedefliyor.<\/p>\n<h3><strong>\u00c7evre Faaliyetleri Raporu<\/strong><\/h3>\n<p>2028 y\u0131l\u0131na kadar 10 milyon a\u011fa\u00e7 ve 62 bin 700 ton karbondioksit azalt\u0131m\u0131 hedefini ortaya koyan bakanl\u0131k, 2019 y\u0131l\u0131ndan bu yana da kendisiyle birlikte ba\u011fl\u0131, ilgili ve ili\u015fkili kurumlar\u0131n \u00e7evresel ve s\u00fcrd\u00fcr\u00fclebilirlik \u00e7al\u0131\u015fmalar\u0131n\u0131 rapor haline getiriyor.<\/p>\n<h3><strong>2,3 Milyar Lira Harcand\u0131<\/strong><\/h3>\n<p>Bu rapora g\u00f6re Enerji ve Tabii Kaynaklar Bakanl\u0131\u011f\u0131, 2019-2024 y\u0131llar aras\u0131nda \u00e7evre faaliyetleri kapsam\u0131nda toplam 2,3 milyar lira harcama yapt\u0131. Bu harcamalardan, 1,8 milyar lira tasarruf, kazan\u00e7 sa\u011flad\u0131.<\/p>\n<h3><strong>S\u0131f\u0131r At\u0131k Projesi<\/strong><\/h3>\n<p>S\u0131f\u0131r At\u0131k Y\u00f6netimi Projesi ile de yine 2024 y\u0131l\u0131nda 5 bin ton at\u0131\u011f\u0131n geri kazan\u0131m\u0131 ile 10 bin ton karbondioksit sera gaz\u0131 azalt\u0131m\u0131 sa\u011fland\u0131. B\u00f6ylece 16 bin 288 adet a\u011fa\u00e7 kurtar\u0131l\u0131rken 24 bin metrek\u00fcpl\u00fck depolama alan\u0131ndan kazan\u00e7 elde edildi.<\/p>\n<p>Kaynak: <a href=\"https:\/\/enerji.gov.tr\/haber-detay?id=21510\">ETKB<\/a><\/p>\n<p>Yay\u0131na Alan: Alperen ERTA\u015e-<a href=\"http:\/\/alperen.ertas@enerjigazetesi.ist\">alperen.ertas@enerjigazetesi.ist<\/a><\/p>","protected":false},"excerpt":{"rendered":"<p>Sorry, this entry is only available in Turkish. For the sake of viewer convenience, the content is shown below in the alternative language. You may click the link to switch the active language. Enerji ve Tabii Kaynaklar Bakanl\u0131\u011f\u0131, 2053 net s\u0131f\u0131r emisyon vizyonu do\u011frultusunda stratejiler olu\u015ftururken enerji sekt\u00f6r\u00fcyle birlikte \u00e7evreci uygulamalara da imza at\u0131yor. Bu [&hellip;]<\/p>\n","protected":false},"author":19,"featured_media":197716,"comment_status":"open","ping_status":"open","sticky":false,"template":"","format":"standard","meta":[],"categories":[53],"tags":[67,165,1972,1635],"views":10,"_links":{"self":[{"href":"https:\/\/www.enerjigazetesi.ist\/en\/wp-json\/wp\/v2\/posts\/197713"}],"collection":[{"href":"https:\/\/www.enerjigazetesi.ist\/en\/wp-json\/wp\/v2\/posts"}],"about":[{"href":"https:\/\/www.enerjigazetesi.ist\/en\/wp-json\/wp\/v2\/types\/post"}],"author":[{"embeddable":true,"href":"https:\/\/www.enerjigazetesi.ist\/en\/wp-json\/wp\/v2\/users\/19"}],"replies":[{"embeddable":true,"href":"https:\/\/www.enerjigazetesi.ist\/en\/wp-json\/wp\/v2\/comments?post=197713"}],"version-history":[{"count":0,"href":"https:\/\/www.enerjigazetesi.ist\/en\/wp-json\/wp\/v2\/posts\/197713\/revisions"}],"wp:featuredmedia":[{"embeddable":true,"href":"https:\/\/www.enerjigazetesi.ist\/en\/wp-json\/wp\/v2\/media\/197716"}],"wp:attachment":[{"href":"https:\/\/www.enerjigazetesi.ist\/en\/wp-json\/wp\/v2\/media?parent=197713"}],"wp:term":[{"taxonomy":"category","embeddable":true,"href":"https:\/\/www.enerjigazetesi.ist\/en\/wp-json\/wp\/v2\/categories?post=197713"},{"taxonomy":"post_tag","embeddable":true,"href":"https:\/\/www.enerjigazetesi.ist\/en\/wp-json\/wp\/v2\/tags?post=197713"}],"curies":[{"name":"wp","href":"https:\/\/api.w.org\/{rel}","templated":true}]}}