{"id":197634,"date":"2025-05-28T17:57:23","date_gmt":"2025-05-28T14:57:23","guid":{"rendered":"https:\/\/www.enerjigazetesi.ist\/?p=197634"},"modified":"2025-05-28T18:11:54","modified_gmt":"2025-05-28T15:11:54","slug":"astor-enerji-iso-500-listesinde-13-basamak-yukselerek-74uncu-siraya-cikti","status":"publish","type":"post","link":"https:\/\/www.enerjigazetesi.ist\/en\/astor-enerji-iso-500-listesinde-13-basamak-yukselerek-74uncu-siraya-cikti\/","title":{"rendered":"(Turkish) ASTOR Enerji \u0130SO 500 Listesi\u2019nde 74\u2019\u00fcnc\u00fc S\u0131raya \u00c7\u0131kt\u0131"},"content":{"rendered":"<p class=\"qtranxs-available-languages-message qtranxs-available-languages-message-en\">Sorry, this entry is only available in <a href=\"https:\/\/www.enerjigazetesi.ist\/tr\/wp-json\/wp\/v2\/posts\/197634\" class=\"qtranxs-available-language-link qtranxs-available-language-link-tr\" title=\"Turkish\">Turkish<\/a>. For the sake of viewer convenience, the content is shown below in the alternative language. You may click the link to switch the active language.<\/p><p><\/p>\n<h2>T\u00fcrkiye\u2019nin yerli lider Transformat\u00f6r ve anahtarlama \u00fcr\u00fcnleri \u00fcreticisi Astor Enerji, \u0130stanbul Sanayi Odas\u0131 taraf\u0131ndan her y\u0131l ger\u00e7ekle\u015ftirilen ve T\u00fcrk sanayi sekt\u00f6r\u00fcne ili\u015fkin en k\u00f6kl\u00fc ve kapsaml\u0131 ara\u015ft\u0131rma unvan\u0131n\u0131 ta\u015f\u0131yan \u201cT\u00fcrkiye\u2019nin 500 B\u00fcy\u00fck Sanayi Kurulu\u015fu Ara\u015ft\u0131rmas\u0131\u2019nda 13 basamak birden y\u00fckselerek 74\u2019nc\u00fc s\u0131raya yerle\u015fti.<\/h2>\n<p><img loading=\"lazy\" class=\"aligncenter wp-image-197635\" src=\"https:\/\/www.enerjigazetesi.ist\/wp-content\/uploads\/2025\/05\/ASTOR-FABRIKA-MAYIS-2025.jpg\" alt=\"\" width=\"500\" height=\"375\" srcset=\"https:\/\/www.enerjigazetesi.ist\/wp-content\/uploads\/2025\/05\/ASTOR-FABRIKA-MAYIS-2025.jpg 640w, https:\/\/www.enerjigazetesi.ist\/wp-content\/uploads\/2025\/05\/ASTOR-FABRIKA-MAYIS-2025-300x225.jpg 300w, https:\/\/www.enerjigazetesi.ist\/wp-content\/uploads\/2025\/05\/ASTOR-FABRIKA-MAYIS-2025-500x375.jpg 500w, https:\/\/www.enerjigazetesi.ist\/wp-content\/uploads\/2025\/05\/ASTOR-FABRIKA-MAYIS-2025-67x50.jpg 67w\" sizes=\"(max-width: 500px) 100vw, 500px\" \/><\/p>\n<h3><strong>ASTOR \u00dcRET\u0130MDEN SATI\u015eLARDA 74. B\u00dcY\u00dcK SANAY\u0130 KURULU\u015eU<\/strong><\/h3>\n<p>Sanayi kurulu\u015flar\u0131ndan temin edilen veriler \u0131\u015f\u0131\u011f\u0131nda haz\u0131rlanan ve sanayi \u015firketlerini \u00fcretimden sat\u0131\u015flar, br\u00fct katma de\u011fer, fav\u00f6k, ihracat, vergi \u00f6ncesi d\u00f6nem k\u00e2r\u0131 ve istihdam gibi ekonomik g\u00f6stergeler kapsam\u0131nda de\u011ferlendiren ara\u015ft\u0131rman\u0131n sonucunda; Astor Enerji A.\u015e., 22,51 Milyar TL net \u00fcretimden sat\u0131\u015f geliri ile listede 74\u2019\u00fcnc\u00fc s\u0131rada yer al\u0131rken, 9,44 Milyar TL br\u00fct katma de\u011fer ile 48\u2019inci, 6,64 Milyar TL FAV\u00d6K ile 39\u2019uncu, 265,05 Milyon $ ihracat geliri ile 72\u2019inci, 5,69 Milyar TL vergi \u00f6ncesi d\u00f6nem k\u00e2r\u0131 ile 25\u2019inci ve 2.081 adet ortalama \u00e7al\u0131\u015fan say\u0131s\u0131 ile de T\u00fcrkiye\u2019nin en b\u00fcy\u00fck 112\u2019inci sanayi kurulu\u015fu olma ba\u015far\u0131s\u0131n\u0131 g\u00f6stermi\u015ftir. Konuya ili\u015fkin<strong> Astor Genel M\u00fcd\u00fcr Yard\u0131mc\u0131s\u0131 (CFO) Olcay Do\u011fan \u015f\u00f6yle konu\u015ftu<\/strong>: <em>\u201c\u0130stanbul Sanayi Odas\u0131 taraf\u0131ndan haz\u0131rlanan ve \u00fclkemiz sanayi sekt\u00f6r\u00fcne dair en k\u00f6kl\u00fc ve g\u00fcvenilir referanslardan biri olan &#8216;T\u00fcrkiye\u2019nin 500 B\u00fcy\u00fck Sanayi Kurulu\u015fu&#8217; ara\u015ft\u0131rmas\u0131nda bu y\u0131l 13 basamak birden y\u00fckselerek 74\u2019\u00fcnc\u00fc s\u0131raya yerle\u015fmekten b\u00fcy\u00fck bir gurur ve mutluluk duyuyoruz. Sadece \u00fcretim g\u00fcc\u00fcm\u00fcz\u00fcn de\u011fil; ayn\u0131 zamanda istikrarl\u0131 b\u00fcy\u00fcme stratejimizin, y\u00fcksek teknolojiye yapt\u0131\u011f\u0131m\u0131z yat\u0131r\u0131mlar\u0131n ve ekip arkada\u015flar\u0131m\u0131z\u0131n \u00f6zverili \u00e7al\u0131\u015fmalar\u0131n\u0131n sonucunu g\u00f6rmek bizleri daha da mutlu ediyor. \u00d6n\u00fcm\u00fczdeki d\u00f6nemde de hem yurt i\u00e7inde hem de k\u00fcresel pazarda b\u00fcy\u00fcmeye devam edecek; m\u00fchendislik kabiliyetlerimiz, yerli \u00fcretim g\u00fcc\u00fcm\u00fcz ve Ar-Ge vizyonumuzla \u00fclkemize katma de\u011fer sa\u011flamay\u0131 s\u00fcrd\u00fcrece\u011fiz.\u201d<\/em> dedi.<\/p>\n<p>Yay\u0131na Alan: Alperen ERTA\u015e-<a href=\"http:\/\/alperen.ertas@enerjigazetesi.ist\">alperen.ertas@enerjigazetesi.ist<\/a><\/p>","protected":false},"excerpt":{"rendered":"<p>Sorry, this entry is only available in Turkish. For the sake of viewer convenience, the content is shown below in the alternative language. You may click the link to switch the active language. T\u00fcrkiye\u2019nin yerli lider Transformat\u00f6r ve anahtarlama \u00fcr\u00fcnleri \u00fcreticisi Astor Enerji, \u0130stanbul Sanayi Odas\u0131 taraf\u0131ndan her y\u0131l ger\u00e7ekle\u015ftirilen ve T\u00fcrk sanayi sekt\u00f6r\u00fcne ili\u015fkin [&hellip;]<\/p>\n","protected":false},"author":19,"featured_media":197635,"comment_status":"open","ping_status":"open","sticky":false,"template":"","format":"standard","meta":[],"categories":[51,53],"tags":[28614,34980,67,16145],"views":10,"_links":{"self":[{"href":"https:\/\/www.enerjigazetesi.ist\/en\/wp-json\/wp\/v2\/posts\/197634"}],"collection":[{"href":"https:\/\/www.enerjigazetesi.ist\/en\/wp-json\/wp\/v2\/posts"}],"about":[{"href":"https:\/\/www.enerjigazetesi.ist\/en\/wp-json\/wp\/v2\/types\/post"}],"author":[{"embeddable":true,"href":"https:\/\/www.enerjigazetesi.ist\/en\/wp-json\/wp\/v2\/users\/19"}],"replies":[{"embeddable":true,"href":"https:\/\/www.enerjigazetesi.ist\/en\/wp-json\/wp\/v2\/comments?post=197634"}],"version-history":[{"count":0,"href":"https:\/\/www.enerjigazetesi.ist\/en\/wp-json\/wp\/v2\/posts\/197634\/revisions"}],"wp:featuredmedia":[{"embeddable":true,"href":"https:\/\/www.enerjigazetesi.ist\/en\/wp-json\/wp\/v2\/media\/197635"}],"wp:attachment":[{"href":"https:\/\/www.enerjigazetesi.ist\/en\/wp-json\/wp\/v2\/media?parent=197634"}],"wp:term":[{"taxonomy":"category","embeddable":true,"href":"https:\/\/www.enerjigazetesi.ist\/en\/wp-json\/wp\/v2\/categories?post=197634"},{"taxonomy":"post_tag","embeddable":true,"href":"https:\/\/www.enerjigazetesi.ist\/en\/wp-json\/wp\/v2\/tags?post=197634"}],"curies":[{"name":"wp","href":"https:\/\/api.w.org\/{rel}","templated":true}]}}