{"id":197529,"date":"2025-05-19T17:06:33","date_gmt":"2025-05-19T14:06:33","guid":{"rendered":"https:\/\/www.enerjigazetesi.ist\/?p=197529"},"modified":"2025-05-19T17:06:33","modified_gmt":"2025-05-19T14:06:33","slug":"kalyon-pvden-topcon-plus-hucre-uretim-tesisi-icin-yatirim-karari","status":"publish","type":"post","link":"https:\/\/www.enerjigazetesi.ist\/en\/kalyon-pvden-topcon-plus-hucre-uretim-tesisi-icin-yatirim-karari\/","title":{"rendered":"(Turkish) &#8217;Kalyon PV&#8217;den TOPCon Plus H\u00fccre \u00dcretim Tesisi \u0130\u00e7in Yat\u0131r\u0131m Karar\u0131"},"content":{"rendered":"<p class=\"qtranxs-available-languages-message qtranxs-available-languages-message-en\">Sorry, this entry is only available in <a href=\"https:\/\/www.enerjigazetesi.ist\/tr\/wp-json\/wp\/v2\/posts\/197529\" class=\"qtranxs-available-language-link qtranxs-available-language-link-tr\" title=\"Turkish\">Turkish<\/a>. For the sake of viewer convenience, the content is shown below in the alternative language. You may click the link to switch the active language.<\/p><p><\/p>\n<h2><strong>Yenilenebilir enerji teknolojilerinde T\u00fcrkiye\u2019nin \u00f6nc\u00fc markas\u0131 Kalyon PV, k\u00fcresel \u00f6l\u00e7ekte dikkat \u00e7eken yeni bir yat\u0131r\u0131ma imza at\u0131yor. \u015eirket, \u00c7in d\u0131\u015f\u0131nda d\u00fcnyada bir ilk olacak TOPCon Plus g\u00fcne\u015f h\u00fccresi \u00fcretim tesisi i\u00e7in yat\u0131r\u0131m karar\u0131 ald\u0131.<\/strong><\/h2>\n<p style=\"text-align: center;\"><img loading=\"lazy\" class=\"aligncenter wp-image-197532\" src=\"https:\/\/www.enerjigazetesi.ist\/wp-content\/uploads\/2025\/05\/kalyon-pvden-topcon-plus-hucre-uretim-tesisi-icin-yatirim-karari-1.jpg\" alt=\"\" width=\"500\" height=\"281\" srcset=\"https:\/\/www.enerjigazetesi.ist\/wp-content\/uploads\/2025\/05\/kalyon-pvden-topcon-plus-hucre-uretim-tesisi-icin-yatirim-karari-1.jpg 550w, https:\/\/www.enerjigazetesi.ist\/wp-content\/uploads\/2025\/05\/kalyon-pvden-topcon-plus-hucre-uretim-tesisi-icin-yatirim-karari-1-300x169.jpg 300w, https:\/\/www.enerjigazetesi.ist\/wp-content\/uploads\/2025\/05\/kalyon-pvden-topcon-plus-hucre-uretim-tesisi-icin-yatirim-karari-1-500x281.jpg 500w, https:\/\/www.enerjigazetesi.ist\/wp-content\/uploads\/2025\/05\/kalyon-pvden-topcon-plus-hucre-uretim-tesisi-icin-yatirim-karari-1-80x45.jpg 80w\" sizes=\"(max-width: 500px) 100vw, 500px\" \/><\/p>\n<p>Kalyon PV, temiz enerji teknolojilerinde y\u00fcksek verimlilik ve s\u00fcrd\u00fcr\u00fclebilirlik hedefleri do\u011frultusunda, yeni nesil TOPCon Plus h\u00fccresi \u00fcretim tesisi kurulmas\u0131 i\u00e7in uluslararas\u0131 bir ekipman tedarik\u00e7isi ile stratejik bir anla\u015fma imzalad\u0131. Y\u0131ll\u0131k 1.100 MW \u00fcretim kapasitesine sahip olacak g\u00fcne\u015f h\u00fccresi \u00fcretim hatt\u0131n\u0131n, 2026 y\u0131l\u0131n\u0131n ba\u015f\u0131nda devreye al\u0131nmas\u0131 planlan\u0131yor.<\/p>\n<p>\u00c7in d\u0131\u015f\u0131nda d\u00fcnyada bir ilk olacak bu yat\u0131r\u0131m, Kalyon PV\u2019nin teknoloji odakl\u0131 d\u00f6n\u00fc\u015f\u00fcm vizyonunu yans\u0131tarak hem \u00fcretim altyap\u0131s\u0131nda \u00f6nemli bir ilerlemeyi hem de \u00fcr\u00fcn performans\u0131nda k\u00fcresel \u00f6l\u00e7ekte rekabet\u00e7ili\u011fi beraberinde getirecek.<\/p>\n<p>Tam entegre \u00fcretim yap\u0131s\u0131yla T\u00fcrkiye&#8217;de ingot, wafer, g\u00fcne\u015f h\u00fccresi ve panel \u00fcretim s\u00fcre\u00e7lerini Ar-Ge dahil tek \u00e7at\u0131 alt\u0131nda ger\u00e7ekle\u015ftiren Avrupa\u2019da ilk, d\u00fcnyada ise say\u0131l\u0131 \u00fcretim tesislerinden biri olan Kalyon PV, yeni yat\u0131r\u0131m karar\u0131 ile hem \u00fcretim kapasitesini art\u0131rmay\u0131 hem de s\u00fcre\u00e7 verimlili\u011fini \u00fcst seviyeye ta\u015f\u0131may\u0131 hedefliyor.<\/p>\n<p>Kalyon PV\u2019nin Ar-Ge g\u00fcc\u00fc ve m\u00fchendislik yetkinli\u011fiyle \u015fekillenen bu ad\u0131m, ayn\u0131 zamanda T\u00fcrkiye&#8217;nin enerji ba\u011f\u0131ms\u0131zl\u0131\u011f\u0131na ve ye\u015fil d\u00f6n\u00fc\u015f\u00fcm hedeflerine do\u011frudan katk\u0131 sunacak.<\/p>\n<p>Yeni tesisle birlikte \u00fcretilecek TOPCon Plus g\u00fcne\u015f h\u00fccresi teknolojisine sahip panellerle, ayn\u0131 alandan daha fazla elektrik \u00fcretilmesi hedefleniyor. Bu sayede Kalyon PV, sadece yurt i\u00e7inde de\u011fil, k\u00fcresel pazarlarda da rekabet avantaj\u0131n\u0131 art\u0131rmay\u0131 ama\u00e7l\u0131yor. Yat\u0131r\u0131m\u0131n devreye al\u0131nmas\u0131yla birlikte istihdamda da art\u0131\u015f \u00f6ng\u00f6r\u00fcl\u00fcyor.<\/p>\n<h3><strong>\u201cBu Yat\u0131r\u0131m, G\u00fcne\u015f Teknolojilerinde T\u00fcrkiye \u0130\u00e7in Bir D\u00f6n\u00fcm Noktas\u0131\u201d<\/strong><\/h3>\n<div id=\"attachment_197531\" style=\"width: 510px\" class=\"wp-caption aligncenter\"><img aria-describedby=\"caption-attachment-197531\" loading=\"lazy\" class=\"wp-image-197531\" src=\"https:\/\/www.enerjigazetesi.ist\/wp-content\/uploads\/2025\/05\/kalyon-pvden-topcon-plus-hucre-uretim-tesisi-icin-yatirim-karari-2.jpg\" alt=\"\" width=\"500\" height=\"334\" srcset=\"https:\/\/www.enerjigazetesi.ist\/wp-content\/uploads\/2025\/05\/kalyon-pvden-topcon-plus-hucre-uretim-tesisi-icin-yatirim-karari-2.jpg 550w, https:\/\/www.enerjigazetesi.ist\/wp-content\/uploads\/2025\/05\/kalyon-pvden-topcon-plus-hucre-uretim-tesisi-icin-yatirim-karari-2-300x200.jpg 300w, https:\/\/www.enerjigazetesi.ist\/wp-content\/uploads\/2025\/05\/kalyon-pvden-topcon-plus-hucre-uretim-tesisi-icin-yatirim-karari-2-500x334.jpg 500w, https:\/\/www.enerjigazetesi.ist\/wp-content\/uploads\/2025\/05\/kalyon-pvden-topcon-plus-hucre-uretim-tesisi-icin-yatirim-karari-2-75x50.jpg 75w, https:\/\/www.enerjigazetesi.ist\/wp-content\/uploads\/2025\/05\/kalyon-pvden-topcon-plus-hucre-uretim-tesisi-icin-yatirim-karari-2-450x300.jpg 450w\" sizes=\"(max-width: 500px) 100vw, 500px\" \/><p id=\"caption-attachment-197531\" class=\"wp-caption-text\">Kalyon PV Genel M\u00fcd\u00fcr\u00fc Dr. \u0130hsan Kulal\u0131<\/p><\/div>\n<p>Teknoloji geli\u015ftirmenin ve yat\u0131r\u0131mlar\u0131n \u00f6nemine vurgu yapan<strong>\u00a0Kalyon PV Genel M\u00fcd\u00fcr\u00fc Dr. \u0130hsan Kulal\u0131<\/strong>, s\u00f6z konusu yat\u0131r\u0131mlar\u0131yla ilgili yapt\u0131\u011f\u0131 de\u011ferlendirmede \u015funlar\u0131 s\u00f6yledi:<\/p>\n<p><em>\u201cYenilenebilir enerjiye ge\u00e7i\u015fin h\u0131zland\u0131\u011f\u0131 bu d\u00f6nemde, kapasite art\u0131\u015flar\u0131m\u0131z ve ileri teknoloji yat\u0131r\u0131mlar\u0131m\u0131zla T\u00fcrkiye&#8217;nin teknoloji tabanl\u0131 enerji d\u00f6n\u00fc\u015f\u00fcm\u00fcne ciddi katk\u0131lar sa\u011fl\u0131yoruz.<\/em><\/p>\n<p><em>TOPCon Plus g\u00fcne\u015f h\u00fccresi yat\u0131r\u0131m\u0131m\u0131z hem \u015firketimiz hem de \u00fclkemiz ad\u0131na \u00f6nemli bir kilometre ta\u015f\u0131. \u00c7in d\u0131\u015f\u0131nda d\u00fcnyada ilk olacak bu teknolojiye \u00f6nc\u00fcl\u00fck etmekten b\u00fcy\u00fck bir gurur duyuyoruz.<\/em><\/p>\n<p><em>Kuraca\u011f\u0131m\u0131z yeni nesil TOPCon Plus h\u00fccre \u00fcretim tesisi, y\u00fcksek verimlilik ve ileri \u00fcretim s\u00fcre\u00e7leriyle \u00fclkemizin g\u00fcne\u015f enerjisi alan\u0131ndaki potansiyelini bir kez daha \u00f6ne \u00e7\u0131karacak. Ger\u00e7ekle\u015ftirece\u011fimiz yat\u0131r\u0131m, sadece \u00fcretim kabiliyetimizi art\u0131rmakla kalmayacak; ayn\u0131 zamanda T\u00fcrkiye\u2019nin enerji arz g\u00fcvenli\u011fi, istihdam ve ye\u015fil ekonomi hedeflerine de g\u00fc\u00e7l\u00fc katk\u0131lar sunacak.\u201d<\/em><\/p>\n<h3><strong>\u201cAmerika Ba\u015fta Olmak \u00dczere K\u00fcresel Pazarlarda Rekabet G\u00fcc\u00fcm\u00fcz\u00fc Art\u0131r\u0131yoruz\u201d<\/strong><\/h3>\n<p>S\u00f6z konusu yat\u0131r\u0131m\u0131n T\u00fcrkiye\u2019nin yan\u0131 s\u0131ra uluslararas\u0131 pazarlarda da \u00f6nemli avantajlar getirece\u011fine dikkat \u00e7eken Kulal\u0131;<\/p>\n<p>\u201c<em>\u00dclkemizin ileri teknoloji \u00fcretim altyap\u0131s\u0131n\u0131 g\u00fc\u00e7lendirecek yeni TOPCon Plus yat\u0131r\u0131m\u0131m\u0131z, \u00f6zellikle Amerika gibi y\u00fcksek performansl\u0131 g\u00fcne\u015f teknolojilerine y\u00f6nelen pazarlara stratejik bir \u00e7\u00f6z\u00fcm niteli\u011finde.<\/em><\/p>\n<p><em>\u00d6zellikle son d\u00f6nemde ABD\u2019de \u00c7in men\u015feli g\u00fcne\u015f paneli ve h\u00fccrelerine uygulanan y\u00fcksek vergiler, T\u00fcrkiye men\u015feli \u00fcr\u00fcnler i\u00e7in \u00f6nemli bir rekabet avantaj\u0131 yarat\u0131yor. Bu durum, \u00fclkemizin nitelikli \u00fcretim kapasitesi ve Kalyon PV\u2019nin ileri teknoloji yat\u0131r\u0131mlar\u0131 ile birle\u015fti\u011finde, Amerika&#8217;daki sat\u0131\u015f potansiyelimizi \u00f6nemli \u00f6l\u00e7\u00fcde art\u0131r\u0131yor. Biz de bu f\u0131rsat\u0131 de\u011ferlendirerek ihracat hacmimizi art\u0131rmay\u0131 ve T\u00fcrkiye\u2019nin k\u00fcresel yenilenebilir enerji tedarik zincirindeki konumunu daha da g\u00fc\u00e7lendirmeyi hedefliyoruz.<\/em><\/p>\n<p><em>\u2018Yenilenebilir enerjide g\u00fcne\u015f gibi do\u011fan bir T\u00fcrkiye\u2019 vizyonumuz kapsam\u0131nda hem yurti\u00e7inde hem de yurtd\u0131\u015f\u0131nda yenilenebilir enerji yat\u0131r\u0131mc\u0131lar\u0131na yenilik\u00e7i ve y\u00fcksek verimli \u00fcr\u00fcnler sunmaya devam edece\u011fiz\u201d<\/em>\u00a0dedi.<\/p>\n<p>Kalyon PV; yenilik\u00e7i yakla\u015f\u0131m\u0131, \u00fcretim kapasitesi ve teknolojiye yapt\u0131\u011f\u0131 s\u00fcrd\u00fcr\u00fclebilir yat\u0131r\u0131mlarla T\u00fcrkiye\u2019yi k\u00fcresel yenilenebilir enerji sahnesinde gururla temsil etmeye devam ediyor.<\/p>","protected":false},"excerpt":{"rendered":"<p>Sorry, this entry is only available in Turkish. For the sake of viewer convenience, the content is shown below in the alternative language. You may click the link to switch the active language. Yenilenebilir enerji teknolojilerinde T\u00fcrkiye\u2019nin \u00f6nc\u00fc markas\u0131 Kalyon PV, k\u00fcresel \u00f6l\u00e7ekte dikkat \u00e7eken yeni bir yat\u0131r\u0131ma imza at\u0131yor. \u015eirket, \u00c7in d\u0131\u015f\u0131nda d\u00fcnyada bir [&hellip;]<\/p>\n","protected":false},"author":1,"featured_media":197533,"comment_status":"open","ping_status":"open","sticky":false,"template":"","format":"standard","meta":[],"categories":[53,49],"tags":[116816,96958,116815],"views":27,"_links":{"self":[{"href":"https:\/\/www.enerjigazetesi.ist\/en\/wp-json\/wp\/v2\/posts\/197529"}],"collection":[{"href":"https:\/\/www.enerjigazetesi.ist\/en\/wp-json\/wp\/v2\/posts"}],"about":[{"href":"https:\/\/www.enerjigazetesi.ist\/en\/wp-json\/wp\/v2\/types\/post"}],"author":[{"embeddable":true,"href":"https:\/\/www.enerjigazetesi.ist\/en\/wp-json\/wp\/v2\/users\/1"}],"replies":[{"embeddable":true,"href":"https:\/\/www.enerjigazetesi.ist\/en\/wp-json\/wp\/v2\/comments?post=197529"}],"version-history":[{"count":0,"href":"https:\/\/www.enerjigazetesi.ist\/en\/wp-json\/wp\/v2\/posts\/197529\/revisions"}],"wp:featuredmedia":[{"embeddable":true,"href":"https:\/\/www.enerjigazetesi.ist\/en\/wp-json\/wp\/v2\/media\/197533"}],"wp:attachment":[{"href":"https:\/\/www.enerjigazetesi.ist\/en\/wp-json\/wp\/v2\/media?parent=197529"}],"wp:term":[{"taxonomy":"category","embeddable":true,"href":"https:\/\/www.enerjigazetesi.ist\/en\/wp-json\/wp\/v2\/categories?post=197529"},{"taxonomy":"post_tag","embeddable":true,"href":"https:\/\/www.enerjigazetesi.ist\/en\/wp-json\/wp\/v2\/tags?post=197529"}],"curies":[{"name":"wp","href":"https:\/\/api.w.org\/{rel}","templated":true}]}}