{"id":1975,"date":"2012-09-12T09:59:14","date_gmt":"2012-09-12T06:59:14","guid":{"rendered":"https:\/\/www.enerjigazetesi.ist\/?p=1975"},"modified":"2012-09-12T09:59:39","modified_gmt":"2012-09-12T06:59:39","slug":"yerli-ve-yenilenebilir-kaynaklarin-on-plana-cikmasi-gerekiyor","status":"publish","type":"post","link":"https:\/\/www.enerjigazetesi.ist\/en\/yerli-ve-yenilenebilir-kaynaklarin-on-plana-cikmasi-gerekiyor\/","title":{"rendered":"(Turkish) Yerli ve Yenilenebilir Kaynaklar\u0131n \u00d6n Plana \u00c7\u0131kmas\u0131 Gerekiyor"},"content":{"rendered":"<p class=\"qtranxs-available-languages-message qtranxs-available-languages-message-en\">Sorry, this entry is only available in <a href=\"https:\/\/www.enerjigazetesi.ist\/tr\/wp-json\/wp\/v2\/posts\/1975\" class=\"qtranxs-available-language-link qtranxs-available-language-link-tr\" title=\"Turkish\">Turkish<\/a>. For the sake of viewer convenience, the content is shown below in the alternative language. You may click the link to switch the active language.<\/p><p><strong>Enerji ve Tabii Kaynaklar Bakan\u0131 Taner Y\u0131ld\u0131z, yerli kaynaklar\u0131n \u00fclke menfaatine arz edilmemesi durumunda yerine ithal kaynaklar\u0131n gelece\u011fini belirterek, &#8220;T\u00fcrkiye&#8217;nin enerji ve stratejilerinde olabildi\u011fince yerli kaynaklar ve yenilenebilir kaynaklar\u0131n \u00f6n plana \u00e7\u0131kmas\u0131 gerekiyor&#8221; dedi.<\/strong><br \/>\n<img loading=\"lazy\" class=\"alignleft size-full wp-image-1976\" title=\"bakan-yildiz-yerli-ve-yenilenebilir-kaynaklar\" src=\"https:\/\/www.enerjigazetesi.ist\/wp-content\/uploads\/2012\/09\/bakan-yildiz-yerli-ve-yenilenebilir-kaynaklar.jpg\" alt=\"\" width=\"300\" height=\"198\" srcset=\"https:\/\/www.enerjigazetesi.ist\/wp-content\/uploads\/2012\/09\/bakan-yildiz-yerli-ve-yenilenebilir-kaynaklar.jpg 300w, https:\/\/www.enerjigazetesi.ist\/wp-content\/uploads\/2012\/09\/bakan-yildiz-yerli-ve-yenilenebilir-kaynaklar-75x50.jpg 75w\" sizes=\"(max-width: 300px) 100vw, 300px\" \/>Enerji veTabii Kaynaklar Bakan\u0131 Taner Y\u0131ld\u0131z ile \u00c7evre ve \u015eehircilik Bakan\u0131 Erdo\u011fan Bayraktar, Bart\u0131n do\u011falgaz \u015fehir i\u00e7i \u015febeke da\u011f\u0131t\u0131m in\u015faat\u0131n\u0131n temel atma t\u00f6reni ve Amasra&#8217;da kurulmas\u0131 planlanan termik santral sahas\u0131nda incelemelerde bulunmak \u00fczere Bart\u0131n&#8217;a geldi. Bakanlar Y\u0131ld\u0131z ve Bayraktar, Bart\u0131n Polisevi&#8217;nin \u00f6n\u00fcnde Bart\u0131n Valisi B\u00fclent Savur, Bart\u0131n Belediye Ba\u015fkan\u0131 MHP&#8217;li Cemal Ak\u0131n ve AK Parti Bart\u0131n Milletvekili Y\u0131lmaz Tun\u00e7 taraf\u0131ndan kar\u015f\u0131land\u0131.<\/p>\n<p>Amasra&#8217;da deniz kenar\u0131nda bulunan bir otelde \u00f6\u011fle yeme\u011fi yiyen Y\u0131ld\u0131z ve Bayraktar daha sonra T\u00fcrkiye Ta\u015fk\u00f6m\u00fcr\u00fc Kurumu Amasra M\u00fcessesesi&#8217;ne giderek, ocak hakk\u0131nda yetkililerden bilgi ald\u0131.<\/p>\n<p>T\u00fcrkiye K\u00f6m\u00fcr \u0130\u015fletmeleri&#8217;nin Soma Deni\u015f sahas\u0131n\u0131n termik santral kurulma \u015fart\u0131yla ihale edilmesiyle ilgili gazetecilerin sorular\u0131n\u0131 yan\u0131tlayan Bakan Y\u0131ld\u0131z, &#8220;T\u00fcrkiye&#8217;nin enerji ve stratejilerinde olabildi\u011fince yerli kaynaklar ve yenilenebilir kaynaklar\u0131n \u00f6n plana \u00e7\u0131kmas\u0131 gerekiyor&#8221; dedikten sonra \u015f\u00f6yle devam etti:<\/p>\n<p>&#8220;D\u00fcnk\u00fc ihalede 61 firman\u0131n dosyas\u0131 al\u0131nd\u0131. Ciddi bir yat\u0131r\u0131mla 153 milyon tonluk yerli k\u00f6m\u00fcr\u00fcn 30 y\u0131ll\u0131\u011f\u0131na de\u011ferlendirmeye a\u00e7\u0131ld\u0131\u011f\u0131 bir ihale yapt\u0131k. Biz yat\u0131r\u0131mc\u0131n\u0131n i\u015fini kolayla\u015ft\u0131rmak ad\u0131na ilk verdi\u011fimiz k\u00f6m\u00fcrden para alm\u0131yoruz. Yerli k\u00f6m\u00fcrden \u00fcretti\u011fi her elektri\u011fi kilowat saat ba\u015f\u0131na bize \u00fccret \u00f6deyecekler. Soma&#8217;da yap\u0131lacak yat\u0131r\u0131m 750 milyon dolarl\u0131k bir yat\u0131r\u0131m olacak. K\u00f6m\u00fcr \u00e7\u0131kartmayla alakal\u0131 yat\u0131r\u0131m\u0131 bundan ayr\u0131 tutuyorum. Bu i\u015fin istihdam ve yat\u0131r\u0131m taraf\u0131 var. Her iki ayda bir bu t\u00fcr ihalelere \u00e7\u0131kaca\u011f\u0131z. Yat\u0131r\u0131mc\u0131lar\u0131m\u0131z\u0131 bu t\u00fcr ihalelere b\u00fcy\u00fck bir \u015fevkle davet ediyoruz. B\u00fct\u00fcn \u00e7evre hassasiyetlerini dikkate alarak bu yat\u0131r\u0131mlar\u0131 yapmak zorunday\u0131z. Yerli kaynaklar\u0131m\u0131z\u0131 bulunduklar\u0131 yerde harekete ge\u00e7irmemiz laz\u0131m. Yerli kaynaklar\u0131m\u0131z\u0131 \u00fclke menfaatine ne kadar arz etmezsek onun yerine ithal kaynaklar gelir.&#8221;<\/p>\n<p>Bakan Y\u0131ld\u0131z, gazetecilerin Amasra&#8217;ya yap\u0131lacak termik santralde ithal k\u00f6m\u00fcr kullan\u0131laca\u011f\u0131 y\u00f6n\u00fcndeki iddialar\u0131 sormas\u0131 \u00fczerine, &#8220;Oraya bir avu\u00e7 bile ithal k\u00f6m\u00fcr girmeyecek. Yerli kaynaklar\u0131m\u0131z\u0131n mevcut oldu\u011fu yerde ithal k\u00f6m\u00fcr kullanmay\u0131z&#8221; diye konu\u015ftu.<\/p>\n<p>Bakanlar Y\u0131ld\u0131z ve Bayraktar, daha sonra HEMA A.\u015e.taraf\u0131ndan Amasra&#8217;n\u0131n Tarlaa\u011fz\u0131 mevkiine kurulmas\u0131 planlanan termik santral sahas\u0131na helikopterle giderek, incelemelerde bulundu.<\/p>\n<p>Kaynak: <a href=\"http:\/\/www.sondakika.com\/haber\/haber-bakan-yildiz-yerli-ve-yenilenebilir-kaynaklarin-on-3899571\/\" target=\"_blank\">SonDakika<\/a><\/p>","protected":false},"excerpt":{"rendered":"<p>Sorry, this entry is only available in Turkish. For the sake of viewer convenience, the content is shown below in the alternative language. You may click the link to switch the active language.Enerji ve Tabii Kaynaklar Bakan\u0131 Taner Y\u0131ld\u0131z, yerli kaynaklar\u0131n \u00fclke menfaatine arz edilmemesi durumunda yerine ithal kaynaklar\u0131n gelece\u011fini belirterek, &#8220;T\u00fcrkiye&#8217;nin enerji ve stratejilerinde [&hellip;]<\/p>\n","protected":false},"author":1,"featured_media":1976,"comment_status":"open","ping_status":"open","sticky":false,"template":"","format":"standard","meta":[],"categories":[51,53],"tags":[67,527,526],"views":614,"_links":{"self":[{"href":"https:\/\/www.enerjigazetesi.ist\/en\/wp-json\/wp\/v2\/posts\/1975"}],"collection":[{"href":"https:\/\/www.enerjigazetesi.ist\/en\/wp-json\/wp\/v2\/posts"}],"about":[{"href":"https:\/\/www.enerjigazetesi.ist\/en\/wp-json\/wp\/v2\/types\/post"}],"author":[{"embeddable":true,"href":"https:\/\/www.enerjigazetesi.ist\/en\/wp-json\/wp\/v2\/users\/1"}],"replies":[{"embeddable":true,"href":"https:\/\/www.enerjigazetesi.ist\/en\/wp-json\/wp\/v2\/comments?post=1975"}],"version-history":[{"count":3,"href":"https:\/\/www.enerjigazetesi.ist\/en\/wp-json\/wp\/v2\/posts\/1975\/revisions"}],"predecessor-version":[{"id":1979,"href":"https:\/\/www.enerjigazetesi.ist\/en\/wp-json\/wp\/v2\/posts\/1975\/revisions\/1979"}],"wp:featuredmedia":[{"embeddable":true,"href":"https:\/\/www.enerjigazetesi.ist\/en\/wp-json\/wp\/v2\/media\/1976"}],"wp:attachment":[{"href":"https:\/\/www.enerjigazetesi.ist\/en\/wp-json\/wp\/v2\/media?parent=1975"}],"wp:term":[{"taxonomy":"category","embeddable":true,"href":"https:\/\/www.enerjigazetesi.ist\/en\/wp-json\/wp\/v2\/categories?post=1975"},{"taxonomy":"post_tag","embeddable":true,"href":"https:\/\/www.enerjigazetesi.ist\/en\/wp-json\/wp\/v2\/tags?post=1975"}],"curies":[{"name":"wp","href":"https:\/\/api.w.org\/{rel}","templated":true}]}}