{"id":197498,"date":"2025-05-19T14:48:58","date_gmt":"2025-05-19T11:48:58","guid":{"rendered":"https:\/\/www.enerjigazetesi.ist\/?p=197498"},"modified":"2025-05-19T14:48:58","modified_gmt":"2025-05-19T11:48:58","slug":"sedas-isg-kulturunu-mutlu-yarinlar-etkinligiyle-guclendirdi","status":"publish","type":"post","link":"https:\/\/www.enerjigazetesi.ist\/en\/sedas-isg-kulturunu-mutlu-yarinlar-etkinligiyle-guclendirdi\/","title":{"rendered":"(Turkish) &#8217;SEDA\u015e&#8217; \u0130SG K\u00fclt\u00fcr\u00fcn\u00fc \u201cMutlu Yar\u0131nlar\u201d Etkinli\u011fiyle G\u00fc\u00e7lendirdi"},"content":{"rendered":"<p class=\"qtranxs-available-languages-message qtranxs-available-languages-message-en\">Sorry, this entry is only available in <a href=\"https:\/\/www.enerjigazetesi.ist\/tr\/wp-json\/wp\/v2\/posts\/197498\" class=\"qtranxs-available-language-link qtranxs-available-language-link-tr\" title=\"Turkish\">Turkish<\/a>. For the sake of viewer convenience, the content is shown below in the alternative language. You may click the link to switch the active language.<\/p><p><\/p>\n<h2><strong>SEDA\u015e Ailesi, \u0130\u015f Sa\u011fl\u0131\u011f\u0131 ve G\u00fcvenli\u011fi Haftas\u0131\u2019n\u0131 geleneksel hale gelen \u201cMutlu Yar\u0131nlar\u201d etkinli\u011fiyle kutlad\u0131.<\/strong><\/h2>\n<p style=\"text-align: center;\"><img loading=\"lazy\" class=\"aligncenter wp-image-197501\" src=\"https:\/\/www.enerjigazetesi.ist\/wp-content\/uploads\/2025\/05\/sedas-isg-kulturunu-mutlu-yarinlar-etkinligiyle-guclendirdi.jpg\" alt=\"\" width=\"500\" height=\"255\" srcset=\"https:\/\/www.enerjigazetesi.ist\/wp-content\/uploads\/2025\/05\/sedas-isg-kulturunu-mutlu-yarinlar-etkinligiyle-guclendirdi.jpg 550w, https:\/\/www.enerjigazetesi.ist\/wp-content\/uploads\/2025\/05\/sedas-isg-kulturunu-mutlu-yarinlar-etkinligiyle-guclendirdi-300x153.jpg 300w, https:\/\/www.enerjigazetesi.ist\/wp-content\/uploads\/2025\/05\/sedas-isg-kulturunu-mutlu-yarinlar-etkinligiyle-guclendirdi-500x255.jpg 500w, https:\/\/www.enerjigazetesi.ist\/wp-content\/uploads\/2025\/05\/sedas-isg-kulturunu-mutlu-yarinlar-etkinligiyle-guclendirdi-80x41.jpg 80w\" sizes=\"(max-width: 500px) 100vw, 500px\" \/><\/p>\n<p>\u0130\u015f sa\u011fl\u0131\u011f\u0131 ve g\u00fcvenli\u011fi (\u0130SG) k\u00fclt\u00fcr\u00fcn\u00fc kurum i\u00e7inde daha da yayg\u0131nla\u015ft\u0131rmak ve fark\u0131ndal\u0131k yaratmak amac\u0131yla d\u00fczenlenen etkinlikte, \u00f6zel i\u00e7erikler ve video g\u00f6sterimleri kat\u0131l\u0131mc\u0131larla bulu\u015fturuldu.<\/p>\n<p>Etkinli\u011fe ili\u015fkin de\u011ferlendirmelerde bulunan<strong> SEDA\u015e Reg\u00fclasyon, Strateji ve Uyum Direkt\u00f6r\u00fc ve Genel M\u00fcd\u00fcr Vekili Mustafa Y\u0131lmaz<\/strong>, <em>\u201cSEDA\u015e olarak, \u00e7al\u0131\u015fanlar\u0131m\u0131z\u0131n ve m\u00fc\u015fterilerimizin g\u00fcvenli\u011fini sa\u011flamay\u0131 her zaman \u00f6nceli\u011fimiz olarak g\u00f6r\u00fcyoruz. Sakarya, Kocaeli, Bolu, D\u00fczce ve Gebze B\u00f6lge M\u00fcd\u00fcrl\u00fcklerini kapsayan 20 bin kilometrekarelik geni\u015f bir alanda, zorlu co\u011frafi ko\u015fullarda g\u00f6rev yap\u0131yoruz. Elektrik da\u011f\u0131t\u0131m faaliyetimizde i\u015f kazas\u0131 risklerini belirleyerek t\u00fcm \u00e7al\u0131\u015fmalar i\u00e7in gerekli tedbirlerin al\u0131nmas\u0131n\u0131 sa\u011fl\u0131yoruz. \u00c7al\u0131\u015fma arkada\u015flar\u0131m\u0131zla birlikte y\u00fcr\u00fctt\u00fc\u011f\u00fcm\u00fcz \u0130SG k\u00fclt\u00fcr\u00fcn\u00fc, bir ya\u015fam bi\u00e7imi haline getirme yolunda kararl\u0131l\u0131kla ilerliyoruz. Geleneksel hale getirdi\u011fimiz \u201cMutlu Yar\u0131nlar\u201d etkinli\u011fi, sadece fark\u0131ndal\u0131k yaratmakla kalm\u0131yor ayn\u0131 zamanda sahadaki eme\u011fi, bilinci ve kararl\u0131l\u0131\u011f\u0131 g\u00f6r\u00fcn\u00fcr k\u0131l\u0131yor\u201d<\/em> dedi.<\/p>\n<p>Bu y\u0131lki programda; Aileler Sahada, Mikrofon Sende, Y\u0131ld\u0131z\u0131m Sensin etkinlikleri ve \u0130SG Resim Yar\u0131\u015fmas\u0131 videolar\u0131 \u00e7al\u0131\u015fanlarla bulu\u015ftu ve b\u00fcy\u00fck be\u011feni toplad\u0131. Etkinlik kapsam\u0131nda d\u00fczenlenen Alt\u0131n Baret \u00f6d\u00fcl t\u00f6reninde Sakarya B\u00f6lge M\u00fcd\u00fcrl\u00fc\u011f\u00fcnden H\u00fcseyin Ersin Eren\u2019e, \u00f6d\u00fcl\u00fcn\u00fc SEDA\u015e Reg\u00fclasyon, Strateji ve Uyum Direkt\u00f6r\u00fc ve Genel M\u00fcd\u00fcr Vekili Mustafa Y\u0131lmaz; D\u00fczce B\u00f6lge M\u00fcd\u00fcrl\u00fc\u011f\u00fcnden \u0130brahim Y\u0131lmaz\u2019a, \u00f6d\u00fcl\u00fcn\u00fc SEDA\u015e Da\u011f\u0131t\u0131m Operasyonlar\u0131 Direkt\u00f6r\u00fc Burhan Ak; Kocaeli B\u00f6lge M\u00fcd\u00fcrl\u00fc\u011f\u00fcnden Selami Gencer\u2019e, \u00f6d\u00fcl\u00fcn\u00fc SEDA\u015e Yat\u0131r\u0131m, Varl\u0131k ve \u015eebeke Y\u00f6netimi Direkt\u00f6r\u00fc Mustafa Emre \u015eafak; Bolu B\u00f6lge M\u00fcd\u00fcrl\u00fc\u011f\u00fcnden \u0130smail Sar\u0131caer\u2019e ve Gebze B\u00f6lge M\u00fcd\u00fcrl\u00fc\u011f\u00fcnden Sel\u00e7uk G\u00f6ksoy\u2019a ise \u00f6d\u00fcllerini SEDA\u015e \u0130nsan Kaynaklar\u0131 ve Kurumsal Yetkinlikler Direkt\u00f6r\u00fc Ahmet Serhan Hatipo\u011flu verdi.<\/p>\n<p>Online Beyaz Yaka Bilgi Yar\u0131\u015fmas\u0131\u2019nda da birincilik \u00f6d\u00fcl\u00fcn\u00fc Burak Y\u0131lmaz, SEDA\u015e \u0130\u015f Sa\u011fl\u0131\u011f\u0131 ve G\u00fcvenli\u011fi M\u00fcd\u00fcr\u00fc Ebru \u00d6zt\u00fcrk\u2019\u00fcn elinden ald\u0131. \u0130kincilik \u00f6d\u00fcl\u00fc Hamza Duran\u2019a, SEDA\u015e Kurumsal \u0130leti\u015fim ve M\u00fc\u015fteri \u0130li\u015fkileri M\u00fcd\u00fcr\u00fc Efsun Ergin; \u00fc\u00e7\u00fcnc\u00fcl\u00fck \u00f6d\u00fcl\u00fc ise Tunahan Avc\u0131\u2019ya, SEDA\u015e \u0130nsan Kaynaklar\u0131 M\u00fcd\u00fcr\u00fc Demet \u00c7ap taraf\u0131ndan takdim edildi.<\/p>\n<p>Canl\u0131 yay\u0131nda ger\u00e7ekle\u015ftirilen Online Mavi Yaka Bilgi Yar\u0131\u015fmas\u0131\u2019nda Bar\u0131\u015f Abakay, \u0130smail Seymen ve Onur G\u00fcrb\u00fcz dereceye giren isimler oldu. \u201cEnerjini Koru, Gelece\u011fini Ayd\u0131nlat\u201d Resim Yar\u0131\u015fmas\u0131\u2019nda Zuhal G\u00f6kaslan birincilik, Miray Gezen ikincilik, Bet\u00fcl Demir \u00fc\u00e7\u00fcnc\u00fcl\u00fck elde ederken; Ya\u011fmur Dumano\u011flu ve Miray \u015eent\u00fcrk mansiyon \u00f6d\u00fcl\u00fcne lay\u0131k g\u00f6r\u00fcld\u00fc. T\u00fcm \u00f6d\u00fcller, SEDA\u015e \u00dcst Y\u00f6netim Ekibi taraf\u0131ndan takdim edildi.<\/p>","protected":false},"excerpt":{"rendered":"<p>Sorry, this entry is only available in Turkish. For the sake of viewer convenience, the content is shown below in the alternative language. You may click the link to switch the active language. SEDA\u015e Ailesi, \u0130\u015f Sa\u011fl\u0131\u011f\u0131 ve G\u00fcvenli\u011fi Haftas\u0131\u2019n\u0131 geleneksel hale gelen \u201cMutlu Yar\u0131nlar\u201d etkinli\u011fiyle kutlad\u0131. \u0130\u015f sa\u011fl\u0131\u011f\u0131 ve g\u00fcvenli\u011fi (\u0130SG) k\u00fclt\u00fcr\u00fcn\u00fc kurum i\u00e7inde [&hellip;]<\/p>\n","protected":false},"author":1,"featured_media":197500,"comment_status":"open","ping_status":"open","sticky":false,"template":"","format":"standard","meta":[],"categories":[51,53],"tags":[113834,2873,65855,2444],"views":14,"_links":{"self":[{"href":"https:\/\/www.enerjigazetesi.ist\/en\/wp-json\/wp\/v2\/posts\/197498"}],"collection":[{"href":"https:\/\/www.enerjigazetesi.ist\/en\/wp-json\/wp\/v2\/posts"}],"about":[{"href":"https:\/\/www.enerjigazetesi.ist\/en\/wp-json\/wp\/v2\/types\/post"}],"author":[{"embeddable":true,"href":"https:\/\/www.enerjigazetesi.ist\/en\/wp-json\/wp\/v2\/users\/1"}],"replies":[{"embeddable":true,"href":"https:\/\/www.enerjigazetesi.ist\/en\/wp-json\/wp\/v2\/comments?post=197498"}],"version-history":[{"count":0,"href":"https:\/\/www.enerjigazetesi.ist\/en\/wp-json\/wp\/v2\/posts\/197498\/revisions"}],"wp:featuredmedia":[{"embeddable":true,"href":"https:\/\/www.enerjigazetesi.ist\/en\/wp-json\/wp\/v2\/media\/197500"}],"wp:attachment":[{"href":"https:\/\/www.enerjigazetesi.ist\/en\/wp-json\/wp\/v2\/media?parent=197498"}],"wp:term":[{"taxonomy":"category","embeddable":true,"href":"https:\/\/www.enerjigazetesi.ist\/en\/wp-json\/wp\/v2\/categories?post=197498"},{"taxonomy":"post_tag","embeddable":true,"href":"https:\/\/www.enerjigazetesi.ist\/en\/wp-json\/wp\/v2\/tags?post=197498"}],"curies":[{"name":"wp","href":"https:\/\/api.w.org\/{rel}","templated":true}]}}