{"id":197480,"date":"2025-05-19T12:12:56","date_gmt":"2025-05-19T09:12:56","guid":{"rendered":"https:\/\/www.enerjigazetesi.ist\/?p=197480"},"modified":"2025-05-19T12:12:56","modified_gmt":"2025-05-19T09:12:56","slug":"eksim-enerji-viransehir-gesin-kurulu-gucunu-102-6-mwa-yukseltti","status":"publish","type":"post","link":"https:\/\/www.enerjigazetesi.ist\/en\/eksim-enerji-viransehir-gesin-kurulu-gucunu-102-6-mwa-yukseltti\/","title":{"rendered":"(Turkish) &#8217;Eksim Enerji&#8217; Viran\u015fehir GES&#8217;in Kurulu G\u00fcc\u00fcn\u00fc 102.6 MW\u2019a Y\u00fckseltti"},"content":{"rendered":"<p class=\"qtranxs-available-languages-message qtranxs-available-languages-message-en\">Sorry, this entry is only available in <a href=\"https:\/\/www.enerjigazetesi.ist\/tr\/wp-json\/wp\/v2\/posts\/197480\" class=\"qtranxs-available-language-link qtranxs-available-language-link-tr\" title=\"Turkish\">Turkish<\/a>. For the sake of viewer convenience, the content is shown below in the alternative language. You may click the link to switch the active language.<\/p><p><\/p>\n<h2><strong>Eksim Enerji, \u015eanl\u0131urfa Viran\u015fehir G\u00fcne\u015f Enerji Santrali (GES) projesindeki kurulu g\u00fcc\u00fcn\u00fc 102.6 MW\u2019a<\/strong> <strong>y\u00fckseltti. Projenin ilk etab\u0131nda 45 MW DC\u2019lik kurulu g\u00fcc\u00fc devreye ald\u0131\u011f\u0131n\u0131 duyuran \u015firket, ikinci etab\u0131 2 ayda tamamlamay\u0131 ba\u015fard\u0131. Toplamda 191.6 MW DC kapasiteye ula\u015fmas\u0131 planlanan santral, tamamland\u0131\u011f\u0131nda 170 bin hanenin elektrik ihtiyac\u0131n\u0131 kar\u015f\u0131layacak temiz enerjiyi \u00fcretecek.<\/strong><\/h2>\n<p style=\"text-align: center;\"><img loading=\"lazy\" class=\"aligncenter wp-image-197483\" src=\"https:\/\/www.enerjigazetesi.ist\/wp-content\/uploads\/2025\/05\/eksim-enerji-viransehir-gesin-kurulu-gucunu-102-6-mwa-yukseltti.jpg\" alt=\"\" width=\"500\" height=\"375\" srcset=\"https:\/\/www.enerjigazetesi.ist\/wp-content\/uploads\/2025\/05\/eksim-enerji-viransehir-gesin-kurulu-gucunu-102-6-mwa-yukseltti.jpg 550w, https:\/\/www.enerjigazetesi.ist\/wp-content\/uploads\/2025\/05\/eksim-enerji-viransehir-gesin-kurulu-gucunu-102-6-mwa-yukseltti-300x225.jpg 300w, https:\/\/www.enerjigazetesi.ist\/wp-content\/uploads\/2025\/05\/eksim-enerji-viransehir-gesin-kurulu-gucunu-102-6-mwa-yukseltti-500x375.jpg 500w, https:\/\/www.enerjigazetesi.ist\/wp-content\/uploads\/2025\/05\/eksim-enerji-viransehir-gesin-kurulu-gucunu-102-6-mwa-yukseltti-67x50.jpg 67w\" sizes=\"(max-width: 500px) 100vw, 500px\" \/><\/p>\n<p>Y\u00fczde y\u00fcz yenilenebilir enerji alan\u0131nda faaliyet g\u00f6steren Eksim Enerji, \u015eanl\u0131urfa Viran\u015fehir GES projesinin ilk etab\u0131nda 45 MW DC\u2019lik kurulu g\u00fcc\u00fc devreye alm\u0131\u015ft\u0131. \u015eirketten yap\u0131lan son a\u00e7\u0131klamaya g\u00f6re iki ayl\u0131k s\u00fcre i\u00e7inde santralin kurulu g\u00fcc\u00fc iki kattan fazla art\u0131r\u0131larak 102.6 MW\u2019a \u00e7\u0131kar\u0131ld\u0131.<\/p>\n<h3><strong>170 Bin Hanenin Enerjisi Viran\u015fehir GES\u2019ten Kar\u015f\u0131lanacak<\/strong><\/h3>\n<div id=\"attachment_197482\" style=\"width: 510px\" class=\"wp-caption aligncenter\"><img aria-describedby=\"caption-attachment-197482\" loading=\"lazy\" class=\"wp-image-197482\" src=\"https:\/\/www.enerjigazetesi.ist\/wp-content\/uploads\/2025\/05\/eksim-enerji-viransehir-gesin-kurulu-gucunu-102-6-mwa-yukseltti-1.jpg\" alt=\"\" width=\"500\" height=\"363\" srcset=\"https:\/\/www.enerjigazetesi.ist\/wp-content\/uploads\/2025\/05\/eksim-enerji-viransehir-gesin-kurulu-gucunu-102-6-mwa-yukseltti-1.jpg 550w, https:\/\/www.enerjigazetesi.ist\/wp-content\/uploads\/2025\/05\/eksim-enerji-viransehir-gesin-kurulu-gucunu-102-6-mwa-yukseltti-1-300x218.jpg 300w, https:\/\/www.enerjigazetesi.ist\/wp-content\/uploads\/2025\/05\/eksim-enerji-viransehir-gesin-kurulu-gucunu-102-6-mwa-yukseltti-1-500x363.jpg 500w, https:\/\/www.enerjigazetesi.ist\/wp-content\/uploads\/2025\/05\/eksim-enerji-viransehir-gesin-kurulu-gucunu-102-6-mwa-yukseltti-1-69x50.jpg 69w\" sizes=\"(max-width: 500px) 100vw, 500px\" \/><p id=\"caption-attachment-197482\" class=\"wp-caption-text\">Eksim Enerji CEO\u2019su Ark\u0131n Akbay<\/p><\/div>\n<p>H\u0131zla devreye al\u0131nan ikinci faza ili\u015fkin de\u011ferlendirmelerde bulunan <strong>Eksim Enerji CEO\u2019su Ark\u0131n Akbay<\/strong>, <em>\u201cViran\u015fehir santralimizde ilk paneli yerle\u015ftirdikten sadece iki ay sonra 102.6 MW kurulu g\u00fcce ula\u015fmam\u0131z, projenin planlamas\u0131ndan uygulamas\u0131na kadar kaliteli m\u00fchendislik kabiliyetimizin, proje ve saha y\u00f6netimimizin tedarik\u00e7ilerimiz ve Bakanl\u0131\u011f\u0131m\u0131z, TE\u0130A\u015e, EPDK, Valili\u011fimiz ve Kaymakaml\u0131\u011f\u0131m\u0131z ba\u015fta olmak \u00fczere t\u00fcm kamu kurulu\u015flar\u0131m\u0131zla y\u00fcksek seviyede koordinasyonunun en somut g\u00f6stergesi oldu. Hedefimiz en k\u0131sa zamanda \u00fc\u00e7\u00fcnc\u00fc etab\u0131m\u0131z olan 191.6 MW\u2019l\u0131k tam kapasiteye ula\u015f\u0131p 170 bin hanenin temiz enerji ihtiyac\u0131n\u0131 tek noktadan kar\u015f\u0131lamak\u201d<\/em> ifadelerini kulland\u0131. <strong>Akbay,<\/strong> Eksim Enerji\u2019nin 2029\u2019a kadar yurt i\u00e7i ve yurt d\u0131\u015f\u0131ndaki projelerini devreye alarak 2.250 MW\u2019\u0131 a\u015fan kurulu g\u00fcce ula\u015fma hedefiyle h\u0131z kesmeden ilerledi\u011fini de s\u00f6zlerine ekledi.<\/p>\n<h3><strong>Kad\u0131n ve \u00c7ocuklara \u00d6zel Sa\u011fl\u0131k Kiti Da\u011f\u0131t\u0131ld\u0131<\/strong><\/h3>\n<p>Ger\u00e7ekle\u015ftirdi\u011fi yat\u0131r\u0131mla b\u00f6lge halk\u0131n\u0131n refah\u0131na da katk\u0131 sa\u011flamay\u0131 ilke edinen Eksim Enerji, \u00a0i\u015fletmelerinin bulundu\u011fu b\u00f6lgelerde sundu\u011fu istihdam olanaklar\u0131n\u0131n yan\u0131 s\u0131ra \u00f6zel sa\u011fl\u0131k taramalar\u0131n\u0131 i\u00e7eren sosyal sorumluluk odakl\u0131 \u00e7al\u0131\u015fmalar\u0131n\u0131 da y\u00fcr\u00fct\u00fcyor. Bu kapsamda Viran\u015fehir GES\u2019in bulundu\u011fu 117 ki\u015filik n\u00fcfusa sahip Dereli K\u00f6y\u00fc\u2019nde genel sa\u011fl\u0131k taramas\u0131 hizmeti sa\u011flayan \u015firket; kad\u0131n ve \u00e7ocuklar i\u00e7in de \u00f6zel sa\u011fl\u0131k kitinin payla\u015f\u0131m\u0131n\u0131 ger\u00e7ekle\u015ftirdi.<\/p>","protected":false},"excerpt":{"rendered":"<p>Sorry, this entry is only available in Turkish. For the sake of viewer convenience, the content is shown below in the alternative language. You may click the link to switch the active language. Eksim Enerji, \u015eanl\u0131urfa Viran\u015fehir G\u00fcne\u015f Enerji Santrali (GES) projesindeki kurulu g\u00fcc\u00fcn\u00fc 102.6 MW\u2019a y\u00fckseltti. Projenin ilk etab\u0131nda 45 MW DC\u2019lik kurulu g\u00fcc\u00fc [&hellip;]<\/p>\n","protected":false},"author":1,"featured_media":197483,"comment_status":"open","ping_status":"open","sticky":false,"template":"","format":"standard","meta":[],"categories":[53,49],"tags":[97192,2326,13,2569,116280],"views":16,"_links":{"self":[{"href":"https:\/\/www.enerjigazetesi.ist\/en\/wp-json\/wp\/v2\/posts\/197480"}],"collection":[{"href":"https:\/\/www.enerjigazetesi.ist\/en\/wp-json\/wp\/v2\/posts"}],"about":[{"href":"https:\/\/www.enerjigazetesi.ist\/en\/wp-json\/wp\/v2\/types\/post"}],"author":[{"embeddable":true,"href":"https:\/\/www.enerjigazetesi.ist\/en\/wp-json\/wp\/v2\/users\/1"}],"replies":[{"embeddable":true,"href":"https:\/\/www.enerjigazetesi.ist\/en\/wp-json\/wp\/v2\/comments?post=197480"}],"version-history":[{"count":0,"href":"https:\/\/www.enerjigazetesi.ist\/en\/wp-json\/wp\/v2\/posts\/197480\/revisions"}],"wp:featuredmedia":[{"embeddable":true,"href":"https:\/\/www.enerjigazetesi.ist\/en\/wp-json\/wp\/v2\/media\/197483"}],"wp:attachment":[{"href":"https:\/\/www.enerjigazetesi.ist\/en\/wp-json\/wp\/v2\/media?parent=197480"}],"wp:term":[{"taxonomy":"category","embeddable":true,"href":"https:\/\/www.enerjigazetesi.ist\/en\/wp-json\/wp\/v2\/categories?post=197480"},{"taxonomy":"post_tag","embeddable":true,"href":"https:\/\/www.enerjigazetesi.ist\/en\/wp-json\/wp\/v2\/tags?post=197480"}],"curies":[{"name":"wp","href":"https:\/\/api.w.org\/{rel}","templated":true}]}}