{"id":197460,"date":"2025-05-19T10:54:32","date_gmt":"2025-05-19T07:54:32","guid":{"rendered":"https:\/\/www.enerjigazetesi.ist\/?p=197460"},"modified":"2025-05-19T10:54:32","modified_gmt":"2025-05-19T07:54:32","slug":"guris-romanyanin-en-buyuk-batarya-projesine-imza-atti","status":"publish","type":"post","link":"https:\/\/www.enerjigazetesi.ist\/en\/guris-romanyanin-en-buyuk-batarya-projesine-imza-atti\/","title":{"rendered":"(Turkish) &#8217;G\u00dcR\u0130\u015e&#8217; Romanya\u2019n\u0131n En B\u00fcy\u00fck Batarya Projesine \u0130mza Att\u0131"},"content":{"rendered":"<p class=\"qtranxs-available-languages-message qtranxs-available-languages-message-en\">Sorry, this entry is only available in <a href=\"https:\/\/www.enerjigazetesi.ist\/tr\/wp-json\/wp\/v2\/posts\/197460\" class=\"qtranxs-available-language-link qtranxs-available-language-link-tr\" title=\"Turkish\">Turkish<\/a>. For the sake of viewer convenience, the content is shown below in the alternative language. You may click the link to switch the active language.<\/p><p><\/p>\n<h2><strong>\u0130n\u015faat, end\u00fcstri ve enerji alanlar\u0131nda T\u00fcrkiye\u2019nin \u00f6nde gelen gruplar\u0131ndan biri olan G\u00dcR\u0130\u015e, 100\u2019\u00fc a\u015fk\u0131n projelik deneyimine Romanya\u2019daki yeni yat\u0131r\u0131m\u0131n\u0131 ekledi.<\/strong><\/h2>\n<p style=\"text-align: center;\"><img loading=\"lazy\" class=\"aligncenter wp-image-197462\" src=\"https:\/\/www.enerjigazetesi.ist\/wp-content\/uploads\/2025\/05\/guris-romanyanin-en-buyuk-batarya-projesine-imza-atti-1.jpg\" alt=\"\" width=\"500\" height=\"367\" srcset=\"https:\/\/www.enerjigazetesi.ist\/wp-content\/uploads\/2025\/05\/guris-romanyanin-en-buyuk-batarya-projesine-imza-atti-1.jpg 550w, https:\/\/www.enerjigazetesi.ist\/wp-content\/uploads\/2025\/05\/guris-romanyanin-en-buyuk-batarya-projesine-imza-atti-1-300x220.jpg 300w, https:\/\/www.enerjigazetesi.ist\/wp-content\/uploads\/2025\/05\/guris-romanyanin-en-buyuk-batarya-projesine-imza-atti-1-500x367.jpg 500w, https:\/\/www.enerjigazetesi.ist\/wp-content\/uploads\/2025\/05\/guris-romanyanin-en-buyuk-batarya-projesine-imza-atti-1-68x50.jpg 68w\" sizes=\"(max-width: 500px) 100vw, 500px\" \/><\/p>\n<p>G\u00dcR\u0130\u015e \u0130n\u015faat ve M\u00fchendislik A.\u015e., Romanya\u2019da yer alan 100 MW \/ 200 MWh kapasiteli batarya enerji depolama projesi \u201cBESS IAZ\u201d\u0131 b\u00fcnyesine kat\u0131yor. Caras-Severin iline ba\u011fl\u0131 Iaz K\u00f6y\u00fc\u2019nde konumlanan projeyi geli\u015ftiren ENERGY CAPITAL GROUP SRL\u2019nin tamam\u0131 G\u00dcR\u0130\u015e taraf\u0131ndan sat\u0131n al\u0131n\u0131yor.<\/p>\n<p>Bu sat\u0131n almayla birlikte G\u00dcR\u0130\u015e, G\u00fcneydo\u011fu Avrupa\u2019daki yenilenebilir enerji pazar\u0131na g\u00fc\u00e7l\u00fc bir giri\u015f yaparak b\u00f6lgedeki b\u00fcy\u00fcme hedeflerine \u00f6nemli bir ad\u0131m atm\u0131\u015f oldu. \u015eirket, \u00f6n\u00fcm\u00fczdeki d\u00f6nemde bu alandaki yat\u0131r\u0131mlar\u0131n\u0131 art\u0131rmay\u0131 planl\u0131yor.<\/p>","protected":false},"excerpt":{"rendered":"<p>Sorry, this entry is only available in Turkish. For the sake of viewer convenience, the content is shown below in the alternative language. You may click the link to switch the active language. \u0130n\u015faat, end\u00fcstri ve enerji alanlar\u0131nda T\u00fcrkiye\u2019nin \u00f6nde gelen gruplar\u0131ndan biri olan G\u00dcR\u0130\u015e, 100\u2019\u00fc a\u015fk\u0131n projelik deneyimine Romanya\u2019daki yeni yat\u0131r\u0131m\u0131n\u0131 ekledi. G\u00dcR\u0130\u015e \u0130n\u015faat [&hellip;]<\/p>\n","protected":false},"author":1,"featured_media":197462,"comment_status":"open","ping_status":"open","sticky":false,"template":"","format":"standard","meta":[],"categories":[51,53],"tags":[116793,116794,116796,3513,116795,6665],"views":21,"_links":{"self":[{"href":"https:\/\/www.enerjigazetesi.ist\/en\/wp-json\/wp\/v2\/posts\/197460"}],"collection":[{"href":"https:\/\/www.enerjigazetesi.ist\/en\/wp-json\/wp\/v2\/posts"}],"about":[{"href":"https:\/\/www.enerjigazetesi.ist\/en\/wp-json\/wp\/v2\/types\/post"}],"author":[{"embeddable":true,"href":"https:\/\/www.enerjigazetesi.ist\/en\/wp-json\/wp\/v2\/users\/1"}],"replies":[{"embeddable":true,"href":"https:\/\/www.enerjigazetesi.ist\/en\/wp-json\/wp\/v2\/comments?post=197460"}],"version-history":[{"count":0,"href":"https:\/\/www.enerjigazetesi.ist\/en\/wp-json\/wp\/v2\/posts\/197460\/revisions"}],"wp:featuredmedia":[{"embeddable":true,"href":"https:\/\/www.enerjigazetesi.ist\/en\/wp-json\/wp\/v2\/media\/197462"}],"wp:attachment":[{"href":"https:\/\/www.enerjigazetesi.ist\/en\/wp-json\/wp\/v2\/media?parent=197460"}],"wp:term":[{"taxonomy":"category","embeddable":true,"href":"https:\/\/www.enerjigazetesi.ist\/en\/wp-json\/wp\/v2\/categories?post=197460"},{"taxonomy":"post_tag","embeddable":true,"href":"https:\/\/www.enerjigazetesi.ist\/en\/wp-json\/wp\/v2\/tags?post=197460"}],"curies":[{"name":"wp","href":"https:\/\/api.w.org\/{rel}","templated":true}]}}