{"id":197270,"date":"2025-05-08T11:42:19","date_gmt":"2025-05-08T08:42:19","guid":{"rendered":"https:\/\/www.enerjigazetesi.ist\/?p=197270"},"modified":"2025-05-08T11:42:19","modified_gmt":"2025-05-08T08:42:19","slug":"togg-t10x-elektrikli-arac-ve-c-suv-segmentinde-zirvede","status":"publish","type":"post","link":"https:\/\/www.enerjigazetesi.ist\/en\/togg-t10x-elektrikli-arac-ve-c-suv-segmentinde-zirvede\/","title":{"rendered":"(Turkish) &#8217;Togg T10X&#8217; Elektrikli Ara\u00e7 ve C-SUV Segmentinde Zirvede"},"content":{"rendered":"<p class=\"qtranxs-available-languages-message qtranxs-available-languages-message-en\">Sorry, this entry is only available in <a href=\"https:\/\/www.enerjigazetesi.ist\/tr\/wp-json\/wp\/v2\/posts\/197270\" class=\"qtranxs-available-language-link qtranxs-available-language-link-tr\" title=\"Turkish\">Turkish<\/a>. For the sake of viewer convenience, the content is shown below in the alternative language. You may click the link to switch the active language.<\/p><p><\/p>\n<h2><strong>T\u00fcm T\u00fcrkiye\u2019de toplam 60 bin 1 T10X\u2019i kullan\u0131c\u0131larla bulu\u015fturan Togg, 2025 y\u0131l\u0131 ilk 4 ay\u0131nda hem elektrikli ara\u00e7 hem de C-SUV segmentinde zirveye yerle\u015fti.<\/strong><\/h2>\n<p style=\"text-align: center;\"><img loading=\"lazy\" class=\"aligncenter wp-image-197272\" src=\"https:\/\/www.enerjigazetesi.ist\/wp-content\/uploads\/2025\/05\/togg-t10x-elektrikli-arac-ve-c-suv-segmentinde-zirvede.jpg\" alt=\"\" width=\"500\" height=\"332\" srcset=\"https:\/\/www.enerjigazetesi.ist\/wp-content\/uploads\/2025\/05\/togg-t10x-elektrikli-arac-ve-c-suv-segmentinde-zirvede.jpg 550w, https:\/\/www.enerjigazetesi.ist\/wp-content\/uploads\/2025\/05\/togg-t10x-elektrikli-arac-ve-c-suv-segmentinde-zirvede-300x199.jpg 300w, https:\/\/www.enerjigazetesi.ist\/wp-content\/uploads\/2025\/05\/togg-t10x-elektrikli-arac-ve-c-suv-segmentinde-zirvede-500x332.jpg 500w, https:\/\/www.enerjigazetesi.ist\/wp-content\/uploads\/2025\/05\/togg-t10x-elektrikli-arac-ve-c-suv-segmentinde-zirvede-75x50.jpg 75w, https:\/\/www.enerjigazetesi.ist\/wp-content\/uploads\/2025\/05\/togg-t10x-elektrikli-arac-ve-c-suv-segmentinde-zirvede-450x300.jpg 450w\" sizes=\"(max-width: 500px) 100vw, 500px\" \/><\/p>\n<p>T\u00fcrkiye\u2019nin mobilite alan\u0131nda hizmet veren k\u00fcresel teknoloji markas\u0131 Togg, T10X modeliyle 2025 y\u0131l\u0131nda da ba\u015far\u0131l\u0131 performans\u0131n\u0131 s\u00fcrd\u00fcr\u00fcyor. 3.537 adedi nisan ay\u0131nda olmak \u00fczere ilk 4 ayda 10.325 sat\u0131\u015f adedine ula\u015fan T10X, i\u00e7ten yanmal\u0131 ara\u00e7lar\u0131n da yer ald\u0131\u011f\u0131 C-SUV segmentinde %10,1 pazar pay\u0131yla liderli\u011fini s\u00fcrd\u00fcrd\u00fc.<\/p>\n<p>Her ge\u00e7en g\u00fcn daha fazla kullan\u0131c\u0131yla bulu\u015fan T10X, elektrikli ara\u00e7 pazar\u0131nda da rakiplerini geride b\u0131rakt\u0131. T10X, y\u0131l\u0131n ilk 4 ay\u0131nda %24,4 pazar pay\u0131yla a\u00e7\u0131k ara birincili\u011fi elde etti. T10X b\u00fct\u00fcn segmentler ve g\u00f6vde tipleri i\u00e7inde de %3,3 pazar pay\u0131 ile en \u00e7ok sat\u0131lan 5\u2019inci model olurken, Togg da b\u00fct\u00fcn kategoriler i\u00e7inde en \u00e7ok sat\u0131lan 11\u2019inci marka olma ba\u015far\u0131s\u0131n\u0131 g\u00f6sterdi.<\/p>\n<h3><strong>Nisan Ay\u0131nda da \u0130lk S\u0131rada<\/strong><\/h3>\n<p>T\u00fcrkiye\u2019de nisan ay\u0131nda toplam otomobil pazar\u0131 85.411 adet olarak ger\u00e7ekle\u015firken, T10X 3.537 sat\u0131\u015fla %4.1 pazar pay\u0131 elde etti. Nisan ay\u0131nda elektrikli ara\u00e7lar 13.191 adetlik sat\u0131\u015f rakam\u0131na ula\u015f\u0131rken, T10X %26,8\u2019lik payla ilk s\u0131rada yer ald\u0131.<\/p>","protected":false},"excerpt":{"rendered":"<p>Sorry, this entry is only available in Turkish. For the sake of viewer convenience, the content is shown below in the alternative language. You may click the link to switch the active language. T\u00fcm T\u00fcrkiye\u2019de toplam 60 bin 1 T10X\u2019i kullan\u0131c\u0131larla bulu\u015fturan Togg, 2025 y\u0131l\u0131 ilk 4 ay\u0131nda hem elektrikli ara\u00e7 hem de C-SUV segmentinde [&hellip;]<\/p>\n","protected":false},"author":1,"featured_media":197272,"comment_status":"open","ping_status":"open","sticky":false,"template":"","format":"standard","meta":[],"categories":[51,53],"tags":[215,1270,108308,73004],"views":13,"_links":{"self":[{"href":"https:\/\/www.enerjigazetesi.ist\/en\/wp-json\/wp\/v2\/posts\/197270"}],"collection":[{"href":"https:\/\/www.enerjigazetesi.ist\/en\/wp-json\/wp\/v2\/posts"}],"about":[{"href":"https:\/\/www.enerjigazetesi.ist\/en\/wp-json\/wp\/v2\/types\/post"}],"author":[{"embeddable":true,"href":"https:\/\/www.enerjigazetesi.ist\/en\/wp-json\/wp\/v2\/users\/1"}],"replies":[{"embeddable":true,"href":"https:\/\/www.enerjigazetesi.ist\/en\/wp-json\/wp\/v2\/comments?post=197270"}],"version-history":[{"count":0,"href":"https:\/\/www.enerjigazetesi.ist\/en\/wp-json\/wp\/v2\/posts\/197270\/revisions"}],"wp:featuredmedia":[{"embeddable":true,"href":"https:\/\/www.enerjigazetesi.ist\/en\/wp-json\/wp\/v2\/media\/197272"}],"wp:attachment":[{"href":"https:\/\/www.enerjigazetesi.ist\/en\/wp-json\/wp\/v2\/media?parent=197270"}],"wp:term":[{"taxonomy":"category","embeddable":true,"href":"https:\/\/www.enerjigazetesi.ist\/en\/wp-json\/wp\/v2\/categories?post=197270"},{"taxonomy":"post_tag","embeddable":true,"href":"https:\/\/www.enerjigazetesi.ist\/en\/wp-json\/wp\/v2\/tags?post=197270"}],"curies":[{"name":"wp","href":"https:\/\/api.w.org\/{rel}","templated":true}]}}