{"id":197222,"date":"2025-05-02T14:32:26","date_gmt":"2025-05-02T11:32:26","guid":{"rendered":"https:\/\/www.enerjigazetesi.ist\/?p=197222"},"modified":"2025-05-02T14:34:53","modified_gmt":"2025-05-02T11:34:53","slug":"iklim-ve-cevre-sivil-toplum-kuruluslarindan-1-mayis-mesaji-2","status":"publish","type":"post","link":"https:\/\/www.enerjigazetesi.ist\/en\/iklim-ve-cevre-sivil-toplum-kuruluslarindan-1-mayis-mesaji-2\/","title":{"rendered":"(Turkish) \u0130klim ve \u00c7evre Sivil Toplum Kurulu\u015flar\u0131ndan &#8216;1 May\u0131s&#8217; Mesaj\u0131"},"content":{"rendered":"<p class=\"qtranxs-available-languages-message qtranxs-available-languages-message-en\">Sorry, this entry is only available in <a href=\"https:\/\/www.enerjigazetesi.ist\/tr\/wp-json\/wp\/v2\/posts\/197222\" class=\"qtranxs-available-language-link qtranxs-available-language-link-tr\" title=\"Turkish\">Turkish<\/a>. For the sake of viewer convenience, the content is shown below in the alternative language. You may click the link to switch the active language.<\/p><p><\/p>\n<h2><strong>\u0130\u015f\u00e7ileri ve \u0130klimi Koruyan Adil Bir D\u00f6n\u00fc\u015f\u00fcm M\u00fcmk\u00fcn<\/strong><\/h2>\n<p><strong>1 May\u0131s 2025, \u0130STANBUL &#8211;\u00a0<\/strong>\u0130klim ve \u00e7evre alan\u0131nda \u00e7al\u0131\u015fan sivil toplum kurulu\u015flar\u0131 olarak, T\u00fcrkiye&#8217;deki binlerce k\u00f6m\u00fcr madeni ve santral i\u015f\u00e7isinin, bug\u00fcn oldu\u011fu gibi yak\u0131n gelecekte de i\u015fsiz kalmamas\u0131 i\u00e7in hem iklimi hem de i\u015f\u00e7ileri koruyan adil bir d\u00f6n\u00fc\u015f\u00fcm talep ediyoruz.<\/p>\n<p style=\"text-align: center;\"><img loading=\"lazy\" class=\"aligncenter wp-image-197224\" src=\"https:\/\/www.enerjigazetesi.ist\/wp-content\/uploads\/2025\/05\/iklim-ve-cevre-sivil-toplum-kuruluslarindan-1-mayis-mesaji-3.jpg\" alt=\"\" width=\"500\" height=\"281\" srcset=\"https:\/\/www.enerjigazetesi.ist\/wp-content\/uploads\/2025\/05\/iklim-ve-cevre-sivil-toplum-kuruluslarindan-1-mayis-mesaji-3.jpg 550w, https:\/\/www.enerjigazetesi.ist\/wp-content\/uploads\/2025\/05\/iklim-ve-cevre-sivil-toplum-kuruluslarindan-1-mayis-mesaji-3-300x169.jpg 300w, https:\/\/www.enerjigazetesi.ist\/wp-content\/uploads\/2025\/05\/iklim-ve-cevre-sivil-toplum-kuruluslarindan-1-mayis-mesaji-3-500x281.jpg 500w, https:\/\/www.enerjigazetesi.ist\/wp-content\/uploads\/2025\/05\/iklim-ve-cevre-sivil-toplum-kuruluslarindan-1-mayis-mesaji-3-80x45.jpg 80w\" sizes=\"(max-width: 500px) 100vw, 500px\" \/><\/p>\n<p>\u0130klim krizine kar\u015f\u0131 m\u00fccadele, ba\u015fta k\u00f6m\u00fcr olmak \u00fczere fosil yak\u0131tlara dayal\u0131 i\u015f kollar\u0131n\u0131 yeniden \u015fekillendiriyor ve yeni istihdam alanlar\u0131 ortaya \u00e7\u0131kar\u0131yor. Ancak bu d\u00f6n\u00fc\u015f\u00fcm, haz\u0131rl\u0131ks\u0131z ve plans\u0131z ger\u00e7ekle\u015fti\u011finde i\u015f\u00e7ileri g\u00fcvencesizli\u011fe mahk\u00fbm ediyor.<\/p>\n<p>Ne yaz\u0131k ki, son bir y\u0131lda k\u00f6m\u00fcr madeni ve santral i\u015f\u00e7ileri, bu plans\u0131zl\u0131\u011f\u0131n yol a\u00e7t\u0131\u011f\u0131 ciddi hak ihlalleriyle kar\u015f\u0131 kar\u015f\u0131ya kald\u0131. \u00d6nce\u00a0<a href=\"https:\/\/www.sozcu.com.tr\/yatagan-termik-santralinde-184-kisi-isten-cikarildi-p82872\" target=\"_blank\" rel=\"noopener\">Mu\u011fla Yata\u011fan<\/a>\u00a0k\u00f6m\u00fcrl\u00fc termik santralinden 184 i\u015f\u00e7i, ard\u0131ndan\u00a0<a href=\"https:\/\/www.evrensel.net\/haber\/545136\/cayirhan-iscileri-eylemlerine-yer-ustunde-devam-edecek\" target=\"_blank\" rel=\"noopener\">Ankara \u00c7ay\u0131rhan\u00a0<\/a>k\u00f6m\u00fcrl\u00fc termik santrali ve maden oca\u011f\u0131n\u0131n \u00f6zelle\u015ftirilme s\u00fcrecinde 500 i\u015f\u00e7i, i\u015fsiz kalma tehdidine kar\u015f\u0131 kendilerini madene kapatmak dahil bir\u00e7ok eylem yapt\u0131.<\/p>\n<p>\u0130\u015f\u00e7ilerin ya\u015fad\u0131\u011f\u0131 bu s\u00fcre\u00e7, adil d\u00f6n\u00fc\u015f\u00fcm planlar\u0131 yap\u0131lmadan, piyasa ko\u015fullar\u0131na terk edilmi\u015f k\u00f6m\u00fcr sekt\u00f6r\u00fcnde ya\u015fanabilecek i\u015f\u00e7i haklar\u0131 ihlallerini \u00e7ok ac\u0131 bir \u015fekilde g\u00f6zler \u00f6n\u00fcne serdi. Oysa bilimsel verilere dayanarak haz\u0131rlad\u0131\u011f\u0131m\u0131z\u00a0<a href=\"https:\/\/www.wwf.org.tr\/?11400\/karbon-notr-Turkiye-yolunda-ilk-adm-komurden-cikis-2030\" target=\"_blank\" rel=\"noopener\">\u00e7al\u0131\u015fmalar<\/a>, k\u00f6m\u00fcrden elektrik \u00fcretiminin ekonomik olarak s\u00fcrd\u00fcr\u00fclemez oldu\u011funu ve sonlanmas\u0131n\u0131n ka\u00e7\u0131n\u0131lmaz oldu\u011funu ortaya koyuyor.<\/p>\n<p>Bu bir yol ayr\u0131m\u0131: Ya \u00e7evreye, sa\u011fl\u0131\u011fa ve iklime zarar veren santralleri ya\u015fatmak i\u00e7in kamu kaynaklar\u0131n\u0131 fosil yak\u0131t \u015firketlerine aktarmaya devam edece\u011fiz ya da i\u015f\u00e7ilerin ge\u00e7im g\u00fcvencesini sa\u011flayan, toplumsal cinsiyet e\u015fitli\u011fini g\u00f6zeten, insan onuruna yak\u0131\u015f\u0131r iklim dostu i\u015fler yarataca\u011f\u0131z. T\u00fcrkiye&#8217;de acilen kimsenin geride kalmad\u0131\u011f\u0131 bir adil d\u00f6n\u00fc\u015f\u00fcm plan\u0131 haz\u0131rlanmal\u0131.<\/p>\n<p>Uluslararas\u0131 Birlik, M\u00fccadele ve Dayan\u0131\u015fma G\u00fcn\u00fc 1 May\u0131s&#8217;ta emek m\u00fccadelesi ile dayan\u0131\u015fmam\u0131z\u0131 payla\u015f\u0131yor, i\u015f\u00e7ilerin taleplerini merkeze alan, demokratik, adil ve hakkaniyetli bir enerji d\u00f6n\u00fc\u015f\u00fcm\u00fcyle, fosil yak\u0131tlar\u0131 geride b\u0131rakt\u0131\u011f\u0131m\u0131z bir gelecek talep ediyoruz.<\/p>\n<h3><strong>\u0130mzac\u0131 Kurumlar:<\/strong><\/h3>\n<p>Avrupa \u0130klim Eylem A\u011f\u0131,\u00a0Bu\u011fday Ekolojik Ya\u015fam\u0131 Destekleme Derne\u011fi,\u00a0Fosil Yak\u0131tlar\u0131n \u00d6tesi,\u00a0Greenpeace T\u00fcrkiye,\u00a0Gen\u00e7 D\u00fc\u015f\u00fcnce Enstit\u00fcs\u00fc,\u00a0Hukuk, Do\u011fa ve Toplum Vakf\u0131 &#8211; HUDOTO,\u00a0\u0130klim \u0130\u00e7in 350 Derne\u011fi,\u00a0Mekanda Adalet Derne\u011fi,\u00a0S\u00fcrd\u00fcr\u00fclebilir Ekonomi ve Finans Ara\u015ft\u0131rmalar\u0131 Derne\u011fi,\u00a0T\u00fcretim Ekonomisi Derne\u011fi,\u00a0WWF-T\u00fcrkiye (Do\u011fal Hayat\u0131 Koruma Vakf\u0131),\u00a0Ye\u015fil D\u00fc\u015f\u00fcnce Derne\u011fi<\/p>","protected":false},"excerpt":{"rendered":"<p>Sorry, this entry is only available in Turkish. For the sake of viewer convenience, the content is shown below in the alternative language. You may click the link to switch the active language. \u0130\u015f\u00e7ileri ve \u0130klimi Koruyan Adil Bir D\u00f6n\u00fc\u015f\u00fcm M\u00fcmk\u00fcn 1 May\u0131s 2025, \u0130STANBUL &#8211;\u00a0\u0130klim ve \u00e7evre alan\u0131nda \u00e7al\u0131\u015fan sivil toplum kurulu\u015flar\u0131 olarak, T\u00fcrkiye&#8217;deki [&hellip;]<\/p>\n","protected":false},"author":1,"featured_media":197225,"comment_status":"open","ping_status":"open","sticky":false,"template":"","format":"standard","meta":[],"categories":[51,53,24649],"tags":[116712,116714,1800,116713,1816,15199,18009,116711,35969],"views":13,"_links":{"self":[{"href":"https:\/\/www.enerjigazetesi.ist\/en\/wp-json\/wp\/v2\/posts\/197222"}],"collection":[{"href":"https:\/\/www.enerjigazetesi.ist\/en\/wp-json\/wp\/v2\/posts"}],"about":[{"href":"https:\/\/www.enerjigazetesi.ist\/en\/wp-json\/wp\/v2\/types\/post"}],"author":[{"embeddable":true,"href":"https:\/\/www.enerjigazetesi.ist\/en\/wp-json\/wp\/v2\/users\/1"}],"replies":[{"embeddable":true,"href":"https:\/\/www.enerjigazetesi.ist\/en\/wp-json\/wp\/v2\/comments?post=197222"}],"version-history":[{"count":0,"href":"https:\/\/www.enerjigazetesi.ist\/en\/wp-json\/wp\/v2\/posts\/197222\/revisions"}],"wp:featuredmedia":[{"embeddable":true,"href":"https:\/\/www.enerjigazetesi.ist\/en\/wp-json\/wp\/v2\/media\/197225"}],"wp:attachment":[{"href":"https:\/\/www.enerjigazetesi.ist\/en\/wp-json\/wp\/v2\/media?parent=197222"}],"wp:term":[{"taxonomy":"category","embeddable":true,"href":"https:\/\/www.enerjigazetesi.ist\/en\/wp-json\/wp\/v2\/categories?post=197222"},{"taxonomy":"post_tag","embeddable":true,"href":"https:\/\/www.enerjigazetesi.ist\/en\/wp-json\/wp\/v2\/tags?post=197222"}],"curies":[{"name":"wp","href":"https:\/\/api.w.org\/{rel}","templated":true}]}}