{"id":197216,"date":"2025-05-02T14:09:26","date_gmt":"2025-05-02T11:09:26","guid":{"rendered":"https:\/\/www.enerjigazetesi.ist\/?p=197216"},"modified":"2025-05-02T15:49:49","modified_gmt":"2025-05-02T12:49:49","slug":"yilin-elektrikli-otomobiline-geri-sayim-hyundai-inster-2","status":"publish","type":"post","link":"https:\/\/www.enerjigazetesi.ist\/en\/yilin-elektrikli-otomobiline-geri-sayim-hyundai-inster-2\/","title":{"rendered":"(Turkish) Y\u0131l\u0131n Elektrikli Otomobiline Geri Say\u0131m: Hyundai INSTER"},"content":{"rendered":"<p class=\"qtranxs-available-languages-message qtranxs-available-languages-message-en\">Sorry, this entry is only available in <a href=\"https:\/\/www.enerjigazetesi.ist\/tr\/wp-json\/wp\/v2\/posts\/197216\" class=\"qtranxs-available-language-link qtranxs-available-language-link-tr\" title=\"Turkish\">Turkish<\/a>. For the sake of viewer convenience, the content is shown below in the alternative language. You may click the link to switch the active language.<\/p><p><\/p>\n<h2>D\u00fcnyada Y\u0131l\u0131n Elektrikli Otomobili se\u00e7ilen Hyundai INSTER, May\u0131s ay\u0131nda T\u00fcrkiye\u2019de sat\u0131\u015fa sunuluyor.<\/h2>\n<p style=\"text-align: center;\"><img loading=\"lazy\" class=\"aligncenter wp-image-197218\" src=\"https:\/\/www.enerjigazetesi.ist\/wp-content\/uploads\/2025\/05\/yilin-elektrikli-otomobiline-geri-sayim-hyundai-inster.jpg\" alt=\"\" width=\"500\" height=\"300\" srcset=\"https:\/\/www.enerjigazetesi.ist\/wp-content\/uploads\/2025\/05\/yilin-elektrikli-otomobiline-geri-sayim-hyundai-inster.jpg 550w, https:\/\/www.enerjigazetesi.ist\/wp-content\/uploads\/2025\/05\/yilin-elektrikli-otomobiline-geri-sayim-hyundai-inster-300x180.jpg 300w, https:\/\/www.enerjigazetesi.ist\/wp-content\/uploads\/2025\/05\/yilin-elektrikli-otomobiline-geri-sayim-hyundai-inster-500x300.jpg 500w, https:\/\/www.enerjigazetesi.ist\/wp-content\/uploads\/2025\/05\/yilin-elektrikli-otomobiline-geri-sayim-hyundai-inster-80x48.jpg 80w\" sizes=\"(max-width: 500px) 100vw, 500px\" \/><\/p>\n<p>Hyundai\u2019nin \u015f\u0131k tasar\u0131m\u0131 ve konfor odakl\u0131 i\u00e7 mekan\u0131yla dikkat \u00e7eken tamamen elektrikli modeli INSTER, \u00f6n\u00fcm\u00fczdeki g\u00fcnlerde T\u00fcrkiye pazar\u0131na giri\u015f yapacak. Kompakt A-SUV model, <strong>49 kWh<\/strong>\u2019l\u0131k bataryas\u0131 ve <strong>360 km<\/strong> menziliyle T\u00fcrkiye\u2019de segmentinin en uzun menzilli otomobili olmaya haz\u0131rlan\u0131yor. INSTER, kullan\u0131c\u0131s\u0131na \u00e7arp\u0131c\u0131 tasar\u0131m\u0131 ve renkli d\u00fcnyas\u0131yla m\u00fczikten modaya kadar uzanan benzersiz bir deneyim sunacak.<\/p>\n<p style=\"text-align: center;\"><img loading=\"lazy\" class=\"aligncenter wp-image-197220\" src=\"https:\/\/www.enerjigazetesi.ist\/wp-content\/uploads\/2025\/05\/yilin-elektrikli-otomobiline-geri-sayim-hyundai-inster-1.jpg\" alt=\"\" width=\"500\" height=\"299\" srcset=\"https:\/\/www.enerjigazetesi.ist\/wp-content\/uploads\/2025\/05\/yilin-elektrikli-otomobiline-geri-sayim-hyundai-inster-1.jpg 550w, https:\/\/www.enerjigazetesi.ist\/wp-content\/uploads\/2025\/05\/yilin-elektrikli-otomobiline-geri-sayim-hyundai-inster-1-300x179.jpg 300w, https:\/\/www.enerjigazetesi.ist\/wp-content\/uploads\/2025\/05\/yilin-elektrikli-otomobiline-geri-sayim-hyundai-inster-1-500x299.jpg 500w, https:\/\/www.enerjigazetesi.ist\/wp-content\/uploads\/2025\/05\/yilin-elektrikli-otomobiline-geri-sayim-hyundai-inster-1-80x48.jpg 80w\" sizes=\"(max-width: 500px) 100vw, 500px\" \/><\/p>\n<p><strong>\u201cVar m\u0131s\u0131n?\u201d<\/strong> mottosu ile macerac\u0131 ruhlara dokunacak olan INSTER, kar\u015f\u0131m\u0131za sadece bir otomobil olarak de\u011fil, kendi d\u00fcnyas\u0131 olan bir ya\u015fam alan\u0131 olarak \u00e7\u0131k\u0131yor. Tasar\u0131m\u0131 ve pratik \u015fehir i\u00e7i kullan\u0131m kolayl\u0131\u011f\u0131yla fark yaratan otomobil, konforlu ve dinamik bir s\u00fcr\u00fc\u015f deneyimi sunarken, ayn\u0131 zamanda ileri teknolojisi, esnek ve geni\u015f i\u00e7 hacmiyle de elektrikli d\u00fcnyas\u0131n\u0131n \u00f6nemli oyuncular\u0131ndan olmaya aday. Buna ek olarak; INSTER&#8217;in h\u0131zl\u0131 alt yap\u0131s\u0131, yakla\u015f\u0131k 30 dakikada %10 ila %80 oran\u0131nda \u015farj sa\u011flayacak. Hyundai INSTER, markan\u0131n Avrupa pazar\u0131na sundu\u011fu ilk k\u00fc\u00e7\u00fck EV modeli olup potansiyel menzili sayesinde zahmetsiz \u015fehir i\u00e7i s\u00fcr\u00fc\u015f ve uzun yolculuklarda g\u00fc\u00e7l\u00fc performansla birle\u015ftiriyor.<\/p>\n<p style=\"text-align: center;\"><img loading=\"lazy\" class=\"aligncenter wp-image-197219\" src=\"https:\/\/www.enerjigazetesi.ist\/wp-content\/uploads\/2025\/05\/yilin-elektrikli-otomobiline-geri-sayim-hyundai-inster-2.jpg\" alt=\"\" width=\"500\" height=\"300\" srcset=\"https:\/\/www.enerjigazetesi.ist\/wp-content\/uploads\/2025\/05\/yilin-elektrikli-otomobiline-geri-sayim-hyundai-inster-2.jpg 550w, https:\/\/www.enerjigazetesi.ist\/wp-content\/uploads\/2025\/05\/yilin-elektrikli-otomobiline-geri-sayim-hyundai-inster-2-300x180.jpg 300w, https:\/\/www.enerjigazetesi.ist\/wp-content\/uploads\/2025\/05\/yilin-elektrikli-otomobiline-geri-sayim-hyundai-inster-2-500x300.jpg 500w, https:\/\/www.enerjigazetesi.ist\/wp-content\/uploads\/2025\/05\/yilin-elektrikli-otomobiline-geri-sayim-hyundai-inster-2-80x48.jpg 80w\" sizes=\"(max-width: 500px) 100vw, 500px\" \/><\/p>\n<p>Hyundai INSTER ile ilgili di\u011fer detaylar, May\u0131s ay\u0131nda yap\u0131lacak lansman ile birlikte payla\u015f\u0131lacak.<\/p>","protected":false},"excerpt":{"rendered":"<p>Sorry, this entry is only available in Turkish. For the sake of viewer convenience, the content is shown below in the alternative language. You may click the link to switch the active language. D\u00fcnyada Y\u0131l\u0131n Elektrikli Otomobili se\u00e7ilen Hyundai INSTER, May\u0131s ay\u0131nda T\u00fcrkiye\u2019de sat\u0131\u015fa sunuluyor. Hyundai\u2019nin \u015f\u0131k tasar\u0131m\u0131 ve konfor odakl\u0131 i\u00e7 mekan\u0131yla dikkat \u00e7eken [&hellip;]<\/p>\n","protected":false},"author":1,"featured_media":197218,"comment_status":"open","ping_status":"open","sticky":false,"template":"","format":"standard","meta":[],"categories":[51,53],"tags":[215,1270,116643,116709,116710,116708],"views":26,"_links":{"self":[{"href":"https:\/\/www.enerjigazetesi.ist\/en\/wp-json\/wp\/v2\/posts\/197216"}],"collection":[{"href":"https:\/\/www.enerjigazetesi.ist\/en\/wp-json\/wp\/v2\/posts"}],"about":[{"href":"https:\/\/www.enerjigazetesi.ist\/en\/wp-json\/wp\/v2\/types\/post"}],"author":[{"embeddable":true,"href":"https:\/\/www.enerjigazetesi.ist\/en\/wp-json\/wp\/v2\/users\/1"}],"replies":[{"embeddable":true,"href":"https:\/\/www.enerjigazetesi.ist\/en\/wp-json\/wp\/v2\/comments?post=197216"}],"version-history":[{"count":0,"href":"https:\/\/www.enerjigazetesi.ist\/en\/wp-json\/wp\/v2\/posts\/197216\/revisions"}],"wp:featuredmedia":[{"embeddable":true,"href":"https:\/\/www.enerjigazetesi.ist\/en\/wp-json\/wp\/v2\/media\/197218"}],"wp:attachment":[{"href":"https:\/\/www.enerjigazetesi.ist\/en\/wp-json\/wp\/v2\/media?parent=197216"}],"wp:term":[{"taxonomy":"category","embeddable":true,"href":"https:\/\/www.enerjigazetesi.ist\/en\/wp-json\/wp\/v2\/categories?post=197216"},{"taxonomy":"post_tag","embeddable":true,"href":"https:\/\/www.enerjigazetesi.ist\/en\/wp-json\/wp\/v2\/tags?post=197216"}],"curies":[{"name":"wp","href":"https:\/\/api.w.org\/{rel}","templated":true}]}}