{"id":197113,"date":"2025-04-30T11:03:59","date_gmt":"2025-04-30T08:03:59","guid":{"rendered":"https:\/\/www.enerjigazetesi.ist\/?p=197113"},"modified":"2025-04-30T11:03:59","modified_gmt":"2025-04-30T08:03:59","slug":"sedas-standina-marmara-kariyer-fuarinda-yogun-ilgi","status":"publish","type":"post","link":"https:\/\/www.enerjigazetesi.ist\/en\/sedas-standina-marmara-kariyer-fuarinda-yogun-ilgi\/","title":{"rendered":"(Turkish) &#8217;SEDA\u015e&#8217; Stand\u0131na Marmara Kariyer Fuar\u0131\u2019nda Yo\u011fun \u0130lgi"},"content":{"rendered":"<p class=\"qtranxs-available-languages-message qtranxs-available-languages-message-en\">Sorry, this entry is only available in <a href=\"https:\/\/www.enerjigazetesi.ist\/tr\/wp-json\/wp\/v2\/posts\/197113\" class=\"qtranxs-available-language-link qtranxs-available-language-link-tr\" title=\"Turkish\">Turkish<\/a>. For the sake of viewer convenience, the content is shown below in the alternative language. You may click the link to switch the active language.<\/p><p><\/p>\n<h2><strong>Sakarya Elektrik Da\u011f\u0131t\u0131m A.\u015e. (SEDA\u015e), Avrupa\u2019n\u0131n en b\u00fcy\u00fck kariyer fuarlar\u0131 aras\u0131nda yer alan Marmara Kariyer Fuar\u0131\u2019na (MARMARAKAF) G\u00fcm\u00fc\u015f Sponsor olarak kat\u0131ld\u0131.<\/strong><\/h2>\n<p style=\"text-align: center;\"><img loading=\"lazy\" class=\"aligncenter wp-image-197116\" src=\"https:\/\/www.enerjigazetesi.ist\/wp-content\/uploads\/2025\/04\/sedas-standina-marmara-kariyer-fuarinda-yogun-ilgi-1.jpg\" alt=\"\" width=\"500\" height=\"334\" srcset=\"https:\/\/www.enerjigazetesi.ist\/wp-content\/uploads\/2025\/04\/sedas-standina-marmara-kariyer-fuarinda-yogun-ilgi-1.jpg 550w, https:\/\/www.enerjigazetesi.ist\/wp-content\/uploads\/2025\/04\/sedas-standina-marmara-kariyer-fuarinda-yogun-ilgi-1-300x200.jpg 300w, https:\/\/www.enerjigazetesi.ist\/wp-content\/uploads\/2025\/04\/sedas-standina-marmara-kariyer-fuarinda-yogun-ilgi-1-500x334.jpg 500w, https:\/\/www.enerjigazetesi.ist\/wp-content\/uploads\/2025\/04\/sedas-standina-marmara-kariyer-fuarinda-yogun-ilgi-1-75x50.jpg 75w, https:\/\/www.enerjigazetesi.ist\/wp-content\/uploads\/2025\/04\/sedas-standina-marmara-kariyer-fuarinda-yogun-ilgi-1-450x300.jpg 450w\" sizes=\"(max-width: 500px) 100vw, 500px\" \/><\/p>\n<p>28-29 Nisan tarihlerinde Kocaeli Kongre Merkezi\u2019nde d\u00fczenlenen fuarda, SEDA\u015e stand\u0131 kat\u0131l\u0131mc\u0131lar\u0131n yo\u011fun ilgisiyle kar\u015f\u0131la\u015ft\u0131. T.C. Cumhurba\u015fkanl\u0131\u011f\u0131 \u0130nsan Kaynaklar\u0131 Ofisi koordinasyonunda Kocaeli \u00dcniversitesinin ev sahipli\u011finde 15 payda\u015f \u00fcniversitenin i\u015f birli\u011fiyle ger\u00e7ekle\u015ftirilen fuarda SEDA\u015e, \u00f6\u011frenciler ve yeni mezunlarla bulu\u015ftu. \u00a0Bu y\u0131l ikincisi d\u00fczenlenen MARMARAKAF, i\u015f d\u00fcnyas\u0131 ile gen\u00e7leri bir araya getirerek kat\u0131l\u0131mc\u0131lara meslekleri tan\u0131ma, kariyer hedeflerini \u015fekillendirme ve giri\u015fimcilik fikirlerini payla\u015fma f\u0131rsat\u0131 sundu. T\u00fcrkiye\u2019nin d\u00f6rt bir yan\u0131ndan gelen yeteneklerin ke\u015ffine katk\u0131 sunan SEDA\u015e, enerjinin gelece\u011fini gen\u00e7lerle birlikte \u015fekillendirme kararl\u0131l\u0131\u011f\u0131n\u0131 ortaya koydu. SEDA\u015e \u0130nsan Kaynaklar\u0131 M\u00fcd\u00fcr\u00fc Demet \u00c7ap taraf\u0131ndan yap\u0131lan sunumda; \u015firketin faaliyet alanlar\u0131, elektrik da\u011f\u0131t\u0131m sekt\u00f6r\u00fcndeki insan kaynaklar\u0131 s\u00fcre\u00e7leri ve gen\u00e7 yeteneklere sunulan kariyer f\u0131rsatlar\u0131 detayl\u0131 \u015fekilde aktar\u0131ld\u0131.<\/p>\n<p>SEDA\u015e \u0130nsan Kaynaklar\u0131 yetkilileri, fuar boyunca gen\u00e7lerle birebir ileti\u015fim kurarak staj programlar\u0131, yetenek havuzlar\u0131 ve i\u015fe al\u0131m s\u00fcre\u00e7leri hakk\u0131nda bilgi verdi. \u015eirketin vizyonu, s\u00fcrd\u00fcr\u00fclebilirlik hedefleri ve dijitalle\u015fme odakl\u0131 projeleri hakk\u0131nda merak edilen sorular samimi bir ortamda yan\u0131tland\u0131. SEDA\u015e stand\u0131nda \u00f6\u011frencilerin yo\u011fun ilgi g\u00f6sterdi\u011fi yenilik ise sanal ger\u00e7eklik (VR) teknolojisi oldu. Ziyaret\u00e7ilere \u00f6zel haz\u0131rlanan VR sim\u00fclasyonu ile sokak ayd\u0131nlatma ar\u0131zalar\u0131na nas\u0131l m\u00fcdahale edildi\u011fi interaktif olarak deneyimletildi. Ger\u00e7ek bir ar\u0131za s\u00fcrecinin sahada nas\u0131l y\u00f6netildi\u011fini birebir g\u00f6zlemleme imk\u00e2n\u0131 sunan bu uygulama, gen\u00e7ler taraf\u0131ndan b\u00fcy\u00fck ilgi g\u00f6rd\u00fc.<\/p>\n<p style=\"text-align: center;\"><img loading=\"lazy\" class=\"aligncenter wp-image-197115\" src=\"https:\/\/www.enerjigazetesi.ist\/wp-content\/uploads\/2025\/04\/sedas-standina-marmara-kariyer-fuarinda-yogun-ilgi-2.jpg\" alt=\"\" width=\"500\" height=\"364\" srcset=\"https:\/\/www.enerjigazetesi.ist\/wp-content\/uploads\/2025\/04\/sedas-standina-marmara-kariyer-fuarinda-yogun-ilgi-2.jpg 550w, https:\/\/www.enerjigazetesi.ist\/wp-content\/uploads\/2025\/04\/sedas-standina-marmara-kariyer-fuarinda-yogun-ilgi-2-300x218.jpg 300w, https:\/\/www.enerjigazetesi.ist\/wp-content\/uploads\/2025\/04\/sedas-standina-marmara-kariyer-fuarinda-yogun-ilgi-2-500x364.jpg 500w, https:\/\/www.enerjigazetesi.ist\/wp-content\/uploads\/2025\/04\/sedas-standina-marmara-kariyer-fuarinda-yogun-ilgi-2-69x50.jpg 69w\" sizes=\"(max-width: 500px) 100vw, 500px\" \/><\/p>\n<p>Etkinlik kapsam\u0131nda, Kocaeli \u00dcniversitesi Rekt\u00f6r\u00fc Prof. Dr. Nuh Zafer Cant\u00fcrk taraf\u0131ndan SEDA\u015e \u0130nsan Kaynaklar\u0131 M\u00fcd\u00fcr\u00fc Demet \u00c7ap\u2019a, katk\u0131lar\u0131ndan dolay\u0131 te\u015fekk\u00fcr plaketi takdim edildi.<\/p>","protected":false},"excerpt":{"rendered":"<p>Sorry, this entry is only available in Turkish. For the sake of viewer convenience, the content is shown below in the alternative language. You may click the link to switch the active language. Sakarya Elektrik Da\u011f\u0131t\u0131m A.\u015e. (SEDA\u015e), Avrupa\u2019n\u0131n en b\u00fcy\u00fck kariyer fuarlar\u0131 aras\u0131nda yer alan Marmara Kariyer Fuar\u0131\u2019na (MARMARAKAF) G\u00fcm\u00fc\u015f Sponsor olarak kat\u0131ld\u0131. 28-29 [&hellip;]<\/p>\n","protected":false},"author":1,"featured_media":197117,"comment_status":"open","ping_status":"open","sticky":false,"template":"","format":"standard","meta":[],"categories":[51,53],"tags":[15016,112703,112704,45318,2444,116679],"views":14,"_links":{"self":[{"href":"https:\/\/www.enerjigazetesi.ist\/en\/wp-json\/wp\/v2\/posts\/197113"}],"collection":[{"href":"https:\/\/www.enerjigazetesi.ist\/en\/wp-json\/wp\/v2\/posts"}],"about":[{"href":"https:\/\/www.enerjigazetesi.ist\/en\/wp-json\/wp\/v2\/types\/post"}],"author":[{"embeddable":true,"href":"https:\/\/www.enerjigazetesi.ist\/en\/wp-json\/wp\/v2\/users\/1"}],"replies":[{"embeddable":true,"href":"https:\/\/www.enerjigazetesi.ist\/en\/wp-json\/wp\/v2\/comments?post=197113"}],"version-history":[{"count":0,"href":"https:\/\/www.enerjigazetesi.ist\/en\/wp-json\/wp\/v2\/posts\/197113\/revisions"}],"wp:featuredmedia":[{"embeddable":true,"href":"https:\/\/www.enerjigazetesi.ist\/en\/wp-json\/wp\/v2\/media\/197117"}],"wp:attachment":[{"href":"https:\/\/www.enerjigazetesi.ist\/en\/wp-json\/wp\/v2\/media?parent=197113"}],"wp:term":[{"taxonomy":"category","embeddable":true,"href":"https:\/\/www.enerjigazetesi.ist\/en\/wp-json\/wp\/v2\/categories?post=197113"},{"taxonomy":"post_tag","embeddable":true,"href":"https:\/\/www.enerjigazetesi.ist\/en\/wp-json\/wp\/v2\/tags?post=197113"}],"curies":[{"name":"wp","href":"https:\/\/api.w.org\/{rel}","templated":true}]}}