{"id":197086,"date":"2025-04-28T15:43:39","date_gmt":"2025-04-28T12:43:39","guid":{"rendered":"https:\/\/www.enerjigazetesi.ist\/?p=197086"},"modified":"2025-04-28T15:43:39","modified_gmt":"2025-04-28T12:43:39","slug":"turkiyenin-ruzgar-endustrisi-2-2-milyar-dolara-ulasti","status":"publish","type":"post","link":"https:\/\/www.enerjigazetesi.ist\/en\/turkiyenin-ruzgar-endustrisi-2-2-milyar-dolara-ulasti\/","title":{"rendered":"(Turkish) T\u00fcrkiye&#8217;nin R\u00fczgar End\u00fcstrisi 2.2 Milyar Dolara Ula\u015ft\u0131"},"content":{"rendered":"<p class=\"qtranxs-available-languages-message qtranxs-available-languages-message-en\">Sorry, this entry is only available in <a href=\"https:\/\/www.enerjigazetesi.ist\/tr\/wp-json\/wp\/v2\/posts\/197086\" class=\"qtranxs-available-language-link qtranxs-available-language-link-tr\" title=\"Turkish\">Turkish<\/a>. For the sake of viewer convenience, the content is shown below in the alternative language. You may click the link to switch the active language.<\/p><p><\/p>\n<h2><strong>T\u00fcrkiye R\u00fczg\u00e2r Enerjisi Birli\u011fi (T\u00dcREB) ve beraberindeki heyet, Kopenhag&#8217;\u0131n yak\u0131n\u0131nda Middelgrunden deniz \u00fcst\u00fc r\u00fczg\u00e2r enerjisi santralini ziyaret etti. Kopenhag&#8217;\u0131n 3,5 kilometre d\u0131\u015f\u0131nda Oresund deniz yolu g\u00fczergah\u0131nda yer alan santral, 2000&#8217;de in\u015fa edildi\u011finde, her biri 2 megavat olan 20 t\u00fcrbiniyle d\u00fcnyan\u0131n en b\u00fcy\u00fck deniz \u00fcst\u00fc r\u00fczg\u00e2r \u00e7iftli\u011fi olarak kay\u0131tlara ge\u00e7mi\u015fti. Santral, Kopenhag&#8217;\u0131n elektrik ihtiyac\u0131n\u0131n yakla\u015f\u0131k y\u00fczde 4&#8217;\u00fcn\u00fc kar\u015f\u0131l\u0131yor.<\/strong><\/h2>\n<div id=\"attachment_197088\" style=\"width: 510px\" class=\"wp-caption aligncenter\"><img aria-describedby=\"caption-attachment-197088\" loading=\"lazy\" class=\"wp-image-197088\" src=\"https:\/\/www.enerjigazetesi.ist\/wp-content\/uploads\/2025\/04\/turkiyenin-ruzgar-endustrisi-2-2-milyar-dolara-ulasti-1.jpg\" alt=\"\" width=\"500\" height=\"333\" srcset=\"https:\/\/www.enerjigazetesi.ist\/wp-content\/uploads\/2025\/04\/turkiyenin-ruzgar-endustrisi-2-2-milyar-dolara-ulasti-1.jpg 550w, https:\/\/www.enerjigazetesi.ist\/wp-content\/uploads\/2025\/04\/turkiyenin-ruzgar-endustrisi-2-2-milyar-dolara-ulasti-1-300x200.jpg 300w, https:\/\/www.enerjigazetesi.ist\/wp-content\/uploads\/2025\/04\/turkiyenin-ruzgar-endustrisi-2-2-milyar-dolara-ulasti-1-500x333.jpg 500w, https:\/\/www.enerjigazetesi.ist\/wp-content\/uploads\/2025\/04\/turkiyenin-ruzgar-endustrisi-2-2-milyar-dolara-ulasti-1-75x50.jpg 75w, https:\/\/www.enerjigazetesi.ist\/wp-content\/uploads\/2025\/04\/turkiyenin-ruzgar-endustrisi-2-2-milyar-dolara-ulasti-1-450x300.jpg 450w\" sizes=\"(max-width: 500px) 100vw, 500px\" \/><p id=\"caption-attachment-197088\" class=\"wp-caption-text\">T\u00dcREB Deniz \u00dcst\u00fc R\u00fczg\u00e2r Enerjisinden Sorumlu Genel Ba\u015fkan Yard\u0131mc\u0131s\u0131 Ufuk Yaman<\/p><\/div>\n<p>Santral gezisi kapsam\u0131nda a\u00e7\u0131klamalarda bulunan <strong>T\u00dcREB Deniz \u00dcst\u00fc R\u00fczg\u00e2r Enerjisinden Sorumlu Genel Ba\u015fkan Yard\u0131mc\u0131s\u0131 Ufuk Yaman<\/strong>, T\u00fcrkiye\u2019nin r\u00fczg\u00e2r end\u00fcstrisinin 2.2 milyar dolara ula\u015ft\u0131\u011f\u0131n\u0131 ve cirosunun y\u00fczde 70\u2019ini ihra\u00e7 etti\u011fini vurgulad\u0131.<\/p>\n<p>Daha y\u00fcksek \u00fcretim kapasitesine sahip olmas\u0131 sebebiyle deniz\u00fcst\u00fc r\u00fczg\u00e2r enerjisinin avantajl\u0131 oldu\u011funun alt\u0131n\u0131 \u00e7izen <strong>T\u00dcREB Deniz \u00dcst\u00fc R\u00fczg\u00e2r Enerjisinden Sorumlu Ba\u015fkan Yard\u0131mc\u0131s\u0131 Ufuk Yaman:<\/strong> <em>&#8220;Deniz\u00fcst\u00fc r\u00fczg\u00e2r sadece enerji \u00fcretimi olarak g\u00f6r\u00fclmemeli. Bu alana yat\u0131r\u0131m yaparken tedarik zincirini olu\u015fturma, know-how elde etme ve bu bilgiyi ihracata y\u00f6nlendirme imkan\u0131 bulaca\u011f\u0131z. \u015eu an 2.2 milyar dolara ula\u015fan, cirosunun y\u00fczde 70\u2019ini ihra\u00e7 eden bir karasal r\u00fczg\u00e2r end\u00fcstrisi s\u00f6z konusu. Ayn\u0131 ba\u015far\u0131 deniz \u00fcst\u00fcnde de elde edilebilir. Deniz \u00dcst\u00fc R\u00fczg\u00e2r enerjisine gerekli destek sa\u011flanabilirse \u00e7ok ciddi sanayi olu\u015facak, \u00f6n\u00fcm\u00fczdeki 10 y\u0131lda Avrupa\u2019n\u0131n enerji d\u00f6n\u00fc\u015f\u00fcm\u00fcnde \u00f6nemli rol oynayacak. B\u00f6ylelikle T\u00fcrkiye\u2019nin cari a\u00e7\u0131\u011f\u0131n\u0131 kapatmaya destek olacak bir sanayiyi tetiklemi\u015f olaca\u011f\u0131z. T\u00fcrkiye&#8217;de \u015fu an i\u00e7in deniz \u00fcst\u00fc r\u00fczg\u00e2r enerjisi projelerine ili\u015fkin d\u00f6rt alan belirlendi. Marmara Denizi&#8217;ndeki \u00fc\u00e7 b\u00f6lgede \u00f6l\u00e7\u00fcmler ba\u015flad\u0131. Marmara Denizi&#8217;nde bulunan iki alan teknik analizler i\u00e7in uygun bulundu&#8221;<\/em> dedi.<\/p>\n<h3><strong>2026 YILI \u0130LK \u00c7EYREKTE TEKN\u0130K F\u0130Z\u0130B\u0130L\u0130TE \u00c7ALI\u015eMALARINI TAMAMLAMI\u015e OLACA\u011eIZ<\/strong><\/h3>\n<p>Gelecek y\u0131l\u0131n ilk \u00e7eyre\u011fi sonunda alanlara ili\u015fkin teknik fizibilite i\u00e7in yeterli verinin toplanmas\u0131n\u0131n ama\u00e7land\u0131\u011f\u0131n\u0131 belirten <strong>Yaman<\/strong>, <em>&#8220;\u0130klim de\u011fi\u015fikli\u011fi ve k\u00fcresel \u0131s\u0131nma ile m\u00fccadelede enerji sekt\u00f6r\u00fcne \u00e7ok i\u015f d\u00fc\u015f\u00fcyor. Deniz \u00fcst\u00fc r\u00fczg\u00e2r enerjisi de \u00f6nemli bir kaynak olarak de\u011ferlendiriliyor. T\u00fcrkiye olarak enerji kaynaklar\u0131n\u0131 \u00e7e\u015fitlendirme konusunda \u00e7al\u0131\u015fmalar deniz \u00fcst\u00fc r\u00fczg\u00e2r enerjisi alan\u0131nda da devam ediyor&#8221;<\/em> de\u011ferlendirmesinde bulundu.<\/p>","protected":false},"excerpt":{"rendered":"<p>Sorry, this entry is only available in Turkish. For the sake of viewer convenience, the content is shown below in the alternative language. You may click the link to switch the active language. T\u00fcrkiye R\u00fczg\u00e2r Enerjisi Birli\u011fi (T\u00dcREB) ve beraberindeki heyet, Kopenhag&#8217;\u0131n yak\u0131n\u0131nda Middelgrunden deniz \u00fcst\u00fc r\u00fczg\u00e2r enerjisi santralini ziyaret etti. Kopenhag&#8217;\u0131n 3,5 kilometre d\u0131\u015f\u0131nda [&hellip;]<\/p>\n","protected":false},"author":1,"featured_media":197089,"comment_status":"open","ping_status":"open","sticky":false,"template":"","format":"standard","meta":[],"categories":[51,53,50],"tags":[38713,38281,231,1682,3390],"views":26,"_links":{"self":[{"href":"https:\/\/www.enerjigazetesi.ist\/en\/wp-json\/wp\/v2\/posts\/197086"}],"collection":[{"href":"https:\/\/www.enerjigazetesi.ist\/en\/wp-json\/wp\/v2\/posts"}],"about":[{"href":"https:\/\/www.enerjigazetesi.ist\/en\/wp-json\/wp\/v2\/types\/post"}],"author":[{"embeddable":true,"href":"https:\/\/www.enerjigazetesi.ist\/en\/wp-json\/wp\/v2\/users\/1"}],"replies":[{"embeddable":true,"href":"https:\/\/www.enerjigazetesi.ist\/en\/wp-json\/wp\/v2\/comments?post=197086"}],"version-history":[{"count":0,"href":"https:\/\/www.enerjigazetesi.ist\/en\/wp-json\/wp\/v2\/posts\/197086\/revisions"}],"wp:featuredmedia":[{"embeddable":true,"href":"https:\/\/www.enerjigazetesi.ist\/en\/wp-json\/wp\/v2\/media\/197089"}],"wp:attachment":[{"href":"https:\/\/www.enerjigazetesi.ist\/en\/wp-json\/wp\/v2\/media?parent=197086"}],"wp:term":[{"taxonomy":"category","embeddable":true,"href":"https:\/\/www.enerjigazetesi.ist\/en\/wp-json\/wp\/v2\/categories?post=197086"},{"taxonomy":"post_tag","embeddable":true,"href":"https:\/\/www.enerjigazetesi.ist\/en\/wp-json\/wp\/v2\/tags?post=197086"}],"curies":[{"name":"wp","href":"https:\/\/api.w.org\/{rel}","templated":true}]}}