{"id":197027,"date":"2025-04-21T16:24:54","date_gmt":"2025-04-21T13:24:54","guid":{"rendered":"https:\/\/www.enerjigazetesi.ist\/?p=197027"},"modified":"2025-04-21T16:34:22","modified_gmt":"2025-04-21T13:34:22","slug":"enerji-ve-cevre-sektorunun-nabzi-icci-2025-konferansinda-tutulacak-2","status":"publish","type":"post","link":"https:\/\/www.enerjigazetesi.ist\/en\/enerji-ve-cevre-sektorunun-nabzi-icci-2025-konferansinda-tutulacak-2\/","title":{"rendered":"(Turkish) Enerji ve \u00c7evre Sekt\u00f6r\u00fcn\u00fcn Nabz\u0131 &#8216;ICCI 2025 Konferans\u0131&#8217;nda Tutulacak!"},"content":{"rendered":"<p class=\"qtranxs-available-languages-message qtranxs-available-languages-message-en\">Sorry, this entry is only available in <a href=\"https:\/\/www.enerjigazetesi.ist\/tr\/wp-json\/wp\/v2\/posts\/197027\" class=\"qtranxs-available-language-link qtranxs-available-language-link-tr\" title=\"Turkish\">Turkish<\/a>. For the sake of viewer convenience, the content is shown below in the alternative language. You may click the link to switch the active language.<\/p><p><\/p>\n<h2 class=\"v1MsoNormal\"><b>T\u00fcrkiye\u2019nin enerji ve \u00e7evre alan\u0131ndaki en kapsaml\u0131 bulu\u015fmalar\u0131ndan biri olan ICCI \u2013 Uluslararas\u0131 Enerji ve \u00c7evre Fuar\u0131 ve Konferans\u0131, bu y\u0131l 29\u2019uncu kez enerji sekt\u00f6r\u00fcn\u00fcn t\u00fcm payda\u015flar\u0131n\u0131 bir araya getirmeye haz\u0131rlan\u0131yor. 24-26 Nisan 2025 tarihleri aras\u0131nda \u0130stanbul Fuar Merkezi\u2019nde ger\u00e7ekle\u015ftirilecek olan etkinlik kapsam\u0131nda, \u201cGelece\u011fe G\u00fc\u00e7 Ver!\u201d mottosuyla enerji sekt\u00f6r\u00fcn\u00fcn bug\u00fcn\u00fc ve gelece\u011fi masaya yat\u0131r\u0131lacak. \u00dc\u00e7 farkl\u0131 salonda 30 oturum ve 150\u2019den fazla konu\u015fmac\u0131n\u0131n kat\u0131laca\u011f\u0131 etkinlikte; enerji \u00fcretimi, karbonsuzla\u015ft\u0131rma, hidrojen, enerji ticareti, ak\u0131ll\u0131 \u015febekeler, e-mobilite ve dijitalle\u015fme gibi alanlarda T\u00fcrkiye\u2019den ve d\u00fcnyadan uzmanlar bilgi ve deneyimlerini payla\u015facak.<\/b><\/h2>\n<p style=\"text-align: center;\"><img loading=\"lazy\" class=\"aligncenter wp-image-197029\" src=\"https:\/\/www.enerjigazetesi.ist\/wp-content\/uploads\/2025\/04\/enerji-ve-cevre-sektorunun-nabzi-icci-2025-konferansinda-tutulacak-1.jpg\" alt=\"\" width=\"500\" height=\"334\" srcset=\"https:\/\/www.enerjigazetesi.ist\/wp-content\/uploads\/2025\/04\/enerji-ve-cevre-sektorunun-nabzi-icci-2025-konferansinda-tutulacak-1.jpg 550w, https:\/\/www.enerjigazetesi.ist\/wp-content\/uploads\/2025\/04\/enerji-ve-cevre-sektorunun-nabzi-icci-2025-konferansinda-tutulacak-1-300x200.jpg 300w, https:\/\/www.enerjigazetesi.ist\/wp-content\/uploads\/2025\/04\/enerji-ve-cevre-sektorunun-nabzi-icci-2025-konferansinda-tutulacak-1-500x334.jpg 500w, https:\/\/www.enerjigazetesi.ist\/wp-content\/uploads\/2025\/04\/enerji-ve-cevre-sektorunun-nabzi-icci-2025-konferansinda-tutulacak-1-75x50.jpg 75w, https:\/\/www.enerjigazetesi.ist\/wp-content\/uploads\/2025\/04\/enerji-ve-cevre-sektorunun-nabzi-icci-2025-konferansinda-tutulacak-1-450x300.jpg 450w\" sizes=\"(max-width: 500px) 100vw, 500px\" \/><\/p>\n<p class=\"v1MsoNormal\">Enerji sekt\u00f6r\u00fcn\u00fcn yerel ve k\u00fcresel oyuncular\u0131n\u0131 ayn\u0131 \u00e7at\u0131 alt\u0131nda bulu\u015fturan\u00a0<b>ICCI \u2013 Uluslararas\u0131 Enerji ve \u00c7evre Fuar\u0131 ve Konferans\u0131<\/b>, bu y\u0131l 29\u2019uncu kez kap\u0131lar\u0131n\u0131 a\u00e7\u0131yor.\u00a0<b>ICCI Uluslararas\u0131 Enerji ve \u00c7evre Fuar\u0131 ve Konferans\u0131<\/b>,\u00a0<b>24-26 Nisan 2025<\/b>\u00a0tarihleri aras\u0131nda\u00a0<b>\u0130stanbul Fuar Merkezi<\/b>\u2019nde Hall 1-3\u2019te\u00a0<b>\u201cGelece\u011fe G\u00fc\u00e7 Ver!\u201d<\/b>\u00a0mottosuyla ger\u00e7ekle\u015ftirilecek. T\u00fcrkiye\u2019nin enerji g\u00fcndemini uluslararas\u0131 \u00f6l\u00e7ekte ele alan ve stratejik oturum i\u00e7erikleriyle de dikkat \u00e7eken\u00a0 konferans, sekt\u00f6r profesyonellerine ilham verecek vizyoner bir platform sunacak.<\/p>\n<p class=\"v1MsoNormal\">ICCI 2025, bu y\u0131l sadece T\u00fcrkiye\u2019den de\u011fil, Afrika, Orta Asya, Avrupa ve K\u00f6rfez \u00fclkelerinden de kamu ve \u00f6zel sekt\u00f6r temsilcilerini a\u011f\u0131rlayacak. Enerji \u00fcretimi, da\u011f\u0131t\u0131m\u0131, ticareti ve d\u00f6n\u00fc\u015f\u00fcm\u00fcne dair k\u00fcresel i\u015f birlikleri bu platformda g\u00fc\u00e7lenecek. Konferansta Enerji \u00dcretimi, Karbonsuzla\u015ft\u0131rma, Enerji Verimlili\u011fi, Arz G\u00fcvenli\u011fi &amp; Denge, Ak\u0131ll\u0131 \u015eebekeler, Dijitalizasyon, Hidrojen, Enerji Depolama ve E-Mobilite ba\u015fl\u0131klar\u0131 alt\u0131nda enerji sekt\u00f6r\u00fcndeki en \u00f6nemli konular ele al\u0131nacak.<\/p>\n<h3 class=\"v1MsoNormal\"><b>Konvansiyonel ve Yenilenebilir Enerji \u00dcretimi ve Piyasa Dinamikleri K\u0131rm\u0131z\u0131 Salon\u2019da T\u00fcm Y\u00f6nleri ile Tart\u0131\u015f\u0131lacak<\/b><\/h3>\n<p class=\"v1MsoNormal\">\u201cK\u0131rm\u0131z\u0131 Salon\u201d olarak adland\u0131r\u0131lan ana salonda, a\u00e7\u0131l\u0131\u015f oturumu olan Enerji Diplomasisi Yuvarlak Masa, H\u0131rvatistan, Danimarka ve Bel\u00e7ika\u2019n\u0131n \u0130stanbul\u2019daki diplomatik temsilcilerinin kat\u0131l\u0131m\u0131yla ger\u00e7ekle\u015ftirilecek. Enerji \u00dcretiminde Stratejik Yol Haritas\u0131 ba\u015fl\u0131kl\u0131 keynote konu\u015fmas\u0131, Elektrik \u00dcretim A.\u015e. (E\u00dcA\u015e) Genel M\u00fcd\u00fcr\u00fc Zafer Benli taraf\u0131ndan sunulacak. Elektrik \u00dcreticileri Derne\u011fi (E\u00dcD) \u00d6zel Oturumu\u2019nda ise Dr. Kubilay Kavak, Cem A\u015f\u0131k ve Tamer \u00c7al\u0131\u015f\u0131r gibi sekt\u00f6r\u00fcn \u00f6nde gelen isimleri elektrik \u00fcretiminin gelece\u011fini tart\u0131\u015facak. T\u00dcREB\u2019in T\u00fcrkiye\u2019nin offshore r\u00fczgar enerjisi potansiyelini konu ald\u0131\u011f\u0131 oturum, COGEN Europe\u2019un Avrupa enerji d\u00f6n\u00fc\u015f\u00fcm\u00fcnde kojenerasyonun rol\u00fcn\u00fc ele ald\u0131\u011f\u0131 panel ve enerji ticaretinde fiyat, talep ve piyasa d\u00f6n\u00fc\u015f\u00fcm\u00fcne odaklanan strateji oturumu da salonun dikkat \u00e7eken i\u00e7erikleri aras\u0131nda yer al\u0131yor. \u0130stanbul, \u0130zmir, Manisa ve Bursa b\u00fcy\u00fck\u015fehir belediyelerinin temsil edildi\u011fi \u0130stanbul Enerji Oturumu ise yerel y\u00f6netimlerin enerji vizyonunu yans\u0131tacak.<\/p>\n<h3 class=\"v1MsoNormal\"><b>Elektrifikasyon, Dijitalizasyon ve Ak\u0131ll\u0131 \u015eebekeler ile \u0130lgili En \u00d6nemli Ba\u015fl\u0131klar Mavi Salon\u2019da Ele Al\u0131nacak<\/b><\/h3>\n<p class=\"v1MsoNormal\">\u201cMavi Salon\u201dda ise dijitalle\u015fme, ak\u0131ll\u0131 sistemler, e-mobilite ve finansman konular\u0131 \u00f6n plana \u00e7\u0131kacak. IFC, EBRD, US Exim Bank ve TSKB gibi \u00f6nemli kurulu\u015flar\u0131n temsilcilerinin yer ald\u0131\u011f\u0131 Enerji Finansman\u0131 Oturumu; projelerin finansal s\u00fcrd\u00fcr\u00fclebilirli\u011fini de\u011ferlendirecek. OSGP Alliance Y\u00f6netim Kurulu \u00dcyesi Mark Ossel\u2019in keynote konu\u015fmas\u0131nda enerji d\u00f6n\u00fc\u015f\u00fcm\u00fcn\u00fcn da\u011f\u0131t\u0131m \u015firketlerine etkisi tart\u0131\u015f\u0131lacak. ENS\u0130A Ba\u015fkan\u0131 Alper Kalayc\u0131 moderat\u00f6rl\u00fc\u011f\u00fcnde ger\u00e7ekle\u015ftirilecek Yapay Zek\u00e2 ve Dijital \u0130kiz Oturumu, enerji altyap\u0131s\u0131n\u0131n ak\u0131ll\u0131 d\u00f6n\u00fc\u015f\u00fcm\u00fcn\u00fc ele alacak. Ayr\u0131ca elektrikli ara\u00e7lar ve \u015farj altyap\u0131s\u0131na odaklanan Elektrik M\u00fchendisleri Derne\u011fi (ETMD) \u00d6zel Oturumu da fuar\u0131n en g\u00fcncel teknolojik geli\u015fmelerine \u0131\u015f\u0131k tutacak.<\/p>\n<h3 class=\"v1MsoNormal\"><b>Hidrojenin Yeni D\u00fcnyadaki Rol\u00fc, Ye\u015fil Salon\u2019da Konu\u015fulacak<\/b><\/h3>\n<p class=\"v1MsoNormal\">\u201cYe\u015fil Salon\u201d ise hidrojen, enerji depolama ve karbonsuzla\u015ft\u0131rma ekseninde sanayideki d\u00f6n\u00fc\u015f\u00fcme odaklan\u0131yor. \u0130lk g\u00fcn Toronto \u00dcniversitesi ve Y\u0131ld\u0131z Teknik \u00dcniversitesi\u2019nden Prof. Dr. \u0130brahim Din\u00e7er\u2019in a\u00e7\u0131l\u0131\u015f konu\u015fmas\u0131yla ba\u015flayacak oturumda, hidrojenin yeni d\u00fcnyadaki rol\u00fc aktar\u0131lacak. Ard\u0131ndan Prof. Dr. Adnan Midilli moderat\u00f6rl\u00fc\u011f\u00fcnde d\u00fczenlenecek End\u00fcstriyel D\u00f6n\u00fc\u015f\u00fcmde Hidrojen Oturumu\u2019nda kamu ve \u00f6zel sekt\u00f6r temsilcileri bir araya gelecek. Sanayinin Karbon S\u0131nav\u0131 ba\u015fl\u0131kl\u0131 panelde, Borusan, Ak\u00e7ansa ve We Soda gibi firmalar\u0131n s\u00fcrd\u00fcr\u00fclebilirlik vizyonlar\u0131 payla\u015f\u0131lacak. Ye\u015fil Yakal\u0131 Kad\u0131nlar Derne\u011fi (YEYKAD) taraf\u0131ndan d\u00fczenlenecek olan Tar\u0131mdan G\u00fcne\u015fe ba\u015fl\u0131kl\u0131 oturumda ise tar\u0131m ve enerji ili\u015fkisi, kad\u0131n liderlerin bak\u0131\u015f a\u00e7\u0131s\u0131yla de\u011ferlendirilecek.<\/p>\n<p class=\"v1MsoNormal\">Konferans program\u0131:\u00a0\u00a0<a href=\"https:\/\/icci.com.tr\/icci-konferans-programi-2025\/\" target=\"_blank\" rel=\"noopener\">https:\/\/icci.com.tr\/icci-konferans-programi-2025\/<\/a><\/p>\n<p class=\"v1MsoNormal\">Daha detayl\u0131 bilgi almak ve ICCI 2025\u2019i ziyaret etmek i\u00e7in\u00a0<a href=\"https:\/\/bit.ly\/41qt7Bs\" target=\"_blank\" rel=\"noopener\">bit.ly\/41qt7Bs<\/a>\u00a0linkine t\u0131klayarak veya <a href=\"https:\/\/icci.com.tr\/\" target=\"_blank\" rel=\"noopener\">icci.com.tr<\/a> web sitesini ziyaret ederek \u00fccretsiz online kayd\u0131n\u0131z\u0131 olu\u015fturabilirsiniz.<\/p>\n<p><\/p>","protected":false},"excerpt":{"rendered":"<p>Sorry, this entry is only available in Turkish. For the sake of viewer convenience, the content is shown below in the alternative language. You may click the link to switch the active language. T\u00fcrkiye\u2019nin enerji ve \u00e7evre alan\u0131ndaki en kapsaml\u0131 bulu\u015fmalar\u0131ndan biri olan ICCI \u2013 Uluslararas\u0131 Enerji ve \u00c7evre Fuar\u0131 ve Konferans\u0131, bu y\u0131l 29\u2019uncu [&hellip;]<\/p>\n","protected":false},"author":1,"featured_media":197030,"comment_status":"open","ping_status":"open","sticky":false,"template":"","format":"standard","meta":[],"categories":[51,53,157],"tags":[1603,40546,40959,2258,5637,116416,38846,23488,4871,3504],"views":19,"_links":{"self":[{"href":"https:\/\/www.enerjigazetesi.ist\/en\/wp-json\/wp\/v2\/posts\/197027"}],"collection":[{"href":"https:\/\/www.enerjigazetesi.ist\/en\/wp-json\/wp\/v2\/posts"}],"about":[{"href":"https:\/\/www.enerjigazetesi.ist\/en\/wp-json\/wp\/v2\/types\/post"}],"author":[{"embeddable":true,"href":"https:\/\/www.enerjigazetesi.ist\/en\/wp-json\/wp\/v2\/users\/1"}],"replies":[{"embeddable":true,"href":"https:\/\/www.enerjigazetesi.ist\/en\/wp-json\/wp\/v2\/comments?post=197027"}],"version-history":[{"count":0,"href":"https:\/\/www.enerjigazetesi.ist\/en\/wp-json\/wp\/v2\/posts\/197027\/revisions"}],"wp:featuredmedia":[{"embeddable":true,"href":"https:\/\/www.enerjigazetesi.ist\/en\/wp-json\/wp\/v2\/media\/197030"}],"wp:attachment":[{"href":"https:\/\/www.enerjigazetesi.ist\/en\/wp-json\/wp\/v2\/media?parent=197027"}],"wp:term":[{"taxonomy":"category","embeddable":true,"href":"https:\/\/www.enerjigazetesi.ist\/en\/wp-json\/wp\/v2\/categories?post=197027"},{"taxonomy":"post_tag","embeddable":true,"href":"https:\/\/www.enerjigazetesi.ist\/en\/wp-json\/wp\/v2\/tags?post=197027"}],"curies":[{"name":"wp","href":"https:\/\/api.w.org\/{rel}","templated":true}]}}