{"id":19702,"date":"2013-12-22T17:08:44","date_gmt":"2013-12-22T14:08:44","guid":{"rendered":"https:\/\/www.enerjigazetesi.ist\/?p=19702"},"modified":"2013-12-22T17:09:09","modified_gmt":"2013-12-22T14:09:09","slug":"dicle-edas-1-237-personelle-kacak-elektrik-operasyonu-gerceklestirdi","status":"publish","type":"post","link":"https:\/\/www.enerjigazetesi.ist\/en\/dicle-edas-1-237-personelle-kacak-elektrik-operasyonu-gerceklestirdi\/","title":{"rendered":"(Turkish) Dicle EDA\u015e 1.237 Personelle Ka\u00e7ak Elektrik Operasyonu Ger\u00e7ekle\u015ftirdi!"},"content":{"rendered":"<p class=\"qtranxs-available-languages-message qtranxs-available-languages-message-en\">Sorry, this entry is only available in <a href=\"https:\/\/www.enerjigazetesi.ist\/tr\/wp-json\/wp\/v2\/posts\/19702\" class=\"qtranxs-available-language-link qtranxs-available-language-link-tr\" title=\"Turkish\">Turkish<\/a>. For the sake of viewer convenience, the content is shown below in the alternative language. You may click the link to switch the active language.<\/p><p><strong>Dicle Elektrik Da\u011f\u0131t\u0131m A\u015e, Diyarbak\u0131r, \u015eanl\u0131urfa, Mardin, Batman, Siirt ve \u015e\u0131rnak\u2019ta, kay\u0131t d\u0131\u015f\u0131 elektrik kullananlar\u0131n belirlenebilmesi i\u00e7in geni\u015f \u00e7apl\u0131 bir uygulama ger\u00e7ekle\u015ftirdi.<\/strong><\/p>\n<p>1.237 personelin kat\u0131ld\u0131\u011f\u0131 uygulamada, 93 i<a href=\"https:\/\/www.enerjigazetesi.ist\/wp-content\/uploads\/2013\/12\/dicle-edas-1-237-personelle-kacak-elektrik-operasyonu-gerceklestirdi.jpg\"><img loading=\"lazy\" class=\"alignleft size-medium wp-image-19703\" title=\"A\" src=\"https:\/\/www.enerjigazetesi.ist\/wp-content\/uploads\/2013\/12\/dicle-edas-1-237-personelle-kacak-elektrik-operasyonu-gerceklestirdi-300x191.jpg\" alt=\"\" width=\"300\" height=\"191\" srcset=\"https:\/\/www.enerjigazetesi.ist\/wp-content\/uploads\/2013\/12\/dicle-edas-1-237-personelle-kacak-elektrik-operasyonu-gerceklestirdi-300x191.jpg 300w, https:\/\/www.enerjigazetesi.ist\/wp-content\/uploads\/2013\/12\/dicle-edas-1-237-personelle-kacak-elektrik-operasyonu-gerceklestirdi-78x50.jpg 78w, https:\/\/www.enerjigazetesi.ist\/wp-content\/uploads\/2013\/12\/dicle-edas-1-237-personelle-kacak-elektrik-operasyonu-gerceklestirdi.jpg 395w\" sizes=\"(max-width: 300px) 100vw, 300px\" \/><\/a>\u015fyeri ve 691 evde ka\u00e7ak elektrik kullan\u0131m\u0131 tespit edildi. Dicle Elektrik Da\u011f\u0131t\u0131m A\u015e b\u00f6lgesinde y\u00fczde 75 dolay\u0131nda olan kay\u0131t d\u0131\u015f\u0131 elektrik kullan\u0131m\u0131n\u0131n \u00f6n\u00fcne ge\u00e7ebilmek i\u00e7in ger\u00e7ekle\u015ftirilen kontroller en \u00fcst d\u00fczeye \u00e7\u0131kar\u0131ld\u0131. \u00d6nceki gece \u015firketin Genel M\u00fcd\u00fcr\u00fc Murat Karag\u00fczel, Dicle Elektrik Perakende Sat\u0131\u015f Genel M\u00fcd\u00fcr\u00fc Akif K\u00f6se, \u0130l M\u00fcd\u00fcr\u00fc As\u0131m G\u00fczel ve M\u00fc\u015fteriler M\u00fcd\u00fcr\u00fc Murat \u00c7elik\u2019in de yer ald\u0131\u011f\u0131 uygulamaya, b\u00f6lge genelinde 1.237 personel kat\u0131ld\u0131.<\/p>\n<p>Ekipler, y\u00fczlerce i\u015fyeri ve konutta kontrol yapt\u0131. Kontrollerde ekipler, her t\u00fcrl\u00fc kay\u0131t d\u0131\u015f\u0131 elektrik kullan\u0131m\u0131n\u0131 ev veya i\u015fyerinin i\u00e7erisine girmeden de tespit edebilen cihazlar kulland\u0131. Kontrollerde b\u00f6lge genelinde 93 i\u015fyeri ile 691 konutta kay\u0131t d\u0131\u015f\u0131 elektrik kullan\u0131ld\u0131\u011f\u0131 tespit edildi. Bu i\u015fyeri ve konutlar\u0131n sahipleriyle ilgili idari ve hukuki i\u015flemlere ba\u015fland\u0131.<\/p>\n<p>Yetkililer, kay\u0131t d\u0131\u015f\u0131 elektrik kullananlar i\u00e7in hayata ge\u00e7irilen \u00fccretsiz saya\u00e7 de\u011fi\u015ftirme kampanyas\u0131n\u0131n devam etti\u011fine dikkat \u00e7ekti. 31 Ocak\u2019ta sona erecek kampanyada, ba\u015fvuran abonelere eski saya\u00e7lar\u0131 ile kay\u0131t d\u0131\u015f\u0131 elektrik kullan\u0131lm\u0131\u015fsa dahi cezai i\u015flem uygulanmayacak.<\/p>\n<p>Kaynak: <a href=\"http:\/\/enerjienstitusu.com\/2013\/12\/20\/dicle-edas-1-237-personelle-kacak-elektrik-operasyonu-gerceklestirdi\/\" target=\"_blank\">Enerji Enstit\u00fcs\u00fc<\/a><\/p>","protected":false},"excerpt":{"rendered":"<p>Sorry, this entry is only available in Turkish. For the sake of viewer convenience, the content is shown below in the alternative language. You may click the link to switch the active language.Dicle Elektrik Da\u011f\u0131t\u0131m A\u015e, Diyarbak\u0131r, \u015eanl\u0131urfa, Mardin, Batman, Siirt ve \u015e\u0131rnak\u2019ta, kay\u0131t d\u0131\u015f\u0131 elektrik kullananlar\u0131n belirlenebilmesi i\u00e7in geni\u015f \u00e7apl\u0131 bir uygulama ger\u00e7ekle\u015ftirdi. 1.237 [&hellip;]<\/p>\n","protected":false},"author":1,"featured_media":19703,"comment_status":"open","ping_status":"open","sticky":false,"template":"","format":"standard","meta":[],"categories":[51,53],"tags":[11456,68,61,63,67,1009,165,8635,11458,1083,11457],"views":807,"_links":{"self":[{"href":"https:\/\/www.enerjigazetesi.ist\/en\/wp-json\/wp\/v2\/posts\/19702"}],"collection":[{"href":"https:\/\/www.enerjigazetesi.ist\/en\/wp-json\/wp\/v2\/posts"}],"about":[{"href":"https:\/\/www.enerjigazetesi.ist\/en\/wp-json\/wp\/v2\/types\/post"}],"author":[{"embeddable":true,"href":"https:\/\/www.enerjigazetesi.ist\/en\/wp-json\/wp\/v2\/users\/1"}],"replies":[{"embeddable":true,"href":"https:\/\/www.enerjigazetesi.ist\/en\/wp-json\/wp\/v2\/comments?post=19702"}],"version-history":[{"count":2,"href":"https:\/\/www.enerjigazetesi.ist\/en\/wp-json\/wp\/v2\/posts\/19702\/revisions"}],"predecessor-version":[{"id":19705,"href":"https:\/\/www.enerjigazetesi.ist\/en\/wp-json\/wp\/v2\/posts\/19702\/revisions\/19705"}],"wp:featuredmedia":[{"embeddable":true,"href":"https:\/\/www.enerjigazetesi.ist\/en\/wp-json\/wp\/v2\/media\/19703"}],"wp:attachment":[{"href":"https:\/\/www.enerjigazetesi.ist\/en\/wp-json\/wp\/v2\/media?parent=19702"}],"wp:term":[{"taxonomy":"category","embeddable":true,"href":"https:\/\/www.enerjigazetesi.ist\/en\/wp-json\/wp\/v2\/categories?post=19702"},{"taxonomy":"post_tag","embeddable":true,"href":"https:\/\/www.enerjigazetesi.ist\/en\/wp-json\/wp\/v2\/tags?post=19702"}],"curies":[{"name":"wp","href":"https:\/\/api.w.org\/{rel}","templated":true}]}}