{"id":197017,"date":"2025-04-21T15:11:21","date_gmt":"2025-04-21T12:11:21","guid":{"rendered":"https:\/\/www.enerjigazetesi.ist\/?p=197017"},"modified":"2025-04-21T15:11:21","modified_gmt":"2025-04-21T12:11:21","slug":"oedasin-can-dostlar-projesine-uluslararasi-odul","status":"publish","type":"post","link":"https:\/\/www.enerjigazetesi.ist\/en\/oedasin-can-dostlar-projesine-uluslararasi-odul\/","title":{"rendered":"(Turkish) &#8217;OEDA\u015e\u2019\u0131n Can Dostlar Projesine Uluslararas\u0131 \u00d6d\u00fcl"},"content":{"rendered":"<p class=\"qtranxs-available-languages-message qtranxs-available-languages-message-en\">Sorry, this entry is only available in <a href=\"https:\/\/www.enerjigazetesi.ist\/tr\/wp-json\/wp\/v2\/posts\/197017\" class=\"qtranxs-available-language-link qtranxs-available-language-link-tr\" title=\"Turkish\">Turkish<\/a>. For the sake of viewer convenience, the content is shown below in the alternative language. You may click the link to switch the active language.<\/p><p><\/p>\n<h2>Elektrik da\u011f\u0131t\u0131m \u015firketi OEDA\u015e\u2019\u0131n sokak hayvanlar\u0131 ve g\u00f6\u00e7men ku\u015flara y\u00f6nelik olarak y\u00fcr\u00fctt\u00fc\u011f\u00fc Can Dostlar sosyal sorumluluk projesi ABD merkezli uluslararas\u0131 \u00f6d\u00fcl program\u0131 olan Communitas Awards\u2019ta \u00f6d\u00fcle lay\u0131k g\u00f6r\u00fcld\u00fc. \u2018\u015eirket Sponsorlu\u011funda G\u00f6n\u00fcll\u00fc Proje\u2019 kategorisinde \u00f6d\u00fcl alan Can Dostlar\u2019\u0131n saha \u00e7al\u0131\u015fanlar\u0131n\u0131n \u00f6nerisiyle hayata ge\u00e7irildikten sonra hem kurum i\u00e7inde hem de farkl\u0131 kurum ve kurulu\u015flar taraf\u0131ndan sahiplenildi\u011fini s\u00f6yleyen OEDA\u015e Direkt\u00f6r\u00fc Muzaffer Yal\u00e7\u0131n, &#8220;Can Dostlar, d\u00fcnyay\u0131 payla\u015ft\u0131\u011f\u0131m\u0131z canl\u0131lara kar\u015f\u0131 g\u00f6sterilen duyarl\u0131l\u0131\u011f\u0131n, s\u00fcrd\u00fcr\u00fclebilir bir sosyal sorumluluk projesine d\u00f6n\u00fc\u015febilece\u011fini g\u00f6steriyor.&#8221; dedi. Bu \u00f6d\u00fcl ayn\u0131 zamanda, projenin hayata ge\u00e7ti\u011fi 2021 y\u0131l\u0131ndan bu yana kazand\u0131\u011f\u0131 be\u015finci \u00f6d\u00fcl oldu.<\/h2>\n<p><img loading=\"lazy\" class=\"aligncenter wp-image-197021\" src=\"https:\/\/www.enerjigazetesi.ist\/wp-content\/uploads\/2025\/04\/oedasin-can-dostlar-projesine-uluslararasi-odul.jpg\" alt=\"\" width=\"500\" height=\"417\" srcset=\"https:\/\/www.enerjigazetesi.ist\/wp-content\/uploads\/2025\/04\/oedasin-can-dostlar-projesine-uluslararasi-odul.jpg 550w, https:\/\/www.enerjigazetesi.ist\/wp-content\/uploads\/2025\/04\/oedasin-can-dostlar-projesine-uluslararasi-odul-300x250.jpg 300w, https:\/\/www.enerjigazetesi.ist\/wp-content\/uploads\/2025\/04\/oedasin-can-dostlar-projesine-uluslararasi-odul-479x400.jpg 479w, https:\/\/www.enerjigazetesi.ist\/wp-content\/uploads\/2025\/04\/oedasin-can-dostlar-projesine-uluslararasi-odul-60x50.jpg 60w, https:\/\/www.enerjigazetesi.ist\/wp-content\/uploads\/2025\/04\/oedasin-can-dostlar-projesine-uluslararasi-odul-500x417.jpg 500w\" sizes=\"(max-width: 500px) 100vw, 500px\" \/><\/p>\n<p>Afyonkarahisar, Bilecik, Eski\u015fehir, K\u00fctahya ve U\u015fak\u2019ta elektrik da\u011f\u0131t\u0131m hizmeti sa\u011flayan Osmangazi Elektrik Da\u011f\u0131t\u0131m A\u015e (OEDA\u015e) taraf\u0131ndan 2021 y\u0131l\u0131nda hayata ge\u00e7irilen Can Dostlar sosyal sorumluluk projesi, bu y\u0131l ilk, toplamda ise be\u015finci \u00f6d\u00fcle kez \u00f6d\u00fcle lay\u0131k g\u00f6r\u00fcld\u00fc. Proje, ABD merkezli uluslararas\u0131 \u00f6d\u00fcl program\u0131 olan Communitas Awards\u2019ta \u2018\u015eirket Sponsorlu\u011funda G\u00f6n\u00fcll\u00fc Proje\u2019 kategorisinde \u00f6d\u00fcl ald\u0131. Program; kurumsal sosyal sorumluluk, s\u00fcrd\u00fcr\u00fclebilirlik ve toplumsal g\u00f6n\u00fcll\u00fcl\u00fck alanlar\u0131nda fark olu\u015fturan kurulu\u015flar\u0131 ve bireyleri \u00f6d\u00fcllendiriyor.<\/p>\n<h3>Muzaffer Yal\u00e7\u0131n: &#8220;Canl\u0131lara G\u00f6sterilen Duyarl\u0131l\u0131k S\u00fcrd\u00fcr\u00fclebilir Bir Projeye D\u00f6n\u00fc\u015ft\u00fc&#8221;<\/h3>\n<p><img loading=\"lazy\" class=\"aligncenter wp-image-197019\" src=\"https:\/\/www.enerjigazetesi.ist\/wp-content\/uploads\/2025\/04\/oedasin-can-dostlar-projesine-uluslararasi-odul-1.jpg\" alt=\"\" width=\"500\" height=\"405\" srcset=\"https:\/\/www.enerjigazetesi.ist\/wp-content\/uploads\/2025\/04\/oedasin-can-dostlar-projesine-uluslararasi-odul-1.jpg 550w, https:\/\/www.enerjigazetesi.ist\/wp-content\/uploads\/2025\/04\/oedasin-can-dostlar-projesine-uluslararasi-odul-1-300x243.jpg 300w, https:\/\/www.enerjigazetesi.ist\/wp-content\/uploads\/2025\/04\/oedasin-can-dostlar-projesine-uluslararasi-odul-1-494x400.jpg 494w, https:\/\/www.enerjigazetesi.ist\/wp-content\/uploads\/2025\/04\/oedasin-can-dostlar-projesine-uluslararasi-odul-1-62x50.jpg 62w, https:\/\/www.enerjigazetesi.ist\/wp-content\/uploads\/2025\/04\/oedasin-can-dostlar-projesine-uluslararasi-odul-1-500x405.jpg 500w\" sizes=\"(max-width: 500px) 100vw, 500px\" \/><\/p>\n<p>Proje ve \u00f6d\u00fcl hakk\u0131nda bilgi veren<strong> OEDA\u015e Direkt\u00f6r\u00fc Muzaffer Yal\u00e7\u0131n<\/strong>,<em> &#8220;Can Dostlar, d\u00fcnyay\u0131 payla\u015ft\u0131\u011f\u0131m\u0131z canl\u0131lara kar\u015f\u0131 g\u00f6sterilen duyarl\u0131l\u0131\u011f\u0131n, s\u00fcrd\u00fcr\u00fclebilir bir sosyal sorumluluk projesine d\u00f6n\u00fc\u015fmesinin en anlaml\u0131 \u00f6rneklerinden birini olu\u015fturuyor. Sokak hayvanlar\u0131n\u0131n ard\u0131ndan g\u00f6\u00e7men ku\u015flara y\u00f6nelik \u00e7al\u0131\u015fmalar\u0131m\u0131z\u0131 da bu projenin bir par\u00e7as\u0131 haline getirerek kapsam\u0131 geni\u015fleyen ve geli\u015fen bir model ortaya koyduk. Saha \u00e7al\u0131\u015fanlar\u0131m\u0131z\u0131n g\u00f6zlemleriyle ba\u015flayan bu yolculu\u011fun \u00f6nce kurum i\u00e7inde, sonras\u0131nda yerel y\u00f6netimler, sivil toplum kurulu\u015flar\u0131 ve b\u00f6lge halk\u0131 taraf\u0131ndan benimsenmesi sayesinde etki alan\u0131m\u0131z\u0131 giderek geni\u015flettik. Ald\u0131\u011f\u0131m\u0131z \u00f6d\u00fcller de projenin ba\u015far\u0131s\u0131n\u0131 ve faydas\u0131n\u0131 tescilliyor. Can Dostlar ve t\u00fcm kurumsal sosyal sorumluluk projelerimizde sorumluluk \u00fcstlenen \u00e7al\u0131\u015fma arkada\u015flar\u0131ma ve payda\u015flar\u0131m\u0131za te\u015fekk\u00fcr ediyorum.&#8221;<\/em> dedi.<\/p>\n<h3>\u00dc\u00e7\u00fc Uluslararas\u0131 Be\u015f \u00d6d\u00fcl<\/h3>\n<p>OEDA\u015e, Can Dostlar ile biri yerel, biri ulusal, \u00fc\u00e7\u00fc de uluslararas\u0131 olmak \u00fczere toplam be\u015f \u00f6d\u00fcl kazand\u0131. Proje ilk olarak 2021 y\u0131l\u0131nda Eski\u015fehir Odunpazar\u0131 Kent Konseyi taraf\u0131ndan Hayvan Dostu \u015eirket plaketine lay\u0131k g\u00f6r\u00fcld\u00fc. 2023\u2019te Best Business Awards\u2019ta Kurumsal Sosyal Sorumluluk kategorisinde En \u0130yi \u0130\u015fletme \u00f6d\u00fcl\u00fcn\u00fcn sahibi oldu. Ayn\u0131 y\u0131l Stevie International Business Awards\u2019ta Avrupa\u2019da Y\u0131l\u0131n Kurumsal Sosyal Sorumluluk Program\u0131 kategorisinde alt\u0131n \u00f6d\u00fcl kazand\u0131. Ge\u00e7en y\u0131l ise \u00d6zel Sekt\u00f6r G\u00f6n\u00fcll\u00fcleri Derne\u011fi taraf\u0131ndan d\u00fczenlenen 17. G\u00f6n\u00fclden \u00d6d\u00fcller\u2019de Can Dostlar kategorisinde \u00f6d\u00fcl ald\u0131. Communitas Awards da projenin be\u015finci \u00f6d\u00fcl\u00fc olarak kay\u0131tlara ge\u00e7ti.<\/p>","protected":false},"excerpt":{"rendered":"<p>Sorry, this entry is only available in Turkish. For the sake of viewer convenience, the content is shown below in the alternative language. You may click the link to switch the active language. Elektrik da\u011f\u0131t\u0131m \u015firketi OEDA\u015e\u2019\u0131n sokak hayvanlar\u0131 ve g\u00f6\u00e7men ku\u015flara y\u00f6nelik olarak y\u00fcr\u00fctt\u00fc\u011f\u00fc Can Dostlar sosyal sorumluluk projesi ABD merkezli uluslararas\u0131 \u00f6d\u00fcl program\u0131 [&hellip;]<\/p>\n","protected":false},"author":1,"featured_media":197021,"comment_status":"open","ping_status":"open","sticky":false,"template":"","format":"standard","meta":[],"categories":[51,53],"tags":[116662,31375,9749,24037,51441,55962],"views":11,"_links":{"self":[{"href":"https:\/\/www.enerjigazetesi.ist\/en\/wp-json\/wp\/v2\/posts\/197017"}],"collection":[{"href":"https:\/\/www.enerjigazetesi.ist\/en\/wp-json\/wp\/v2\/posts"}],"about":[{"href":"https:\/\/www.enerjigazetesi.ist\/en\/wp-json\/wp\/v2\/types\/post"}],"author":[{"embeddable":true,"href":"https:\/\/www.enerjigazetesi.ist\/en\/wp-json\/wp\/v2\/users\/1"}],"replies":[{"embeddable":true,"href":"https:\/\/www.enerjigazetesi.ist\/en\/wp-json\/wp\/v2\/comments?post=197017"}],"version-history":[{"count":0,"href":"https:\/\/www.enerjigazetesi.ist\/en\/wp-json\/wp\/v2\/posts\/197017\/revisions"}],"wp:featuredmedia":[{"embeddable":true,"href":"https:\/\/www.enerjigazetesi.ist\/en\/wp-json\/wp\/v2\/media\/197021"}],"wp:attachment":[{"href":"https:\/\/www.enerjigazetesi.ist\/en\/wp-json\/wp\/v2\/media?parent=197017"}],"wp:term":[{"taxonomy":"category","embeddable":true,"href":"https:\/\/www.enerjigazetesi.ist\/en\/wp-json\/wp\/v2\/categories?post=197017"},{"taxonomy":"post_tag","embeddable":true,"href":"https:\/\/www.enerjigazetesi.ist\/en\/wp-json\/wp\/v2\/tags?post=197017"}],"curies":[{"name":"wp","href":"https:\/\/api.w.org\/{rel}","templated":true}]}}