{"id":196901,"date":"2025-04-18T11:20:56","date_gmt":"2025-04-18T08:20:56","guid":{"rendered":"https:\/\/www.enerjigazetesi.ist\/?p=196901"},"modified":"2025-04-18T11:20:56","modified_gmt":"2025-04-18T08:20:56","slug":"vaillant-ish-fuarinda-yeni-isi-pompasi-portfoyunu-tanitti","status":"publish","type":"post","link":"https:\/\/www.enerjigazetesi.ist\/en\/vaillant-ish-fuarinda-yeni-isi-pompasi-portfoyunu-tanitti\/","title":{"rendered":"(Turkish) &#8217;Vaillant&#8217; ISH Fuar\u0131nda Yeni Is\u0131 Pompas\u0131 Portf\u00f6y\u00fcn\u00fc Tan\u0131tt\u0131"},"content":{"rendered":"<p class=\"qtranxs-available-languages-message qtranxs-available-languages-message-en\">Sorry, this entry is only available in <a href=\"https:\/\/www.enerjigazetesi.ist\/tr\/wp-json\/wp\/v2\/posts\/196901\" class=\"qtranxs-available-language-link qtranxs-available-language-link-tr\" title=\"Turkish\">Turkish<\/a>. For the sake of viewer convenience, the content is shown below in the alternative language. You may click the link to switch the active language.<\/p><p><\/p>\n<h2><b>Vaillant, iklimlendirme ve tesisat sekt\u00f6r\u00fcn\u00fcn \u00f6nemli fuar\u0131 ISH&#8217;de yeni \u0131s\u0131 pompas\u0131 modellerini sundu. Fuarda, i\u015fletme maliyetlerinin azalmas\u0131na katk\u0131 sa\u011flayan ak\u0131ll\u0131 enerji y\u00f6netimi ile kurulumcular ve son kullan\u0131c\u0131lara y\u00f6nelik yeni dijital hizmetler de tan\u0131t\u0131ld\u0131.<\/b><\/h2>\n<p style=\"text-align: center;\"><img loading=\"lazy\" class=\"aligncenter wp-image-196903\" src=\"https:\/\/www.enerjigazetesi.ist\/wp-content\/uploads\/2025\/04\/vaillant-ish-fuarinda-yeni-isi-pompasi-portfoyunu-tanitti.jpg\" alt=\"\" width=\"500\" height=\"344\" srcset=\"https:\/\/www.enerjigazetesi.ist\/wp-content\/uploads\/2025\/04\/vaillant-ish-fuarinda-yeni-isi-pompasi-portfoyunu-tanitti.jpg 550w, https:\/\/www.enerjigazetesi.ist\/wp-content\/uploads\/2025\/04\/vaillant-ish-fuarinda-yeni-isi-pompasi-portfoyunu-tanitti-300x206.jpg 300w, https:\/\/www.enerjigazetesi.ist\/wp-content\/uploads\/2025\/04\/vaillant-ish-fuarinda-yeni-isi-pompasi-portfoyunu-tanitti-500x344.jpg 500w, https:\/\/www.enerjigazetesi.ist\/wp-content\/uploads\/2025\/04\/vaillant-ish-fuarinda-yeni-isi-pompasi-portfoyunu-tanitti-73x50.jpg 73w\" sizes=\"(max-width: 500px) 100vw, 500px\" \/><\/p>\n<p>Vaillant, 17-21 Mart 2025 tarihleri aras\u0131nda ger\u00e7ekle\u015fen Uluslararas\u0131 \u0130klimlendirme ve S\u0131hhi Tesisat Fuar\u0131&#8217;nda (ISH), tamamen g\u00fcncellenmi\u015f ve geni\u015fletilmi\u015f yeni \u0131s\u0131 pompas\u0131 portf\u00f6y\u00fcn\u00fc sundu. Yeni \u0131s\u0131 pompalar\u0131, hem yenileme projelerinde hem de yeni binalarda olmak \u00fczere, her t\u00fcrl\u00fc yap\u0131da enerji verimlili\u011fi sa\u011flamak \u00fczere geli\u015ftirildi. Yeni \u0131s\u0131 pompalar\u0131 son derece sessiz \u00e7al\u0131\u015fma, kullan\u0131m kolayl\u0131\u011f\u0131 ve basit kurulum gibi \u00f6zellikleriyle \u00f6ne \u00e7\u0131k\u0131yor.<\/p>\n<p>Vaillant yakla\u015f\u0131k 650 metrekarelik bir alan \u00fczerine kurulu stand\u0131nda, yeni dijital hizmetlerini de tan\u0131tt\u0131. Vaillant&#8217;\u0131n geli\u015ftirdi\u011fi dijital hizmetleri kullanan kurulumcu partnerler, m\u00fc\u015fteri hizmetlerinden \u0131s\u0131tma sistemleri planlamaya, internet \u00fczerinden uzaktan y\u00f6nlendirme ve optimizasyona kadar kapsaml\u0131 bir destek elde ediyor. Son kullan\u0131c\u0131lar ise evlerindeki ak\u0131ll\u0131 enerji y\u00f6netimi \u00e7\u00f6z\u00fcmleri sayesinde enerji t\u00fcketimini, dolay\u0131s\u0131yla da i\u015fletme maliyetlerini \u00f6nemli \u00f6l\u00e7\u00fcde azaltabiliyor.<\/p>\n<h3><b>T\u00fcm Konutlar \u0130\u00e7in Verimli Is\u0131 Pompalar\u0131<\/b><\/h3>\n<p>Vaillant, ISH 2025&#8217;te t\u00fcm konutlara uygun, y\u00fcksek verimli \u0131s\u0131 pompalar\u0131n\u0131 tan\u0131tt\u0131. Fuarda tan\u0131t\u0131lan aroTHERM serisi, farkl\u0131 ihtiya\u00e7lara g\u00f6re tasarlanm\u0131\u015f \u00fc\u00e7 farkl\u0131 modeli i\u00e7eriyor. aroTHERM plus serisi do\u011fal so\u011futucu ak\u0131\u015fkan R290 ile \u00e7al\u0131\u015f\u0131yor ve esnek kurulum imk\u00e2n\u0131 sunuyor. Kulland\u0131\u011f\u0131 ak\u0131\u015fkan sayesinde benzerlerinden 700 kat daha \u00e7evreci olan aroTHERM plus serisi \u0131s\u0131 pompalar\u0131 75C kadar s\u0131cak su sa\u011flama \u00f6zelli\u011fi ile de benzerlerinden net \u015fekilde ayr\u0131\u015f\u0131yor.<\/p>","protected":false},"excerpt":{"rendered":"<p>Sorry, this entry is only available in Turkish. For the sake of viewer convenience, the content is shown below in the alternative language. You may click the link to switch the active language. Vaillant, iklimlendirme ve tesisat sekt\u00f6r\u00fcn\u00fcn \u00f6nemli fuar\u0131 ISH&#8217;de yeni \u0131s\u0131 pompas\u0131 modellerini sundu. Fuarda, i\u015fletme maliyetlerinin azalmas\u0131na katk\u0131 sa\u011flayan ak\u0131ll\u0131 enerji y\u00f6netimi [&hellip;]<\/p>\n","protected":false},"author":1,"featured_media":196903,"comment_status":"open","ping_status":"open","sticky":false,"template":"","format":"standard","meta":[],"categories":[53,52],"tags":[38829,116628,116627,10457,116626,14480,116629],"views":22,"_links":{"self":[{"href":"https:\/\/www.enerjigazetesi.ist\/en\/wp-json\/wp\/v2\/posts\/196901"}],"collection":[{"href":"https:\/\/www.enerjigazetesi.ist\/en\/wp-json\/wp\/v2\/posts"}],"about":[{"href":"https:\/\/www.enerjigazetesi.ist\/en\/wp-json\/wp\/v2\/types\/post"}],"author":[{"embeddable":true,"href":"https:\/\/www.enerjigazetesi.ist\/en\/wp-json\/wp\/v2\/users\/1"}],"replies":[{"embeddable":true,"href":"https:\/\/www.enerjigazetesi.ist\/en\/wp-json\/wp\/v2\/comments?post=196901"}],"version-history":[{"count":0,"href":"https:\/\/www.enerjigazetesi.ist\/en\/wp-json\/wp\/v2\/posts\/196901\/revisions"}],"wp:featuredmedia":[{"embeddable":true,"href":"https:\/\/www.enerjigazetesi.ist\/en\/wp-json\/wp\/v2\/media\/196903"}],"wp:attachment":[{"href":"https:\/\/www.enerjigazetesi.ist\/en\/wp-json\/wp\/v2\/media?parent=196901"}],"wp:term":[{"taxonomy":"category","embeddable":true,"href":"https:\/\/www.enerjigazetesi.ist\/en\/wp-json\/wp\/v2\/categories?post=196901"},{"taxonomy":"post_tag","embeddable":true,"href":"https:\/\/www.enerjigazetesi.ist\/en\/wp-json\/wp\/v2\/tags?post=196901"}],"curies":[{"name":"wp","href":"https:\/\/api.w.org\/{rel}","templated":true}]}}