{"id":19688,"date":"2013-12-20T14:19:36","date_gmt":"2013-12-20T11:19:36","guid":{"rendered":"https:\/\/www.enerjigazetesi.ist\/?p=19688"},"modified":"2013-12-20T14:19:36","modified_gmt":"2013-12-20T11:19:36","slug":"odulu-enerji-verimliligi-forumunda-alacaklar","status":"publish","type":"post","link":"https:\/\/www.enerjigazetesi.ist\/en\/odulu-enerji-verimliligi-forumunda-alacaklar\/","title":{"rendered":"(Turkish) \u00d6d\u00fcl\u00fc, Enerji Verimlili\u011fi Forumu&#8217;nda Alacaklar!"},"content":{"rendered":"<p class=\"qtranxs-available-languages-message qtranxs-available-languages-message-en\">Sorry, this entry is only available in <a href=\"https:\/\/www.enerjigazetesi.ist\/tr\/wp-json\/wp\/v2\/posts\/19688\" class=\"qtranxs-available-language-link qtranxs-available-language-link-tr\" title=\"Turkish\">Turkish<\/a>. For the sake of viewer convenience, the content is shown below in the alternative language. You may click the link to switch the active language.<\/p><p><\/p>\n<h2>TUB\u0130TAK ve Enerji Bakanl\u0131\u011f\u0131 taraf\u0131ndan ortakla\u015fa d\u00fczenlenen Enerji Verimlili\u011fi Proje Yar\u0131\u015fmas\u0131\u2019nda T\u00fcrkiye 2.si olan Bafra Teknik ve End\u00fcstri Meslek Lisesi \u00f6\u011frencileri \u00f6d\u00fcllerini almak \u00fczere Wow Convention Center\u2019da 8-11 Ocak tarihlerinde d\u00fczenlenecek olan 4. Ulusal Enerji Verimlili\u011fi Foru<a href=\"https:\/\/www.enerjigazetesi.ist\/wp-content\/uploads\/2013\/12\/odulu-enerji-verimliligi-forumunda-alacaklar.jpg\"><img loading=\"lazy\" class=\"alignleft size-medium wp-image-19689\" title=\"odulu-enerji-verimliligi-forumunda-alacaklar\" src=\"https:\/\/www.enerjigazetesi.ist\/wp-content\/uploads\/2013\/12\/odulu-enerji-verimliligi-forumunda-alacaklar-300x198.jpg\" alt=\"\" width=\"300\" height=\"198\" srcset=\"https:\/\/www.enerjigazetesi.ist\/wp-content\/uploads\/2013\/12\/odulu-enerji-verimliligi-forumunda-alacaklar-300x198.jpg 300w, https:\/\/www.enerjigazetesi.ist\/wp-content\/uploads\/2013\/12\/odulu-enerji-verimliligi-forumunda-alacaklar-75x50.jpg 75w, https:\/\/www.enerjigazetesi.ist\/wp-content\/uploads\/2013\/12\/odulu-enerji-verimliligi-forumunda-alacaklar.jpg 478w\" sizes=\"(max-width: 300px) 100vw, 300px\" \/><\/a>mu\u2019na davet edildi.<\/h2>\n<p>TUB\u0130TAK ve Enerji Bakanl\u0131\u011f\u0131 taraf\u0131ndan ortakla\u015fa d\u00fczenlenen Enerji Verimlili\u011fi Proje Yar\u0131\u015fmas\u0131&#8217;nda T\u00fcrkiye 2.si olan Bafra Teknik ve End\u00fcstri Meslek Lisesi \u00f6\u011frencileri \u00f6d\u00fcllerini almak \u00fczere Wow Convention Center&#8217;da 8-11 Ocak tarihlerinde d\u00fczenlenecek olan 4. Ulusal Enerji Verimlili\u011fi Forumu&#8217;na davet edildi.<\/p>\n<p>Proje dan\u0131\u015fman\u0131 \u0130shak Hakan \u00d6zer ile birlikte proje ekibinde yer alan \u00d6mer Faruk G\u00fcr ve Ahmet Kesici isimli \u00f6\u011frenciler bu tarihlerde \u0130stanbul&#8217;da foruma kat\u0131lacaklar. Ba\u015far\u0131lar\u0131 ile ad\u0131ndan s\u00f6z ettirmeye devam eden Bafra End\u00fcstri Meslek Lisesi Ulusal Enerji Forumu&#8217;nda Bafra&#8217;y\u0131 temsil edecek. Okul y\u00f6netimi, &#8220;\u00c7ok say\u0131da firma ve siyasinin kat\u0131ld\u0131\u011f\u0131 forumda \u00f6\u011frencilerimize ve okulumuza ba\u015far\u0131lar diliyoruz. Unutulmaya y\u00fcz tutan meslek liselerinin b\u00f6ylesine b\u00fcy\u00fck organizasyonlarda b\u00fcy\u00fck ba\u015far\u0131lar ile g\u00fcndeme gelmesi meslek liselerinin \u00f6nemini bir kez daha g\u00f6zler \u00f6n\u00fcne serdi. Ayn\u0131 zamanda okulumuzun \u00f6\u011frencilerinin g\u00fcre\u015f milli tak\u0131m\u0131na \u00e7a\u011fr\u0131lmas\u0131 ile gerek sportif gerekse bilimsel anlamda bir\u00e7ok ba\u015far\u0131ya imza atan okul Bafra&#8217;y\u0131 her alanda temsil etmeye devam ediyor&#8221; dedi.<\/p>\n<p>Kaynak: <a href=\"http:\/\/www.haberler.com\/odulu-enerji-verimliligi-forumu-nda-alacaklar-5447999-haberi\/\" target=\"_blank\">Haberler<\/a><\/p>","protected":false},"excerpt":{"rendered":"<p>Sorry, this entry is only available in Turkish. For the sake of viewer convenience, the content is shown below in the alternative language. You may click the link to switch the active language. TUB\u0130TAK ve Enerji Bakanl\u0131\u011f\u0131 taraf\u0131ndan ortakla\u015fa d\u00fczenlenen Enerji Verimlili\u011fi Proje Yar\u0131\u015fmas\u0131\u2019nda T\u00fcrkiye 2.si olan Bafra Teknik ve End\u00fcstri Meslek Lisesi \u00f6\u011frencileri \u00f6d\u00fcllerini [&hellip;]<\/p>\n","protected":false},"author":1,"featured_media":19689,"comment_status":"open","ping_status":"open","sticky":false,"template":"","format":"standard","meta":[],"categories":[53,52],"tags":[1832,11452,11453,11449,63,67,1009,165,12,11448,11450,4440,11454,11451,11455],"views":769,"_links":{"self":[{"href":"https:\/\/www.enerjigazetesi.ist\/en\/wp-json\/wp\/v2\/posts\/19688"}],"collection":[{"href":"https:\/\/www.enerjigazetesi.ist\/en\/wp-json\/wp\/v2\/posts"}],"about":[{"href":"https:\/\/www.enerjigazetesi.ist\/en\/wp-json\/wp\/v2\/types\/post"}],"author":[{"embeddable":true,"href":"https:\/\/www.enerjigazetesi.ist\/en\/wp-json\/wp\/v2\/users\/1"}],"replies":[{"embeddable":true,"href":"https:\/\/www.enerjigazetesi.ist\/en\/wp-json\/wp\/v2\/comments?post=19688"}],"version-history":[{"count":2,"href":"https:\/\/www.enerjigazetesi.ist\/en\/wp-json\/wp\/v2\/posts\/19688\/revisions"}],"predecessor-version":[{"id":19691,"href":"https:\/\/www.enerjigazetesi.ist\/en\/wp-json\/wp\/v2\/posts\/19688\/revisions\/19691"}],"wp:featuredmedia":[{"embeddable":true,"href":"https:\/\/www.enerjigazetesi.ist\/en\/wp-json\/wp\/v2\/media\/19689"}],"wp:attachment":[{"href":"https:\/\/www.enerjigazetesi.ist\/en\/wp-json\/wp\/v2\/media?parent=19688"}],"wp:term":[{"taxonomy":"category","embeddable":true,"href":"https:\/\/www.enerjigazetesi.ist\/en\/wp-json\/wp\/v2\/categories?post=19688"},{"taxonomy":"post_tag","embeddable":true,"href":"https:\/\/www.enerjigazetesi.ist\/en\/wp-json\/wp\/v2\/tags?post=19688"}],"curies":[{"name":"wp","href":"https:\/\/api.w.org\/{rel}","templated":true}]}}