{"id":196838,"date":"2025-04-16T11:44:54","date_gmt":"2025-04-16T08:44:54","guid":{"rendered":"https:\/\/www.enerjigazetesi.ist\/?p=196838"},"modified":"2025-04-16T11:44:54","modified_gmt":"2025-04-16T08:44:54","slug":"qua-aydin-sokedeki-fabrikasinin-catisina-204-mwplik-ges-kuracak","status":"publish","type":"post","link":"https:\/\/www.enerjigazetesi.ist\/en\/qua-aydin-sokedeki-fabrikasinin-catisina-204-mwplik-ges-kuracak\/","title":{"rendered":"(Turkish) &#8217;QUA&#8217; Ayd\u0131n S\u00f6ke\u2019deki Fabrikas\u0131n\u0131n \u00c7at\u0131s\u0131na 20,4 MWp&#8217;lik GES Kuracak"},"content":{"rendered":"<p class=\"qtranxs-available-languages-message qtranxs-available-languages-message-en\">Sorry, this entry is only available in <a href=\"https:\/\/www.enerjigazetesi.ist\/tr\/wp-json\/wp\/v2\/posts\/196838\" class=\"qtranxs-available-language-link qtranxs-available-language-link-tr\" title=\"Turkish\">Turkish<\/a>. For the sake of viewer convenience, the content is shown below in the alternative language. You may click the link to switch the active language.<\/p><p><\/p>\n<h2>QUA, s\u00fcrd\u00fcr\u00fclebilirlik hedefleri do\u011frultusunda yenilenebilir enerji kaynaklar\u0131 yat\u0131r\u0131mlar\u0131na devam ediyor.\u00a0T2D Yenilenebilir Enerji Sistemleri Sanayi ve Ticaret A.\u015e. i\u015f birli\u011finde hayata ge\u00e7irece\u011fi\u00a0GES projesi ile karbon ayak izini azaltmak ve s\u00fcrd\u00fcr\u00fclebilir \u00e7evrenin korunmas\u0131na katk\u0131da bulunmak hedefiyle enerji ihtiya\u00e7lar\u0131n\u0131n bir k\u0131sm\u0131n\u0131 yenilenebilir enerji kaynaklar\u0131ndan kar\u015f\u0131layacak.<\/h2>\n<p style=\"text-align: center;\"><img loading=\"lazy\" class=\"aligncenter wp-image-196840\" src=\"https:\/\/www.enerjigazetesi.ist\/wp-content\/uploads\/2025\/04\/qua-aydin-sokedeki-fabrikasinin-catisina-204-mwplik-ges-kuracak.jpg\" alt=\"\" width=\"500\" height=\"335\" srcset=\"https:\/\/www.enerjigazetesi.ist\/wp-content\/uploads\/2025\/04\/qua-aydin-sokedeki-fabrikasinin-catisina-204-mwplik-ges-kuracak.jpg 550w, https:\/\/www.enerjigazetesi.ist\/wp-content\/uploads\/2025\/04\/qua-aydin-sokedeki-fabrikasinin-catisina-204-mwplik-ges-kuracak-300x201.jpg 300w, https:\/\/www.enerjigazetesi.ist\/wp-content\/uploads\/2025\/04\/qua-aydin-sokedeki-fabrikasinin-catisina-204-mwplik-ges-kuracak-500x335.jpg 500w, https:\/\/www.enerjigazetesi.ist\/wp-content\/uploads\/2025\/04\/qua-aydin-sokedeki-fabrikasinin-catisina-204-mwplik-ges-kuracak-75x50.jpg 75w\" sizes=\"(max-width: 500px) 100vw, 500px\" \/><\/p>\n<p>\u0130klim de\u011fi\u015fikli\u011fiyle m\u00fccadeleyi, ekonomik &#8211; sosyal kalk\u0131nmay\u0131 ve \u00e7evresel s\u00fcrd\u00fcr\u00fclebilirli\u011fi temel sorumlulu\u011fu olarak kabul eden QUA, Ayd\u0131n S\u00f6ke\u2019deki fabrikas\u0131n\u0131n 150.000 metrekarelik \u00e7at\u0131s\u0131nda hayata ge\u00e7irece\u011fi 20,4 MWp kapasiteye sahip G\u00fcne\u015f Enerji Santrali (GES) projesiyle s\u00fcrd\u00fcr\u00fclebilir enerji \u00e7\u00f6z\u00fcmlerinde yat\u0131r\u0131mlar\u0131na devam ediyor. 10.2 milyon dolarl\u0131k bir yat\u0131r\u0131m ile ba\u015flayan ve 2025 y\u0131l\u0131 i\u00e7erisinde tamamlanmas\u0131 planlanan GES projesi, QUA\u2019n\u0131n s\u00fcrd\u00fcr\u00fclebilir enerji vizyonunun somut bir g\u00f6stergesi olarak \u00f6ne \u00e7\u0131kacak.<\/p>\n<p>Konuyla ilgili bir a\u00e7\u0131klama yapan QUA Genel M\u00fcd\u00fcr\u00fc Ali K\u00fc\u00e7\u00fck, <em>\u201cQUA olarak \u00e7evresel, sosyal ve ekonomik s\u00fcrd\u00fcr\u00fclebilirli\u011fi sadece bir strateji de\u011fil, temel bir de\u011fer olarak kabul ediyoruz. S\u00fcrd\u00fcr\u00fclebilir Kalk\u0131nma Ama\u00e7lar\u0131n\u0131 oda\u011f\u0131m\u0131za alarak \u00fcretim, istihdam, insan kaynaklar\u0131 gibi bir\u00e7ok farkl\u0131 alandaki uygulamalar\u0131m\u0131zla sadece i\u015f s\u00fcre\u00e7lerimizi de\u011fil, ayn\u0131 zamanda gelece\u011fe olan sorumlulu\u011fumuzu da \u015fekillendiriyoruz. Bu anlamda, karbon ayak izini azaltma, enerji verimlili\u011fini art\u0131rma ve at\u0131k y\u00f6netimi konular\u0131nda belirledi\u011fimiz somut hedeflerle, s\u00fcrd\u00fcr\u00fclebilirlik yolculu\u011fumuzda kararl\u0131l\u0131kla ilerliyoruz. Yenilenebilir enerji yat\u0131r\u0131mlar\u0131m\u0131z da bu s\u00fcrecin \u00f6nemli bir par\u00e7as\u0131. Ayd\u0131n S\u00f6ke\u2019deki fabrikam\u0131zda hayata ge\u00e7irece\u011fimiz 20,4 MWp kapasiteli GES projesi, yaln\u0131zca enerji ihtiyac\u0131m\u0131z\u0131 kar\u015f\u0131lamakla kalmayacak, ayn\u0131 zamanda \u00e7evresel etkilerimizi azaltarak daha ye\u015fil bir gelece\u011fe katk\u0131 sa\u011flama amac\u0131m\u0131za hizmet edecek. QUA olarak, s\u00fcrd\u00fcr\u00fclebilir \u00fcretim s\u00fcre\u00e7leri ve \u00e7evresel etkileri minimize eden stratejilerimizle, sekt\u00f6r\u00fcm\u00fcze \u00f6nc\u00fcl\u00fck etmeye devam edece\u011fiz\u201d<\/em> dedi.<\/p>\n<p>QUA\u2019n\u0131n yeni GES projesi ile 35.478 adet yeni nesil Topcon \u2013 Ntype g\u00fcne\u015f paneliyle 20,4 MWp&#8217;lik kurulu g\u00fcce sahip santralden elektrik \u00fcretilmesi hedefleniyor. Bu sayede 365.200 a\u011fac\u0131n kesilmesi \u00f6nlenirken, karbon sal\u0131n\u0131m\u0131 yakla\u015f\u0131k 140.000 ton azalt\u0131lacak.<\/p>","protected":false},"excerpt":{"rendered":"<p>Sorry, this entry is only available in Turkish. For the sake of viewer convenience, the content is shown below in the alternative language. You may click the link to switch the active language. QUA, s\u00fcrd\u00fcr\u00fclebilirlik hedefleri do\u011frultusunda yenilenebilir enerji kaynaklar\u0131 yat\u0131r\u0131mlar\u0131na devam ediyor.\u00a0T2D Yenilenebilir Enerji Sistemleri Sanayi ve Ticaret A.\u015e. i\u015f birli\u011finde hayata ge\u00e7irece\u011fi\u00a0GES projesi [&hellip;]<\/p>\n","protected":false},"author":1,"featured_media":196840,"comment_status":"open","ping_status":"open","sticky":false,"template":"","format":"standard","meta":[],"categories":[51,53,49],"tags":[112312,71548,2326,2569,116606,116607,105],"views":22,"_links":{"self":[{"href":"https:\/\/www.enerjigazetesi.ist\/en\/wp-json\/wp\/v2\/posts\/196838"}],"collection":[{"href":"https:\/\/www.enerjigazetesi.ist\/en\/wp-json\/wp\/v2\/posts"}],"about":[{"href":"https:\/\/www.enerjigazetesi.ist\/en\/wp-json\/wp\/v2\/types\/post"}],"author":[{"embeddable":true,"href":"https:\/\/www.enerjigazetesi.ist\/en\/wp-json\/wp\/v2\/users\/1"}],"replies":[{"embeddable":true,"href":"https:\/\/www.enerjigazetesi.ist\/en\/wp-json\/wp\/v2\/comments?post=196838"}],"version-history":[{"count":0,"href":"https:\/\/www.enerjigazetesi.ist\/en\/wp-json\/wp\/v2\/posts\/196838\/revisions"}],"wp:featuredmedia":[{"embeddable":true,"href":"https:\/\/www.enerjigazetesi.ist\/en\/wp-json\/wp\/v2\/media\/196840"}],"wp:attachment":[{"href":"https:\/\/www.enerjigazetesi.ist\/en\/wp-json\/wp\/v2\/media?parent=196838"}],"wp:term":[{"taxonomy":"category","embeddable":true,"href":"https:\/\/www.enerjigazetesi.ist\/en\/wp-json\/wp\/v2\/categories?post=196838"},{"taxonomy":"post_tag","embeddable":true,"href":"https:\/\/www.enerjigazetesi.ist\/en\/wp-json\/wp\/v2\/tags?post=196838"}],"curies":[{"name":"wp","href":"https:\/\/api.w.org\/{rel}","templated":true}]}}