{"id":196727,"date":"2025-04-11T14:26:10","date_gmt":"2025-04-11T11:26:10","guid":{"rendered":"https:\/\/www.enerjigazetesi.ist\/?p=196727"},"modified":"2025-04-11T14:26:10","modified_gmt":"2025-04-11T11:26:10","slug":"igdasin-yeni-genel-muduru-nihat-narin-oldu","status":"publish","type":"post","link":"https:\/\/www.enerjigazetesi.ist\/en\/igdasin-yeni-genel-muduru-nihat-narin-oldu\/","title":{"rendered":"(Turkish) &#8217;\u0130GDA\u015e&#8217;\u0131n Yeni Genel M\u00fcd\u00fcr\u00fc Nihat Narin Oldu"},"content":{"rendered":"<p class=\"qtranxs-available-languages-message qtranxs-available-languages-message-en\">Sorry, this entry is only available in <a href=\"https:\/\/www.enerjigazetesi.ist\/tr\/wp-json\/wp\/v2\/posts\/196727\" class=\"qtranxs-available-language-link qtranxs-available-language-link-tr\" title=\"Turkish\">Turkish<\/a>. For the sake of viewer convenience, the content is shown below in the alternative language. You may click the link to switch the active language.<\/p><p><\/p>\n<div class=\"article-title\">\n<h2 id=\"articledesc\" class=\"desc\" data-mode=\"desktop\">\u0130stanbul Gaz ve Do\u011falgaz Da\u011f\u0131t\u0131m A.\u015e (\u0130GDA\u015e) Genel M\u00fcd\u00fcr\u00fc Ali Ender \u00c7olak&#8217;\u0131n g\u00f6revinden ayr\u0131lmas\u0131n\u0131n ard\u0131ndan yerine \u0130BB \u0130\u015ftirakler Perakende Grup Ba\u015fkan\u0131 Nihat Narin&#8217;in atand\u0131\u011f\u0131 duyuruldu.<\/h2>\n<p style=\"text-align: center;\"><img loading=\"lazy\" class=\"aligncenter wp-image-196730\" src=\"https:\/\/www.enerjigazetesi.ist\/wp-content\/uploads\/2025\/04\/igdasin-yeni-genel-muduru-nihat-narin-oldu.jpg\" alt=\"\" width=\"500\" height=\"281\" srcset=\"https:\/\/www.enerjigazetesi.ist\/wp-content\/uploads\/2025\/04\/igdasin-yeni-genel-muduru-nihat-narin-oldu.jpg 550w, https:\/\/www.enerjigazetesi.ist\/wp-content\/uploads\/2025\/04\/igdasin-yeni-genel-muduru-nihat-narin-oldu-300x169.jpg 300w, https:\/\/www.enerjigazetesi.ist\/wp-content\/uploads\/2025\/04\/igdasin-yeni-genel-muduru-nihat-narin-oldu-500x281.jpg 500w, https:\/\/www.enerjigazetesi.ist\/wp-content\/uploads\/2025\/04\/igdasin-yeni-genel-muduru-nihat-narin-oldu-80x45.jpg 80w\" sizes=\"(max-width: 500px) 100vw, 500px\" \/><\/p>\n<p>\u0130stanbul B\u00fcy\u00fck\u015fehir Belediyesi (\u0130BB) i\u015ftirak \u015firketi \u0130stanbul Gaz ve Do\u011falgaz Da\u011f\u0131t\u0131m A.\u015e (\u0130GDA\u015e) Genel M\u00fcd\u00fcr\u00fc Ali Ender \u00c7olak, istifa ederek g\u00f6revinden ayr\u0131ld\u0131.<\/p>\n<h3><strong>\u0130BB&#8217;DEN A\u00c7IKLAMA<\/strong><\/h3>\n<p class=\"text\">\u0130BB \u0130nsan Kaynaklar\u0131 \u015eube M\u00fcd\u00fcrl\u00fc\u011f\u00fcnden yap\u0131lan duyuruda \u015fu ifadelere yer verildi:<\/p>\n<p><em>&#8220;\u0130GDA\u015e A\u015e Genel M\u00fcd\u00fcr\u00fc g\u00f6revini y\u00fcr\u00fctmekte olan Say\u0131n Ali Ender \u00c7olak g\u00f6revinden ayr\u0131lm\u0131\u015ft\u0131r. Say\u0131n \u00c7olak&#8217;a bug\u00fcne kadar vermi\u015f oldu\u011fu hizmetler i\u00e7in te\u015fekk\u00fcr ederiz. \u0130BB \u0130\u015ftirakler Perakende Grup Ba\u015fkan\u0131 olarak g\u00f6rev yapmakta olan Say\u0131n Nihat Narin, mevcut g\u00f6revine ek olarak vekaleten \u0130GDA\u015e A\u015e Genel M\u00fcd\u00fcr\u00fc olarak atanm\u0131\u015ft\u0131r.&#8221;<\/em><\/p>\n<p>\u0130BB \u0130\u015ftirakler Perakende Grubu Ba\u015fkan\u0131 olarak g\u00f6rev yapan Narin, \u0130GDA\u015e\u2019\u0131n be\u015finci Genel M\u00fcd\u00fcr\u00fc olarak atand\u0131. Yeni g\u00f6revine h\u0131zl\u0131 bir ba\u015flang\u0131\u00e7 yapan Narin, ilk olarak \u0130GDA\u015e&#8217;\u0131n \u00e7al\u0131\u015fanlar\u0131yla bir araya geldi.<\/p>\n<\/div>\n<p><\/p>","protected":false},"excerpt":{"rendered":"<p>Sorry, this entry is only available in Turkish. For the sake of viewer convenience, the content is shown below in the alternative language. You may click the link to switch the active language. \u0130stanbul Gaz ve Do\u011falgaz Da\u011f\u0131t\u0131m A.\u015e (\u0130GDA\u015e) Genel M\u00fcd\u00fcr\u00fc Ali Ender \u00c7olak&#8217;\u0131n g\u00f6revinden ayr\u0131lmas\u0131n\u0131n ard\u0131ndan yerine \u0130BB \u0130\u015ftirakler Perakende Grup Ba\u015fkan\u0131 Nihat [&hellip;]<\/p>\n","protected":false},"author":1,"featured_media":196730,"comment_status":"open","ping_status":"open","sticky":false,"template":"","format":"standard","meta":[],"categories":[46,53],"tags":[116567,4781,2677,4782,1690,116566,2834,75244],"views":74,"_links":{"self":[{"href":"https:\/\/www.enerjigazetesi.ist\/en\/wp-json\/wp\/v2\/posts\/196727"}],"collection":[{"href":"https:\/\/www.enerjigazetesi.ist\/en\/wp-json\/wp\/v2\/posts"}],"about":[{"href":"https:\/\/www.enerjigazetesi.ist\/en\/wp-json\/wp\/v2\/types\/post"}],"author":[{"embeddable":true,"href":"https:\/\/www.enerjigazetesi.ist\/en\/wp-json\/wp\/v2\/users\/1"}],"replies":[{"embeddable":true,"href":"https:\/\/www.enerjigazetesi.ist\/en\/wp-json\/wp\/v2\/comments?post=196727"}],"version-history":[{"count":0,"href":"https:\/\/www.enerjigazetesi.ist\/en\/wp-json\/wp\/v2\/posts\/196727\/revisions"}],"wp:featuredmedia":[{"embeddable":true,"href":"https:\/\/www.enerjigazetesi.ist\/en\/wp-json\/wp\/v2\/media\/196730"}],"wp:attachment":[{"href":"https:\/\/www.enerjigazetesi.ist\/en\/wp-json\/wp\/v2\/media?parent=196727"}],"wp:term":[{"taxonomy":"category","embeddable":true,"href":"https:\/\/www.enerjigazetesi.ist\/en\/wp-json\/wp\/v2\/categories?post=196727"},{"taxonomy":"post_tag","embeddable":true,"href":"https:\/\/www.enerjigazetesi.ist\/en\/wp-json\/wp\/v2\/tags?post=196727"}],"curies":[{"name":"wp","href":"https:\/\/api.w.org\/{rel}","templated":true}]}}