{"id":196702,"date":"2025-04-11T11:42:47","date_gmt":"2025-04-11T08:42:47","guid":{"rendered":"https:\/\/www.enerjigazetesi.ist\/?p=196702"},"modified":"2025-04-11T11:42:47","modified_gmt":"2025-04-11T08:42:47","slug":"cedbikin-yeni-donem-yonetim-kurulu-belli-oldu","status":"publish","type":"post","link":"https:\/\/www.enerjigazetesi.ist\/en\/cedbikin-yeni-donem-yonetim-kurulu-belli-oldu\/","title":{"rendered":"(Turkish) &#8217;\u00c7EDB\u0130K&#8217;in Yeni D\u00f6nem Y\u00f6netim Kurulu Belli Oldu"},"content":{"rendered":"<p class=\"qtranxs-available-languages-message qtranxs-available-languages-message-en\">Sorry, this entry is only available in <a href=\"https:\/\/www.enerjigazetesi.ist\/tr\/wp-json\/wp\/v2\/posts\/196702\" class=\"qtranxs-available-language-link qtranxs-available-language-link-tr\" title=\"Turkish\">Turkish<\/a>. For the sake of viewer convenience, the content is shown below in the alternative language. You may click the link to switch the active language.<\/p><p><\/p>\n<h2>\u00c7evre Dostu Ye\u015fil Binalar Derne\u011fi\u2019nin (\u00c7EDB\u0130K) yeni y\u00f6netimi belli oldu. 2021 y\u0131l\u0131ndan bu yana \u00c7EDB\u0130K Y\u00f6netim Kurulu Ba\u015fkan Yard\u0131mc\u0131l\u0131\u011f\u0131 g\u00f6revini s\u00fcrd\u00fcren <strong>Dr. Emre Il\u0131cal\u0131,<\/strong> <strong>\u00c7EDB\u0130K Y\u00f6netim Kurulu Ba\u015fkan\u0131<\/strong> oldu. Sekt\u00f6r\u00fcn \u00f6nemli isimlerinin g\u00f6rev ald\u0131\u011f\u0131 yeni y\u00f6netim, s\u00fcrd\u00fcr\u00fclebilir yap\u0131la\u015fmay\u0131 geni\u015f kitlelere yaymak i\u00e7in \u00e7al\u0131\u015fmalar\u0131na devam edecek.<\/h2>\n<p style=\"text-align: center;\"><img loading=\"lazy\" class=\"aligncenter wp-image-196704\" src=\"https:\/\/www.enerjigazetesi.ist\/wp-content\/uploads\/2025\/04\/cedbikin-yeni-donem-yonetim-kurulu-belli-oldu-1.jpg\" alt=\"\" width=\"500\" height=\"281\" srcset=\"https:\/\/www.enerjigazetesi.ist\/wp-content\/uploads\/2025\/04\/cedbikin-yeni-donem-yonetim-kurulu-belli-oldu-1.jpg 550w, https:\/\/www.enerjigazetesi.ist\/wp-content\/uploads\/2025\/04\/cedbikin-yeni-donem-yonetim-kurulu-belli-oldu-1-300x169.jpg 300w, https:\/\/www.enerjigazetesi.ist\/wp-content\/uploads\/2025\/04\/cedbikin-yeni-donem-yonetim-kurulu-belli-oldu-1-500x281.jpg 500w, https:\/\/www.enerjigazetesi.ist\/wp-content\/uploads\/2025\/04\/cedbikin-yeni-donem-yonetim-kurulu-belli-oldu-1-80x45.jpg 80w\" sizes=\"(max-width: 500px) 100vw, 500px\" \/><\/p>\n<p>Yap\u0131 sekt\u00f6r\u00fcn\u00fcn s\u00fcrd\u00fcr\u00fclebilir ilkeler \u0131\u015f\u0131\u011f\u0131nda geli\u015fmesine ve pazar\u0131n d\u00f6n\u00fc\u015f\u00fcm\u00fcne \u00f6nc\u00fcl\u00fck etmek vizyonuyla hizmet veren \u00c7evre Dostu Ye\u015fil Binalar Derne\u011fi\u2019nin (\u00c7EDB\u0130K) yeni y\u00f6netimi belli oldu. 2021 y\u0131l\u0131ndan bu yana \u00c7EDB\u0130K Y\u00f6netim Kurulu Ba\u015fkan Yard\u0131mc\u0131l\u0131\u011f\u0131 g\u00f6revini s\u00fcrd\u00fcren Dr. Emre Il\u0131cal\u0131, \u00c7EDB\u0130K Y\u00f6netim Kurulu Ba\u015fkan\u0131 oldu. Yeni y\u00f6netim, t\u00fcm payda\u015flar\u0131yla birlikte daha ye\u015fil, daha diren\u00e7li ve daha ya\u015fanabilir \u015fehirler i\u00e7in g\u00fc\u00e7l\u00fc ad\u0131mlar atmaya devam edece\u011fini duyurdu.<\/p>\n<h3><strong>\u201cS\u00fcrd\u00fcr\u00fclebilir Yap\u0131la\u015fma \u0130\u00e7in Daha G\u00fc\u00e7l\u00fc Bir Ad\u0131m At\u0131yoruz\u201d<\/strong><\/h3>\n<div id=\"attachment_196706\" style=\"width: 510px\" class=\"wp-caption aligncenter\"><img aria-describedby=\"caption-attachment-196706\" loading=\"lazy\" class=\"wp-image-196706\" src=\"https:\/\/www.enerjigazetesi.ist\/wp-content\/uploads\/2025\/04\/cedbikin-yeni-donem-yonetim-kurulu-belli-oldu-2.jpg\" alt=\"\" width=\"500\" height=\"409\" srcset=\"https:\/\/www.enerjigazetesi.ist\/wp-content\/uploads\/2025\/04\/cedbikin-yeni-donem-yonetim-kurulu-belli-oldu-2.jpg 550w, https:\/\/www.enerjigazetesi.ist\/wp-content\/uploads\/2025\/04\/cedbikin-yeni-donem-yonetim-kurulu-belli-oldu-2-300x245.jpg 300w, https:\/\/www.enerjigazetesi.ist\/wp-content\/uploads\/2025\/04\/cedbikin-yeni-donem-yonetim-kurulu-belli-oldu-2-489x400.jpg 489w, https:\/\/www.enerjigazetesi.ist\/wp-content\/uploads\/2025\/04\/cedbikin-yeni-donem-yonetim-kurulu-belli-oldu-2-61x50.jpg 61w, https:\/\/www.enerjigazetesi.ist\/wp-content\/uploads\/2025\/04\/cedbikin-yeni-donem-yonetim-kurulu-belli-oldu-2-500x409.jpg 500w\" sizes=\"(max-width: 500px) 100vw, 500px\" \/><p id=\"caption-attachment-196706\" class=\"wp-caption-text\">&#8216;Dr. Emre Il\u0131cal\u0131&#8217; \u00c7EDB\u0130K Y\u00f6netim Kurulu Ba\u015fkan\u0131<\/p><\/div>\n<p>\u00c7evre Dostu Ye\u015fil Binalar Derne\u011fi (\u00c7EDB\u0130K) yeni d\u00f6nem ba\u015fkanl\u0131k g\u00f6revi dolay\u0131s\u0131yla b\u00fcy\u00fck bir onur ve sorumluluk duydu\u011funu belirten <strong>Dr. Emre Il\u0131cal\u0131<\/strong>, <em>\u201cDerne\u011fimizin bug\u00fcne kadar att\u0131\u011f\u0131 \u00f6nc\u00fc ad\u0131mlar\u0131n \u00fczerine koyarak, s\u00fcrd\u00fcr\u00fclebilir ve \u00e7evre dostu yap\u0131la\u015fma anlay\u0131\u015f\u0131n\u0131 daha geni\u015f kitlelere yaymay\u0131 hedefliyoruz\u201d<\/em> dedi. Il\u0131cal\u0131, yeni d\u00f6nemdeki \u00f6ncelikli hedefleri aras\u0131nda; kamu ve \u00f6zel sekt\u00f6r i\u015f birli\u011fini daha da g\u00fc\u00e7lendirmek, ye\u015fil bina sertifikasyon s\u00fcre\u00e7lerini sadele\u015ftirmek ve eri\u015filebilirli\u011fini art\u0131rman\u0131n yer ald\u0131\u011f\u0131n\u0131 s\u00f6yledi. Ayn\u0131 zamanda, iklim de\u011fi\u015fikli\u011fiyle m\u00fccadele kapsam\u0131nda enerji verimlili\u011fini artt\u0131ran, karbon ayak izini azaltan uygulamalar\u0131n yayg\u0131nla\u015ft\u0131r\u0131lmas\u0131na y\u00f6nelik fark\u0131ndal\u0131k kampanyalar\u0131 da y\u00fcr\u00fcteceklerini vurgulayan Il\u0131cal\u0131, yeni d\u00f6nem projelerine ili\u015fkin \u015fu de\u011ferlendirmeyi yapt\u0131:<\/p>\n<p><em>\u201c\u00dcyelerimizin birikimleriyle e\u011fitim ve m\u00fc\u015favirlik \u00e7al\u0131\u015fmalar\u0131m\u0131z\u0131 da art\u0131rarak sekt\u00f6rde bilgiye dayal\u0131 d\u00f6n\u00fc\u015f\u00fcm\u00fc destekleyece\u011fiz. \u00dcniversiteler ve STK\u2019larla i\u015f birli\u011fi i\u00e7erisinde gen\u00e7 profesyonellerin bu alanda uzmanla\u015fmas\u0131n\u0131 te\u015fvik edecek projeler geli\u015ftirece\u011fiz. K\u0131sacas\u0131, T\u00fcrkiye\u2019de s\u00fcrd\u00fcr\u00fclebilir yap\u0131la\u015fma k\u00fclt\u00fcr\u00fcn\u00fc sadece teknik bir gereklilik de\u011fil, toplumsal bir d\u00f6n\u00fc\u015f\u00fcm arac\u0131 olarak ele al\u0131yoruz. Bu vizyonla, t\u00fcm payda\u015flar\u0131m\u0131zla birlikte daha ye\u015fil, daha diren\u00e7li ve daha ya\u015fanabilir \u015fehirler i\u00e7in \u00e7al\u0131\u015fmaya devam edece\u011fiz.\u201d<\/em><\/p>\n<p>\u0130ki y\u0131l Ba\u015fkanl\u0131k yapt\u0131ktan sonra g\u00f6revi <strong>Dr. Emre Il\u0131cal\u0131\u2019ya<\/strong> devreden <strong>Mehmet Sami K\u0131l\u0131\u00e7<\/strong>: <em>\u201cGlobalde ve \u00fclkemizde b\u00fcy\u00fcme trendindeki s\u00fcrd\u00fcr\u00fclebilirlik sekt\u00f6r\u00fcn\u00fcn \u00f6n\u00fcm\u00fcze daha fazla f\u0131rsat sunmas\u0131 bizleri \u00fcmitlendirmenin yan\u0131 s\u0131ra heyecanland\u0131r\u0131yor. T\u00fcrkiye\u2019nin s\u00fcrd\u00fcr\u00fclebilirlik stratejisini kararl\u0131l\u0131kla destekleyen \u00c7EDB\u0130K\u2019in, d\u00fcnya genelindeki Ye\u015fil Bina Konseyleri ile kurdu\u011fu i\u015f birlikleri, \u00fclkemizin bu konudaki hedefleri i\u00e7in fayda sa\u011flamaya devam edecektir. Dr. Emre Il\u0131cal\u0131\u2019n\u0131n liderli\u011finde faaliyetlerine devam edecek yeni y\u00f6netim ile derne\u011fimiz, \u00fclkemizin 2053 s\u0131f\u0131r karbon hedeflerine ula\u015fmas\u0131 i\u00e7in \u00f6nemli bir destek olmaya devam edecek.\u201d<\/em><\/p>\n<h3><strong>\u00c7EDB\u0130K Yeni D\u00f6nem Y\u00f6netim Kurulu Belirlendi<\/strong><\/h3>\n<p>S\u00fcrd\u00fcr\u00fclebilir yap\u0131l\u0131 \u00e7evre vizyonuyla T\u00fcrkiye&#8217;de ye\u015fil d\u00f6n\u00fc\u015f\u00fcm\u00fcn \u00f6nc\u00fclerinden olan \u00c7EDB\u0130K (\u00c7evre Dostu Ye\u015fil Binalar Derne\u011fi), yeni d\u00f6nem y\u00f6netim kadrosunu belirledi. 2025-2026 d\u00f6neminde g\u00f6rev yapacak yeni y\u00f6netim kurulu, sekt\u00f6r\u00fcn farkl\u0131 alanlar\u0131ndan gelen deneyimli isimleri bir araya getiriyor.<\/p>\n<p>Yeni d\u00f6nemde\u00a0<strong>Ba\u015fkanl\u0131k g\u00f6revini<\/strong>\u00a0Altensis\u2019ten\u00a0<strong>Dr. Emre Il\u0131cal\u0131<\/strong>\u00a0\u00fcstlenirken,\u00a0<strong>Ba\u015fkan Vekili<\/strong>\u00a0olarak Turner International\u2019dan\u00a0<strong>Mehmet Sami K\u0131l\u0131\u00e7<\/strong>\u00a0g\u00f6rev yapacak.\u00a0<strong>Ba\u015fkan Yard\u0131mc\u0131s\u0131 ve Sayman<\/strong>\u00a0olarak Mimta Eco Yap\u0131\u2019dan\u00a0<strong>Can Arda Moltay<\/strong>,\u00a0<strong>Y\u00f6netim Kurulu Sekreteri<\/strong>\u00a0olarak ise Arup M\u00fchendislik\u2019ten <strong>M<\/strong>.\u00a0<strong>\u015eeref Sar\u0131\u00f6z<\/strong>\u00a0yer al\u0131yor.<\/p>\n<p>Y\u00f6netim Kurulu \u00dcyeleri aras\u0131nda HPP Architects\u2019ten\u00a0<strong>Bu\u011frahan \u015eirin<\/strong>, \u00d6zg\u00fcven Mimarl\u0131k\u2019tan\u00a0<strong>Zeynep Savc\u0131 \u00d6zg\u00fcven<\/strong>, \u0130ltay Mimarl\u0131k\u2019tan\u00a0<strong>Ebru \u00dcnver Karaer<\/strong>, ee-\u0130stanbul\u2019dan\u00a0<strong>Bora Y\u00fccel<\/strong>\u00a0ve T\u00dcV S\u00dcD T\u00fcrkiye\u2019den <strong>T.<\/strong>\u00a0<strong>Erhan Kurucu<\/strong>\u00a0bulunuyor.<\/p>\n<p>Yeni d\u00f6nemin\u00a0<strong>Denetim Kurulu \u00dcyeleri<\/strong>\u00a0ise \u0130ZODER\u2019den\u00a0<strong>Ertu\u011frul \u015een<\/strong>, THBB\u2019den\u00a0<strong>Koray Sa\u00e7l\u0131t\u00fcre<\/strong>\u00a0ve DBS\u2019den\u00a0<strong>Muzaffer Emiro\u011flu<\/strong>\u00a0olarak belirlendi.<\/p>\n<p>\u00c7EDB\u0130K, yeni y\u00f6netim kadrosuyla birlikte s\u00fcrd\u00fcr\u00fclebilirlik odakl\u0131 \u00e7al\u0131\u015fmalar\u0131n\u0131 daha da ileriye ta\u015f\u0131may\u0131 ve T\u00fcrkiye&#8217;de ye\u015fil bina bilincini g\u00fc\u00e7lendirmeyi hedefliyor.<\/p>","protected":false},"excerpt":{"rendered":"<p>Sorry, this entry is only available in Turkish. For the sake of viewer convenience, the content is shown below in the alternative language. You may click the link to switch the active language. \u00c7evre Dostu Ye\u015fil Binalar Derne\u011fi\u2019nin (\u00c7EDB\u0130K) yeni y\u00f6netimi belli oldu. 2021 y\u0131l\u0131ndan bu yana \u00c7EDB\u0130K Y\u00f6netim Kurulu Ba\u015fkan Yard\u0131mc\u0131l\u0131\u011f\u0131 g\u00f6revini s\u00fcrd\u00fcren Dr. [&hellip;]<\/p>\n","protected":false},"author":1,"featured_media":196705,"comment_status":"open","ping_status":"open","sticky":false,"template":"","format":"standard","meta":[],"categories":[53,52],"tags":[4240,748,88452,116558,87],"views":14,"_links":{"self":[{"href":"https:\/\/www.enerjigazetesi.ist\/en\/wp-json\/wp\/v2\/posts\/196702"}],"collection":[{"href":"https:\/\/www.enerjigazetesi.ist\/en\/wp-json\/wp\/v2\/posts"}],"about":[{"href":"https:\/\/www.enerjigazetesi.ist\/en\/wp-json\/wp\/v2\/types\/post"}],"author":[{"embeddable":true,"href":"https:\/\/www.enerjigazetesi.ist\/en\/wp-json\/wp\/v2\/users\/1"}],"replies":[{"embeddable":true,"href":"https:\/\/www.enerjigazetesi.ist\/en\/wp-json\/wp\/v2\/comments?post=196702"}],"version-history":[{"count":0,"href":"https:\/\/www.enerjigazetesi.ist\/en\/wp-json\/wp\/v2\/posts\/196702\/revisions"}],"wp:featuredmedia":[{"embeddable":true,"href":"https:\/\/www.enerjigazetesi.ist\/en\/wp-json\/wp\/v2\/media\/196705"}],"wp:attachment":[{"href":"https:\/\/www.enerjigazetesi.ist\/en\/wp-json\/wp\/v2\/media?parent=196702"}],"wp:term":[{"taxonomy":"category","embeddable":true,"href":"https:\/\/www.enerjigazetesi.ist\/en\/wp-json\/wp\/v2\/categories?post=196702"},{"taxonomy":"post_tag","embeddable":true,"href":"https:\/\/www.enerjigazetesi.ist\/en\/wp-json\/wp\/v2\/tags?post=196702"}],"curies":[{"name":"wp","href":"https:\/\/api.w.org\/{rel}","templated":true}]}}