{"id":196681,"date":"2025-04-11T10:09:18","date_gmt":"2025-04-11T07:09:18","guid":{"rendered":"https:\/\/www.enerjigazetesi.ist\/?p=196681"},"modified":"2025-04-11T10:09:18","modified_gmt":"2025-04-11T07:09:18","slug":"17-solarex-istanbul-buyuk-ilgi-gorerek-rekor-katilimla-kapilarini-acti","status":"publish","type":"post","link":"https:\/\/www.enerjigazetesi.ist\/en\/17-solarex-istanbul-buyuk-ilgi-gorerek-rekor-katilimla-kapilarini-acti\/","title":{"rendered":"(Turkish) 17. SolarEX \u0130stanbul B\u00fcy\u00fck \u0130lgi G\u00f6rerek Rekor Kat\u0131l\u0131mla Kap\u0131lar\u0131n\u0131 A\u00e7t\u0131!"},"content":{"rendered":"<p class=\"qtranxs-available-languages-message qtranxs-available-languages-message-en\">Sorry, this entry is only available in <a href=\"https:\/\/www.enerjigazetesi.ist\/tr\/wp-json\/wp\/v2\/posts\/196681\" class=\"qtranxs-available-language-link qtranxs-available-language-link-tr\" title=\"Turkish\">Turkish<\/a>. For the sake of viewer convenience, the content is shown below in the alternative language. You may click the link to switch the active language.<\/p><p><\/p>\n<h2><strong>T\u00fcrkiye\u2019nin ilk ve tek uluslararas\u0131 g\u00fcne\u015f enerjisi teknolojileri ve depolama fuar\u0131 olarak sekt\u00f6r\u00fcnde d\u00fcnyan\u0131n en b\u00fcy\u00fck ilk 3 fuar\u0131 aras\u0131nda yer alan SolarEX \u0130stanbul, sekt\u00f6r\u00fcn d\u00fcnya markalar\u0131 ile 17. Kez kap\u0131lar\u0131n\u0131 a\u00e7t\u0131! 10 Nisan\u2019da resmi a\u00e7\u0131l\u0131\u015f\u0131 ger\u00e7ekle\u015ftirilen SolarEX \u0130stanbul, 10-11-12 Nisan tarihlerinde 09.00- 18.00 saatleri aras\u0131nda \u0130stanbul Fuar Merkezi\u2019nde global ziyaret\u00e7ilerini a\u011f\u0131rlayacak.<\/strong><\/h2>\n<p style=\"text-align: center;\"><img loading=\"lazy\" class=\"aligncenter wp-image-196685\" src=\"https:\/\/www.enerjigazetesi.ist\/wp-content\/uploads\/2025\/04\/17-solarex-istanbul-buyuk-ilgi-gorerek-rekor-katilimla-kapilarini-acti-1.jpg\" alt=\"\" width=\"500\" height=\"317\" srcset=\"https:\/\/www.enerjigazetesi.ist\/wp-content\/uploads\/2025\/04\/17-solarex-istanbul-buyuk-ilgi-gorerek-rekor-katilimla-kapilarini-acti-1.jpg 550w, https:\/\/www.enerjigazetesi.ist\/wp-content\/uploads\/2025\/04\/17-solarex-istanbul-buyuk-ilgi-gorerek-rekor-katilimla-kapilarini-acti-1-300x190.jpg 300w, https:\/\/www.enerjigazetesi.ist\/wp-content\/uploads\/2025\/04\/17-solarex-istanbul-buyuk-ilgi-gorerek-rekor-katilimla-kapilarini-acti-1-500x317.jpg 500w, https:\/\/www.enerjigazetesi.ist\/wp-content\/uploads\/2025\/04\/17-solarex-istanbul-buyuk-ilgi-gorerek-rekor-katilimla-kapilarini-acti-1-80x50.jpg 80w\" sizes=\"(max-width: 500px) 100vw, 500px\" \/><\/p>\n<p>G\u00fcne\u015f enerjisi ve depolama sekt\u00f6r\u00fcn\u00fcn heyecanla bekledi\u011fi ve sekt\u00f6r\u00fcn gelece\u011fini \u015fekillendirecek SolarEX \u0130stanbul kap\u0131lar\u0131n\u0131 b\u00fcy\u00fck bir co\u015fku ve heyecan i\u00e7inde 17. Kez a\u00e7t\u0131. <strong>\u0130stanbul Fuar Merkezi\u2019nin 2-4-5-6-7 ve 8. salonlar\u0131<\/strong>nda <strong>400\u2019e yak\u0131n firma<\/strong> ve binlerce nitelikli ziyaret\u00e7iyle bulu\u015fan y\u0131l\u0131n en prestijli etkinli\u011fi, sekt\u00f6rdeki en son yenilikleri ve ileriye d\u00f6n\u00fck stratejileri payla\u015fmak i\u00e7in bir araya geldi. \u0130zdiham i\u00e7inde kap\u0131lar\u0131n\u0131 a\u00e7an SolarEX \u0130stanbul yerli ve yabanc\u0131 kat\u0131l\u0131mc\u0131lar\u0131n b\u00fcy\u00fck ilgisini \u00e7ekti.<\/p>\n<h3><strong>A\u00e7\u0131l\u0131\u015f\u0131 \u00d6nemli \u0130simler Yapt\u0131, Fuar 3 G\u00fcn S\u00fcrecek<\/strong><\/h3>\n<p>SolarEX \u0130stanbul\u2019un a\u00e7\u0131l\u0131\u015f\u0131 Proje Y\u00f6neticisi Yasemin Terle\u2019nin konu\u015fmas\u0131yla ba\u015flad\u0131. A\u00e7\u0131l\u0131\u015fta; \u0130stanbul Vali Yard\u0131mc\u0131s\u0131 Cengiz Karabulut, TEDA\u015e Genel M\u00fcd\u00fcr\u00fc \u00d6mer Sami Yap\u0131c\u0131 ve yenilenebilir enerji sekt\u00f6r\u00fc; ENS\u0130A, GENSED, G\u00dcNDER, G\u00dcNE\u015eDER, SOLAR 3GW dernek ba\u015fkanlar\u0131 yer ald\u0131. A\u00e7\u0131l\u0131\u015f konu\u015fmalar\u0131nda \u00f6ne \u00e7\u0131kan ortak mesaj, bu fuar\u0131n yaln\u0131zca bir sergi alan\u0131 de\u011fil, ayn\u0131 zamanda sekt\u00f6r\u00fcn gelece\u011fine y\u00f6n veren stratejik bir bulu\u015fma noktas\u0131 oldu\u011fuydu. Yenilenebilir enerji, batarya teknolojileri, ak\u0131ll\u0131 \u015febekeler ve enerji verimlili\u011fi gibi alanlarda ya\u015fanan d\u00f6n\u00fc\u015f\u00fcm\u00fcn, SolarEX \u0130stanbul sayesinde daha g\u00f6r\u00fcn\u00fcr, daha eri\u015filebilir hale geldi\u011fi vurgulad\u0131.<\/p>\n<h3><strong>Fuar\u0131n \u0130lk G\u00fcn\u00fc Konferans Program\u0131yla da Dikkat \u00c7ekti<\/strong><\/h3>\n<p>SolarEX \u0130stanbul\u2019la e\u015f zamanl\u0131 ger\u00e7ekle\u015fen ve \u00fc\u00e7 ayr\u0131 salonda simultane alt yap\u0131s\u0131 ile canl\u0131 yay\u0131nlanan konferans oturumlar\u0131; i\u00e7erik zenginli\u011fi ve profesyonel yakla\u015f\u0131m\u0131yla kat\u0131l\u0131mc\u0131lardan tam not ald\u0131. Sekt\u00f6r\u00fcn farkl\u0131 alanlar\u0131na \u0131\u015f\u0131k tutan oturumlar, bilgi payla\u015f\u0131m\u0131n\u0131n yan\u0131 s\u0131ra, g\u00fc\u00e7l\u00fc i\u015f ba\u011flant\u0131lar\u0131n\u0131n kurulmas\u0131na da zemin haz\u0131rlad\u0131.<\/p>\n<p>YEKDEM Destekli Lisanss\u0131z GES, T\u00fcrkiye\u2019de Tar\u0131mGES, MeskenGES, Elektrikli Ara\u00e7 \u015earj A\u011flar\u0131, Yenilenebilir Enerji, Yerel Y\u00f6netimlerin Enerji Vizyonu, G\u00fcne\u015f Enerjisinde Yat\u0131r\u0131mlar, Mevzuatlar, Bataryalar\u0131n \u00c7evresel Etkisi, Reg\u00fclasyon Altyap\u0131s\u0131, Gelir Modelleri, Depolama \u00c7\u00f6z\u00fcmleri ve bir\u00e7ok ba\u015fl\u0131k, alan\u0131nda uzman konu\u015fmac\u0131lar\u0131n sunumlar\u0131yla ele al\u0131nd\u0131.<\/p>\n<p>Yo\u011fun ilgi g\u00f6ren konferans oturumlar\u0131 ve firma seminerleri fuar\u0131n ikinci g\u00fcn\u00fcnde de h\u0131z kesmeden devam edecek.<\/p>\n<h3><strong>\u00c7ATIGES Yar\u0131\u015fmas\u0131 B\u00fcy\u00fck Heyecan Yaratt\u0131<\/strong><\/h3>\n<p>Bu y\u0131l fuar program\u0131na ilk kez eklenen ve ISOTEC sponsorlu\u011funda ger\u00e7ekle\u015ftirilen \u00c7ATIGES yar\u0131\u015fmas\u0131 yo\u011fun ilgi g\u00f6rd\u00fc. Yar\u0131\u015fmaya kat\u0131lan firmalar, saha uygulamalar\u0131ndaki h\u0131z, do\u011fruluk ve teknik yetkinliklerini sergileyerek rekabet ederken; izleyiciler ger\u00e7ek zamanl\u0131 panel kurulum performans\u0131na tan\u0131kl\u0131k etti. \u00c7ATIGES yar\u0131\u015fmas\u0131 fuar\u0131n ikinci g\u00fcn\u00fcnde farkl\u0131 ekiplerin yar\u0131\u015fmas\u0131yla devam edecek, final kar\u015f\u0131la\u015fmas\u0131 ise fuar\u0131n son g\u00fcn\u00fc yap\u0131lacak.<\/p>\n<h3><strong>D\u00fcnyan\u0131n Enerjisi SolarEX \u0130stanbul\u2019da!<\/strong><\/h3>\n<p>Sekt\u00f6r\u00fcn \u00f6nc\u00fc isimleriyle tan\u0131\u015fmak, yeni teknolojileri ke\u015ffetmek ve i\u015f birli\u011fi f\u0131rsatlar\u0131n\u0131 de\u011ferlendirmek i\u00e7in harika bir f\u0131rsat sunan SolarEX \u0130stanbul\u2019a kat\u0131larak bu e\u015fsiz bulu\u015fman\u0131n bir par\u00e7as\u0131 olmak i\u00e7in sizleri de fuar\u0131m\u0131za bekliyoruz.<\/p>\n<p>E bilet, konferans programlar\u0131 ve detayl\u0131 bilgi i\u00e7in: <a href=\"https:\/\/solarexistanbul.com\/\" target=\"_blank\" rel=\"noopener\">www.solarexistanbul.com<\/a>\u00a0adresini ziyaret edebilirsiniz.<\/p>","protected":false},"excerpt":{"rendered":"<p>Sorry, this entry is only available in Turkish. For the sake of viewer convenience, the content is shown below in the alternative language. You may click the link to switch the active language. T\u00fcrkiye\u2019nin ilk ve tek uluslararas\u0131 g\u00fcne\u015f enerjisi teknolojileri ve depolama fuar\u0131 olarak sekt\u00f6r\u00fcnde d\u00fcnyan\u0131n en b\u00fcy\u00fck ilk 3 fuar\u0131 aras\u0131nda yer alan [&hellip;]<\/p>\n","protected":false},"author":1,"featured_media":196684,"comment_status":"open","ping_status":"open","sticky":false,"template":"","format":"standard","meta":[],"categories":[53,49],"tags":[116550,15900,2206,3878,2207],"views":17,"_links":{"self":[{"href":"https:\/\/www.enerjigazetesi.ist\/en\/wp-json\/wp\/v2\/posts\/196681"}],"collection":[{"href":"https:\/\/www.enerjigazetesi.ist\/en\/wp-json\/wp\/v2\/posts"}],"about":[{"href":"https:\/\/www.enerjigazetesi.ist\/en\/wp-json\/wp\/v2\/types\/post"}],"author":[{"embeddable":true,"href":"https:\/\/www.enerjigazetesi.ist\/en\/wp-json\/wp\/v2\/users\/1"}],"replies":[{"embeddable":true,"href":"https:\/\/www.enerjigazetesi.ist\/en\/wp-json\/wp\/v2\/comments?post=196681"}],"version-history":[{"count":0,"href":"https:\/\/www.enerjigazetesi.ist\/en\/wp-json\/wp\/v2\/posts\/196681\/revisions"}],"wp:featuredmedia":[{"embeddable":true,"href":"https:\/\/www.enerjigazetesi.ist\/en\/wp-json\/wp\/v2\/media\/196684"}],"wp:attachment":[{"href":"https:\/\/www.enerjigazetesi.ist\/en\/wp-json\/wp\/v2\/media?parent=196681"}],"wp:term":[{"taxonomy":"category","embeddable":true,"href":"https:\/\/www.enerjigazetesi.ist\/en\/wp-json\/wp\/v2\/categories?post=196681"},{"taxonomy":"post_tag","embeddable":true,"href":"https:\/\/www.enerjigazetesi.ist\/en\/wp-json\/wp\/v2\/tags?post=196681"}],"curies":[{"name":"wp","href":"https:\/\/api.w.org\/{rel}","templated":true}]}}