{"id":196572,"date":"2025-04-08T13:33:46","date_gmt":"2025-04-08T10:33:46","guid":{"rendered":"https:\/\/www.enerjigazetesi.ist\/?p=196572"},"modified":"2025-04-08T15:00:54","modified_gmt":"2025-04-08T12:00:54","slug":"yesil-donusum-tercih-degil-zorunluluktur-2","status":"publish","type":"post","link":"https:\/\/www.enerjigazetesi.ist\/en\/yesil-donusum-tercih-degil-zorunluluktur-2\/","title":{"rendered":"(Turkish) Ye\u015fil D\u00f6n\u00fc\u015f\u00fcm Tercih De\u011fil, Zorunluluktur"},"content":{"rendered":"<p class=\"qtranxs-available-languages-message qtranxs-available-languages-message-en\">Sorry, this entry is only available in <a href=\"https:\/\/www.enerjigazetesi.ist\/tr\/wp-json\/wp\/v2\/posts\/196572\" class=\"qtranxs-available-language-link qtranxs-available-language-link-tr\" title=\"Turkish\">Turkish<\/a>. For the sake of viewer convenience, the content is shown below in the alternative language. You may click the link to switch the active language.<\/p><p><\/p>\n<h2>Ege Gen\u00e7 \u0130\u015f \u0130nsanlar\u0131 Derne\u011fi (EG\u0130AD), s\u00fcrd\u00fcr\u00fclebilirlik ekseninde i\u015f d\u00fcnyas\u0131n\u0131 d\u00f6n\u00fc\u015ft\u00fcrme misyonu do\u011frultusunda \u00f6nemli bir etkinli\u011fe daha imza att\u0131. EG\u0130AD ev sahipli\u011finde, Ye\u015fil D\u00f6n\u00fc\u015f\u00fcm Dan\u0131\u015fman\u0131 ve Birle\u015fmi\u015f Milletler Enerji D\u00f6n\u00fc\u015f\u00fcm\u00fc M\u00fchendisler Konseyi (CEET) \u00dcyesi Selen \u0130nal\u2019\u0131n kat\u0131l\u0131m\u0131yla d\u00fczenlenen \u201cYe\u015fil D\u00f6n\u00fc\u015f\u00fcmde G\u00fcncel Geli\u015fmeler\u201d semineri, i\u015f d\u00fcnyas\u0131 temsilcilerinin yo\u011fun ilgisiyle dernek merkezinde ger\u00e7ekle\u015ftirildi.<\/h2>\n<p>K\u00fcresel \u00f6l\u00e7ekte artan \u00e7evresel tehditler, enerji krizleri, kaynak k\u0131tl\u0131\u011f\u0131 ve iklim de\u011fi\u015fikli\u011fi gibi kritik meseleler; g\u00fcn\u00fcm\u00fczde yaln\u0131zca ekolojik de\u011fil, ayn\u0131 zamanda ekonomik ve sosyal riskleri de beraberinde getirmekte. \u0130\u015fletmeler, artan girdi maliyetleri, tedarik zinciri aksamalar\u0131 ve finansmana eri\u015fimde ya\u015fanan zorluklarla kar\u015f\u0131 kar\u015f\u0131ya kal\u0131rken; s\u00fcrd\u00fcr\u00fclebilirlik ilkelerini merkezine alan i\u015f modelleri giderek daha fazla \u00f6n plana \u00e7\u0131kmakta. Bu kapsamda \u00e7al\u0131\u015fmalar\u0131n\u0131 s\u00fcrd\u00fcren EG\u0130AD, s\u00fcrd\u00fcr\u00fclebilirlik vizyonu do\u011frultusunda ye\u015fil d\u00f6n\u00fc\u015f\u00fcm konusunda fark\u0131ndal\u0131k yaratmay\u0131, i\u015f d\u00fcnyas\u0131nda d\u00f6n\u00fc\u015f\u00fcme \u00f6nc\u00fcl\u00fck etmeyi ve gen\u00e7 giri\u015fimcileri bu alana y\u00f6nlendirmeyi ama\u00e7lamakta.<\/p>\n<div id=\"attachment_196576\" style=\"width: 510px\" class=\"wp-caption aligncenter\"><img aria-describedby=\"caption-attachment-196576\" loading=\"lazy\" class=\"wp-image-196576\" src=\"https:\/\/www.enerjigazetesi.ist\/wp-content\/uploads\/2025\/04\/yesil-donusum-tercih-degil-zorunluluktur-1.jpg\" alt=\"\" width=\"500\" height=\"425\" srcset=\"https:\/\/www.enerjigazetesi.ist\/wp-content\/uploads\/2025\/04\/yesil-donusum-tercih-degil-zorunluluktur-1.jpg 550w, https:\/\/www.enerjigazetesi.ist\/wp-content\/uploads\/2025\/04\/yesil-donusum-tercih-degil-zorunluluktur-1-300x255.jpg 300w, https:\/\/www.enerjigazetesi.ist\/wp-content\/uploads\/2025\/04\/yesil-donusum-tercih-degil-zorunluluktur-1-471x400.jpg 471w, https:\/\/www.enerjigazetesi.ist\/wp-content\/uploads\/2025\/04\/yesil-donusum-tercih-degil-zorunluluktur-1-59x50.jpg 59w, https:\/\/www.enerjigazetesi.ist\/wp-content\/uploads\/2025\/04\/yesil-donusum-tercih-degil-zorunluluktur-1-500x425.jpg 500w\" sizes=\"(max-width: 500px) 100vw, 500px\" \/><p id=\"caption-attachment-196576\" class=\"wp-caption-text\">EG\u0130AD Y\u00f6netim Kurulu Ba\u015fkan\u0131 Kaan \u00d6zhelvac\u0131<\/p><\/div>\n<p>Etkinli\u011fin a\u00e7\u0131l\u0131\u015f konu\u015fmas\u0131n\u0131 ger\u00e7ekle\u015ftiren <strong>EG\u0130AD Y\u00f6netim Kurulu Ba\u015fkan\u0131 Kaan \u00d6zhelvac\u0131<\/strong>, g\u00fcn\u00fcm\u00fczde \u00e7evresel, ekonomik ve sosyal risklerin derinle\u015fti\u011fine dikkat \u00e7ekerek \u015fu ifadeleri kulland\u0131: <em>\u201cEkonomik istikrars\u0131zl\u0131k, \u00e7evresel y\u0131k\u0131m, derinle\u015fen sosyal e\u015fitsizlikler ve etik yozla\u015fmalar zaman\u0131m\u0131z\u0131n belirleyici zorluklar\u0131 haline geldi.\u201d<\/em><\/p>\n<p>S\u00fcrd\u00fcr\u00fclebilirli\u011fi merkeze almayan i\u015f modellerinin art\u0131k rekabet \u015fans\u0131 kalmad\u0131\u011f\u0131n\u0131 vurgulayan \u00d6zhelvac\u0131, <em>\u201cYe\u015fil d\u00f6n\u00fc\u015f\u00fcm art\u0131k sadece \u00e7evresel de\u011fil, ekonomik geli\u015fmenin de itici g\u00fcc\u00fc\u201d<\/em> s\u00f6zleriyle s\u00fcrecin i\u015f d\u00fcnyas\u0131 i\u00e7in \u00f6nemli f\u0131rsatlar sundu\u011funa dikkat \u00e7ekti. Bu d\u00f6n\u00fc\u015f\u00fcm\u00fcn yaln\u0131zca riskleri azaltmakla kalmay\u0131p, ayn\u0131 zamanda yenilik ve rekabet avantaj\u0131 sa\u011flayan stratejik bir ara\u00e7 oldu\u011funu ifade etti.<\/p>\n<h3><strong>\u201cGelece\u011fin D\u00fcnyas\u0131n\u0131 Kuracak Olan Biz Gen\u00e7leriz\u201d<\/strong><\/h3>\n<p>\u201cYe\u015fil d\u00f6n\u00fc\u015f\u00fcm, yani \u00e7evresel etkileri en aza indirerek \u00fcretim ve t\u00fcketim modellerini yeniden kurgulamak, art\u0131k bir tercih de\u011fil, bir zorunluluktur\u201d diyen EG\u0130AD Y\u00f6netim Kurulu Ba\u015fkan\u0131 Kaan \u00d6zhelvac\u0131, konu\u015fmas\u0131nda mevcut k\u00fcresel tabloya ve liderlik eksikliklerine de\u011finerek \u015f\u00f6yle konu\u015ftu: <em>\u201cEkonomik istikrars\u0131zl\u0131k, \u00e7evresel y\u0131k\u0131m, derinle\u015fen sosyal e\u015fitsizlikler ve yayg\u0131n etik yozla\u015fmalar, zaman\u0131m\u0131z\u0131n belirleyici zorluklar\u0131 haline gelmi\u015ftir. Ancak bunlar\u0131n yaln\u0131zca tesad\u00fcflerin sonucu oldu\u011funu s\u00f6ylemek m\u00fcmk\u00fcn de\u011fil. Bug\u00fcn kar\u015f\u0131 kar\u015f\u0131ya oldu\u011fumuz bu tablo, i\u015f d\u00fcnyas\u0131n\u0131n, siyasetin ve toplumun en \u00fcst d\u00fczeylerinde de\u011ferlere dayal\u0131 liderli\u011fin yetersizli\u011finin do\u011frudan bir sonucudur. Biz gen\u00e7 i\u015f insanlar\u0131na d\u00fc\u015fen g\u00f6rev, yaln\u0131zca bug\u00fcn\u00fcn de\u011fil, yar\u0131n\u0131n da liderli\u011fine haz\u0131rlanmak. Daha adil, daha \u00e7evreci ve daha diren\u00e7li bir ekonomiyi in\u015fa etme sorumlulu\u011fu omuzlar\u0131m\u0131zda.\u201d<\/em><\/p>\n<h3><strong>Ye\u015fil D\u00f6n\u00fc\u015f\u00fcm, EG\u0130AD\u2019\u0131n Stratejik \u00d6nceli\u011fi<\/strong><\/h3>\n<p>EG\u0130AD 18. Y\u00f6netim D\u00f6nemi\u2019nin stratejik hedeflerinden birinin ye\u015fil d\u00f6n\u00fc\u015f\u00fcm oldu\u011funu belirten \u00d6zhelvac\u0131, bu alanda \u00fcyelerin bilgi edinmesi, i\u015f modellerini d\u00f6n\u00fc\u015ft\u00fcrmesi ve s\u00fcrd\u00fcr\u00fclebilir \u00e7\u00f6z\u00fcmler \u00fcretmesi i\u00e7in kapsaml\u0131 \u00e7al\u0131\u015fmalar y\u00fcr\u00fctt\u00fcklerini ifade ederek, <em>\u201cDerne\u011fimizin 18. Y\u00f6netim D\u00f6nemi\u2019nde ye\u015fil d\u00f6n\u00fc\u015f\u00fcm\u00fc \u00f6ncelikli alanlar\u0131m\u0131zdan biri olarak belirledik. EG\u0130AD sayesinde \u00fcyelerimizin, d\u00fcnyan\u0131n s\u00fcrd\u00fcr\u00fclebilirli\u011fine katk\u0131 sa\u011flayacak projeler geli\u015ftirmesi en b\u00fcy\u00fck dile\u011fimiz\u201d<\/em> dedi.<\/p>\n<p>\u00d6zhelvac\u0131, EG\u0130AD\u2019\u0131n ye\u015fil d\u00f6n\u00fc\u015f\u00fcmde \u00f6nc\u00fc olma vizyonuna vurgu yaparak, ye\u015fil d\u00f6n\u00fc\u015f\u00fcm\u00fcn yaln\u0131zca risklere kar\u015f\u0131 bir savunma mekanizmas\u0131 de\u011fil, ayn\u0131 zamanda yeni nesil giri\u015fimciler i\u00e7in \u00f6nemli f\u0131rsatlar bar\u0131nd\u0131ran bir d\u00f6n\u00fc\u015f\u00fcm oldu\u011funu belirtti. \u00d6zhelvac\u0131 <em>\u201cTemiz enerji yat\u0131r\u0131mlar\u0131, d\u00f6ng\u00fcsel ekonomi \u00e7\u00f6z\u00fcmleri, ye\u015fil teknolojiler ve s\u00fcrd\u00fcr\u00fclebilir markala\u015fma; yeni nesil giri\u015fimciler i\u00e7in b\u00fcy\u00fck potansiyel alanlar sunuyor\u201d<\/em> diye konu\u015ftu.<\/p>\n<h3><strong>\u015eirketler Gecikmeden Ye\u015fil D\u00f6n\u00fc\u015f\u00fcm i\u00e7in Somut Projeler \u00dcretmeli<\/strong><\/h3>\n<div id=\"attachment_196575\" style=\"width: 510px\" class=\"wp-caption aligncenter\"><img aria-describedby=\"caption-attachment-196575\" loading=\"lazy\" class=\"wp-image-196575\" src=\"https:\/\/www.enerjigazetesi.ist\/wp-content\/uploads\/2025\/04\/yesil-donusum-tercih-degil-zorunluluktur-2.jpg\" alt=\"\" width=\"500\" height=\"361\" srcset=\"https:\/\/www.enerjigazetesi.ist\/wp-content\/uploads\/2025\/04\/yesil-donusum-tercih-degil-zorunluluktur-2.jpg 550w, https:\/\/www.enerjigazetesi.ist\/wp-content\/uploads\/2025\/04\/yesil-donusum-tercih-degil-zorunluluktur-2-300x217.jpg 300w, https:\/\/www.enerjigazetesi.ist\/wp-content\/uploads\/2025\/04\/yesil-donusum-tercih-degil-zorunluluktur-2-500x361.jpg 500w, https:\/\/www.enerjigazetesi.ist\/wp-content\/uploads\/2025\/04\/yesil-donusum-tercih-degil-zorunluluktur-2-69x50.jpg 69w\" sizes=\"(max-width: 500px) 100vw, 500px\" \/><p id=\"caption-attachment-196575\" class=\"wp-caption-text\">Ye\u015fil D\u00f6n\u00fc\u015f\u00fcm Dan\u0131\u015fman\u0131 ve Birle\u015fmi\u015f Milletler Enerji D\u00f6n\u00fc\u015f\u00fcm\u00fc M\u00fchendisler Konseyi (CEET) \u00dcyesi Selen \u0130nal<\/p><\/div>\n<p>Seminer kapsam\u0131nda <strong>Selen \u0130nal\u2019\u0131n<\/strong> deneyimlerini payla\u015ft\u0131\u011f\u0131 etkinlikte, ulusal ve uluslararas\u0131 d\u00fczeyde ye\u015fil d\u00f6n\u00fc\u015f\u00fcm politikalar\u0131, Avrupa Ye\u015fil Mutabakat\u0131\u2019n\u0131n i\u015f d\u00fcnyas\u0131na etkileri, karbon ayak izi, enerji verimlili\u011fi ve \u00e7evresel reg\u00fclasyonlar hakk\u0131nda kapsaml\u0131 bilgiler aktar\u0131ld\u0131.<\/p>\n<p>\u0130nal, yapt\u0131\u011f\u0131 sunumda Avrupa Birli\u011fi\u2019nin Ye\u015fil Mutabakat\u0131 ve yeni s\u00fcrd\u00fcr\u00fclebilirlik raporlama d\u00fczenlemelerinin T\u00fcrk \u015firketlerine olas\u0131 etkilerini de\u011ferlendirdi. Ye\u015fil d\u00f6n\u00fc\u015f\u00fcm\u00fcn art\u0131k yaln\u0131zca \u00e7evreyi koruma sorumlulu\u011fu olmaktan \u00e7\u0131kt\u0131\u011f\u0131n\u0131 vurgulayan \u0130nal, bu s\u00fcrecin ayn\u0131 zamanda ticari rekabet, yat\u0131r\u0131m \u00e7ekme kapasitesi ve maliyet y\u00f6netimi a\u00e7\u0131s\u0131ndan stratejik bir zorunlulu\u011fa d\u00f6n\u00fc\u015ft\u00fc\u011f\u00fcn\u00fc ifade etti.<\/p>\n<p>T\u00fcrkiye\u2019de s\u00fcrd\u00fcr\u00fclebilirlik kriterlerine uyum sa\u011flamayan firmalar\u0131n, \u00f6zellikle ihracat ve finansmana eri\u015fim a\u00e7\u0131s\u0131ndan \u00f6nemli dezavantajlarla kar\u015f\u0131 kar\u015f\u0131ya kalabilece\u011fini belirtti. Bu ba\u011flamda \u0130nal, ba\u015fta KOB\u0130\u2019ler olmak \u00fczere t\u00fcm i\u015fletmelerin Avrupa Birli\u011fi destekli finansman ara\u00e7lar\u0131ndan ve s\u00fcrd\u00fcr\u00fclebilirlik ba\u011flant\u0131l\u0131 kredi imk\u00e2nlar\u0131ndan etkin bi\u00e7imde yararlanmalar\u0131n\u0131n b\u00fcy\u00fck \u00f6nem ta\u015f\u0131d\u0131\u011f\u0131n\u0131 s\u00f6yledi.<\/p>\n<p>Elektrik fiyatlar\u0131ndaki art\u0131\u015f, karbon d\u00fczenlemeleri ve ye\u015fil finansman alan\u0131ndaki g\u00fcncel trendler sunumun \u00f6ne \u00e7\u0131kan ba\u015fl\u0131klar\u0131 aras\u0131nda yer ald\u0131. \u0130nal, \u015firketlerin art\u0131k yaln\u0131zca uzun vadeli hedefler belirlemekle yetinmeyerek, d\u00f6n\u00fc\u015f\u00fcm\u00fc somut projelerle hayata ge\u00e7irmesi gerekti\u011fini ifade etti.<\/p>\n<p>Etkinli\u011fin sonunda EG\u0130AD Y\u00f6netim Kurulu Ba\u015fkan\u0131 Kaan \u00d6zhelvac\u0131, katk\u0131lar\u0131ndan dolay\u0131 Selen \u0130nal\u2019a ve etkinli\u011fi organize eden Sanayi ve S\u00fcrd\u00fcr\u00fclebilirlik Komisyonu\u2019na te\u015fekk\u00fcr ederek, bu alandaki \u00e7al\u0131\u015fmalar\u0131n kararl\u0131l\u0131kla s\u00fcrd\u00fcr\u00fclece\u011fini belirtti.<\/p>","protected":false},"excerpt":{"rendered":"<p>Sorry, this entry is only available in Turkish. For the sake of viewer convenience, the content is shown below in the alternative language. You may click the link to switch the active language. Ege Gen\u00e7 \u0130\u015f \u0130nsanlar\u0131 Derne\u011fi (EG\u0130AD), s\u00fcrd\u00fcr\u00fclebilirlik ekseninde i\u015f d\u00fcnyas\u0131n\u0131 d\u00f6n\u00fc\u015ft\u00fcrme misyonu do\u011frultusunda \u00f6nemli bir etkinli\u011fe daha imza att\u0131. EG\u0130AD ev sahipli\u011finde, [&hellip;]<\/p>\n","protected":false},"author":1,"featured_media":196574,"comment_status":"open","ping_status":"open","sticky":false,"template":"","format":"standard","meta":[],"categories":[53,52],"tags":[59503,59515,116512,5271,116513,1296,2482,11887],"views":21,"_links":{"self":[{"href":"https:\/\/www.enerjigazetesi.ist\/en\/wp-json\/wp\/v2\/posts\/196572"}],"collection":[{"href":"https:\/\/www.enerjigazetesi.ist\/en\/wp-json\/wp\/v2\/posts"}],"about":[{"href":"https:\/\/www.enerjigazetesi.ist\/en\/wp-json\/wp\/v2\/types\/post"}],"author":[{"embeddable":true,"href":"https:\/\/www.enerjigazetesi.ist\/en\/wp-json\/wp\/v2\/users\/1"}],"replies":[{"embeddable":true,"href":"https:\/\/www.enerjigazetesi.ist\/en\/wp-json\/wp\/v2\/comments?post=196572"}],"version-history":[{"count":0,"href":"https:\/\/www.enerjigazetesi.ist\/en\/wp-json\/wp\/v2\/posts\/196572\/revisions"}],"wp:featuredmedia":[{"embeddable":true,"href":"https:\/\/www.enerjigazetesi.ist\/en\/wp-json\/wp\/v2\/media\/196574"}],"wp:attachment":[{"href":"https:\/\/www.enerjigazetesi.ist\/en\/wp-json\/wp\/v2\/media?parent=196572"}],"wp:term":[{"taxonomy":"category","embeddable":true,"href":"https:\/\/www.enerjigazetesi.ist\/en\/wp-json\/wp\/v2\/categories?post=196572"},{"taxonomy":"post_tag","embeddable":true,"href":"https:\/\/www.enerjigazetesi.ist\/en\/wp-json\/wp\/v2\/tags?post=196572"}],"curies":[{"name":"wp","href":"https:\/\/api.w.org\/{rel}","templated":true}]}}