{"id":196544,"date":"2025-04-08T11:17:52","date_gmt":"2025-04-08T08:17:52","guid":{"rendered":"https:\/\/www.enerjigazetesi.ist\/?p=196544"},"modified":"2025-04-08T11:17:52","modified_gmt":"2025-04-08T08:17:52","slug":"turkiyede-res-ve-ges-yatirimlari-doludizgin-suruyor","status":"publish","type":"post","link":"https:\/\/www.enerjigazetesi.ist\/en\/turkiyede-res-ve-ges-yatirimlari-doludizgin-suruyor\/","title":{"rendered":"(Turkish) T\u00fcrkiye\u2019de RES ve GES Yat\u0131r\u0131mlar\u0131 Doludizgin S\u00fcr\u00fcyor"},"content":{"rendered":"<p class=\"qtranxs-available-languages-message qtranxs-available-languages-message-en\">Sorry, this entry is only available in <a href=\"https:\/\/www.enerjigazetesi.ist\/tr\/wp-json\/wp\/v2\/posts\/196544\" class=\"qtranxs-available-language-link qtranxs-available-language-link-tr\" title=\"Turkish\">Turkish<\/a>. For the sake of viewer convenience, the content is shown below in the alternative language. You may click the link to switch the active language.<\/p><p><\/p>\n<h2><strong>T\u00fcrkiye Elektrik \u0130letim Anonim \u015eirketi\u2019nin\u00a0<\/strong><strong>(TE\u0130A\u015e) a\u00e7\u0131klad\u0131\u011f\u0131 son verilere g\u00f6re Mart ay\u0131 sonu itibar\u0131yla elektrik \u00fcretiminde r\u00fczgar enerjisi y\u00fczde 10,4\u2019l\u00fck, g\u00fcne\u015f enerjisi ise y\u00fczde 7,3\u2019l\u00fck paya ula\u015ft\u0131. Toplam kurulu g\u00fc\u00e7te yenilenebilir enerji kaynaklar\u0131n\u0131n pay\u0131 \u00f6ng\u00f6r\u00fclerle uyumlu \u015fekilde artarken r\u00fczgar ve g\u00fcne\u015f enerjisinin y\u00fckseli\u015fi devam etti.<\/strong><\/h2>\n<p style=\"text-align: center;\"><img loading=\"lazy\" class=\"aligncenter wp-image-196547\" src=\"https:\/\/www.enerjigazetesi.ist\/wp-content\/uploads\/2025\/04\/turkiyede-res-ve-ges-yatirimlari-doludizgin-suruyor.jpg\" alt=\"\" width=\"500\" height=\"346\" srcset=\"https:\/\/www.enerjigazetesi.ist\/wp-content\/uploads\/2025\/04\/turkiyede-res-ve-ges-yatirimlari-doludizgin-suruyor.jpg 550w, https:\/\/www.enerjigazetesi.ist\/wp-content\/uploads\/2025\/04\/turkiyede-res-ve-ges-yatirimlari-doludizgin-suruyor-300x208.jpg 300w, https:\/\/www.enerjigazetesi.ist\/wp-content\/uploads\/2025\/04\/turkiyede-res-ve-ges-yatirimlari-doludizgin-suruyor-500x346.jpg 500w, https:\/\/www.enerjigazetesi.ist\/wp-content\/uploads\/2025\/04\/turkiyede-res-ve-ges-yatirimlari-doludizgin-suruyor-72x50.jpg 72w\" sizes=\"(max-width: 500px) 100vw, 500px\" \/><\/p>\n<p>T\u00fcrkiye enerji sekt\u00f6r\u00fc s\u00fcrd\u00fcr\u00fclebilir b\u00fcy\u00fcme ve ye\u015fil d\u00f6n\u00fc\u015f\u00fcm yolunda emin ad\u0131mlarla ilerliyor. TE\u0130A\u015e\u2019\u0131n a\u00e7\u0131klad\u0131\u011f\u0131 Mart ay\u0131 verilerinde yenilenebilir enerji kaynaklar\u0131n\u0131n y\u00fckselen pay\u0131 de dikkat \u00e7ekti. Bu kapsamda elektrik \u00fcretiminde r\u00fczgar enerjisi y\u00fczde 10,4\u2019l\u00fck, g\u00fcne\u015f enerjisi ise y\u00fczde 7,3\u2019l\u00fck paya ula\u015ft\u0131.<\/p>\n<div id=\"attachment_196548\" style=\"width: 510px\" class=\"wp-caption aligncenter\"><img aria-describedby=\"caption-attachment-196548\" loading=\"lazy\" class=\"wp-image-196548\" src=\"https:\/\/www.enerjigazetesi.ist\/wp-content\/uploads\/2025\/04\/turkiyede-res-ve-ges-yatirimlari-doludizgin-suruyor-1.jpg\" alt=\"\" width=\"500\" height=\"380\" srcset=\"https:\/\/www.enerjigazetesi.ist\/wp-content\/uploads\/2025\/04\/turkiyede-res-ve-ges-yatirimlari-doludizgin-suruyor-1.jpg 550w, https:\/\/www.enerjigazetesi.ist\/wp-content\/uploads\/2025\/04\/turkiyede-res-ve-ges-yatirimlari-doludizgin-suruyor-1-300x228.jpg 300w, https:\/\/www.enerjigazetesi.ist\/wp-content\/uploads\/2025\/04\/turkiyede-res-ve-ges-yatirimlari-doludizgin-suruyor-1-500x380.jpg 500w, https:\/\/www.enerjigazetesi.ist\/wp-content\/uploads\/2025\/04\/turkiyede-res-ve-ges-yatirimlari-doludizgin-suruyor-1-66x50.jpg 66w\" sizes=\"(max-width: 500px) 100vw, 500px\" \/><p id=\"caption-attachment-196548\" class=\"wp-caption-text\">Eksim Enerji CEO\u2019su Ark\u0131n Akbay<\/p><\/div>\n<p>Konuya ili\u015fkin de\u011ferlendirmelerde bulunan\u00a0<strong>Eksim Enerji CEO\u2019su Ark\u0131n Akbay<\/strong>, <em>\u201cYenilenebilir enerjinin toplam elektrik \u00fcretimi i\u00e7erisindeki pay\u0131n\u0131n artmas\u0131, enerjide d\u0131\u015fa ba\u011f\u0131ml\u0131l\u0131\u011f\u0131m\u0131z\u0131n azalt\u0131lmas\u0131n\u0131 sa\u011flarken toplumsal ve \u00e7evresel s\u00fcrd\u00fcr\u00fclebilirli\u011fe birinci dereceden destek veriyor. Mart ay\u0131 sonu itibar\u0131yla T\u00fcrkiye\u2019nin kurulu g\u00fcc\u00fc 117.885 MW\u2019a ula\u015f\u0131rken bu rakam\u0131n i\u00e7erisinde y\u00fczde 11,2\u2019lik pay\u0131 r\u00fczgar ve y\u00fczde 17,8\u2019lik pay\u0131 ise g\u00fcne\u015f enerjisi santrallerinin alm\u0131\u015f olmas\u0131 ortalama enerji maliyetlerimizi iyile\u015ftirme yolunda h\u0131zla ilerledi\u011fimizi ortaya koyuyor. Bu a\u00e7\u0131dan bakt\u0131\u011f\u0131m\u0131zda enerji kaynaklar\u0131na dayal\u0131 cari a\u00e7\u0131\u011f\u0131m\u0131z\u0131n azalmas\u0131nda r\u00fczgar ve g\u00fcne\u015f santralleri en \u00f6nemli akt\u00f6r olarak \u00f6ne \u00e7\u0131k\u0131yor\u201d<\/em> dedi.<\/p>\n<h3><strong>Sa\u011fl\u0131kl\u0131 G\u0131da \u0130\u00e7in de Temiz Enerji \u015eart!<\/strong><\/h3>\n<p>\u0130klim de\u011fi\u015fikli\u011finin olumsuz etkilerinin tersine \u00e7evirmek i\u00e7in kaynaklar\u0131n \u00f6zenle korunmas\u0131 gerekti\u011fine vurgu yapan Akbay, <em>\u201c\u00dcretken tar\u0131m ile sa\u011fl\u0131kl\u0131 g\u0131daya ula\u015f\u0131labilirli\u011fi art\u0131rmak ve en nihayetinde \u00fclke refah\u0131m\u0131z\u0131n art\u0131\u015f\u0131n\u0131 sa\u011flamak i\u00e7in en do\u011fru b\u00f6lgelerde g\u00fcne\u015f ve r\u00fczgar enerjisinden fayda sa\u011fl\u0131yoruz. Eksim Enerji olarak T\u00fcrkiye\u2019nin her b\u00f6lgesindeki yat\u0131r\u0131mlar\u0131m\u0131zla 2035 yenilenebilir enerji kaynaklar\u0131 ve 2053 net s\u0131f\u0131r emisyon hedeflerine verimli \u00fcretim kaynaklar\u0131m\u0131zla katk\u0131 sa\u011fl\u0131yor, \u2018Yeteri Kadar\u2019 diyerek ihtiyac\u0131m\u0131z\u0131n \u00f6tesinde t\u00fcketimin kar\u015f\u0131s\u0131nda duruyoruz\u201d<\/em> dedi.<\/p>\n<h3><strong>GES\u2019lerin Say\u0131s\u0131 30 Bini Ge\u00e7ti<\/strong><\/h3>\n<p>T\u00fcrkiye genelinde g\u00fcne\u015f enerjisi santral say\u0131lar\u0131n\u0131n 32 bin 307 adede ula\u015ft\u0131\u011f\u0131n\u0131 kaydeden\u00a0<strong>Ark\u0131n Akbay<\/strong>, <em>\u201c\u00dclkemiz, g\u00fcne\u015f enerjisi potansiyeli y\u00fcksek b\u00f6lgelerden birinde yer al\u0131yor ve bu f\u0131rsat en verimli \u015fekilde de\u011ferlendiriliyor. Eksim Enerji olarak biz de \u015eanl\u0131urfa-Viran\u015fehir GES projemizle yak\u0131n zamanda ilk faz\u0131nda 45 MW\u2019l\u0131k \u00fcretim izni ald\u0131k. Projemiz Haziran ay\u0131nda tamamland\u0131\u011f\u0131nda 191,4 MW kapasiteye ula\u015farak 135 bin haneye temiz enerji sa\u011flayaca\u011f\u0131z\u201d<\/em> ifadelerini kulland\u0131.<\/p>\n<h3><strong>\u201c2.200 MW\u2019\u0131 A\u015fan Bir Kurulu G\u00fcce Ula\u015fma Yolunday\u0131z\u201d<\/strong><\/h3>\n<p><em>\u201c2029 y\u0131l\u0131na kadar yurt i\u00e7i ve yurt d\u0131\u015f\u0131ndaki projelerimizi devreye alarak 2.200 MW\u2019\u0131 a\u015fan bir kurulu g\u00fcce ula\u015fma yolunda emin ad\u0131mlarla ilerliyoruz\u201d <\/em>diyen\u00a0<strong>Akbay,<\/strong>\u00a0depolama teknolojilerinin de bu s\u00fcre\u00e7te etkin rol oynayaca\u011f\u0131n\u0131 vurgulad\u0131.\u00a0<strong>Akbay,<\/strong><em>\u00a0\u201cYenilenebilir enerjinin kesintili \u00fcretimini dengelemek ve arz g\u00fcvenli\u011fini art\u0131rmak amac\u0131yla depolama teknolojilerinden yararlanaca\u011f\u0131z. B\u00f6ylelikle temiz enerjiyi uzun s\u00fcreli saklayarak s\u00fcrekli ve t\u00fcketicimizin talep etti\u011fi anda g\u00fcvenilir \u015fekilde t\u00fcketicilere ula\u015ft\u0131rmay\u0131, iletim ve da\u011f\u0131t\u0131m \u015febekelerimizin enerji kalitesini art\u0131rmaya destek vermeyi hedefliyoruz. \u00dclkemizin yerli \u00fcretimini art\u0131rmas\u0131 i\u00e7in al\u0131mlar\u0131m\u0131zda yerli \u00fcretilmi\u015f ekipmanlara ve teknolojinin T\u00fcrkiye\u2019de geli\u015ftirilmesine \u00f6ncelik veriyoruz\u201d<\/em> dedi.<\/p>\n<h3><strong>R\u00fczgar Enerjisi Santrallerinin Say\u0131s\u0131 376\u2019ya Y\u00fckseldi<\/strong><\/h3>\n<p>Yenilenebilir Enerji Kaynaklar\u0131 Destekleme Mekanizmas\u0131 (YEKDEM) sayesinde T\u00fcrkiye\u2019nin, Avrupa\u2019n\u0131n en h\u0131zl\u0131 b\u00fcy\u00fcyen r\u00fczgar enerjisi pazarlar\u0131ndan biri haline geldi\u011fini kaydeden\u00a0<strong>Ark\u0131n Akbay,<\/strong>\u00a0Eksim Enerji\u2019nin bu alandaki yat\u0131r\u0131mlar\u0131na da h\u0131z kesmeden devam etti\u011fini ifade etti. \u00a0<strong>Akbay,<em> \u201c<\/em><\/strong><em>T\u00fcrkiye\u2019deki r\u00fczgar enerjisi santrallerinin say\u0131s\u0131 376\u2019ya y\u00fckseldi ve \u00fclkemizin her b\u00f6lgesinde yer alan santrallerimizle bu b\u00fcy\u00fcyen yap\u0131n\u0131n \u00f6nemli bir destek\u00e7isiyiz. Son olarak devreye ald\u0131\u011f\u0131m\u0131z Sakarya-Geyve RES projemiz kapsam\u0131nda 80 milyon Euro\u2019luk yat\u0131r\u0131m yaparak tesis g\u00fcc\u00fcm\u00fcz\u00fc 150 MW\u2019a \u00e7\u0131kar\u0131yoruz. Bu sayede yakla\u015f\u0131k 125 bin hanenin elektrik ihtiyac\u0131n\u0131 temiz enerjiyle kar\u015f\u0131layaca\u011f\u0131z. Geyve\u2019deki kapasite art\u0131\u015f\u0131n\u0131 sa\u011flad\u0131\u011f\u0131m\u0131z 14 t\u00fcrbinimizin kurulumunu tamamlamak \u00fczereyiz. Silivri santralimizde 8, Karaman santralimizde 10, Yozgat santralimizde 8 adet, toplam 176 MW kurulu g\u00fcc\u00fcn \u00fclkemizin enerjisine 2025\u2019te katk\u0131 sa\u011flamas\u0131 i\u00e7in ekiplerimiz var g\u00fcc\u00fcyle \u00e7al\u0131\u015f\u0131yor\u201d<\/em> dedi.<\/p>\n<p>Yeni yat\u0131r\u0131mlara dair a\u00e7\u0131klamalar\u0131na devam eden Akbay, <em>\u201c8 adet toplam 56 MW kapasiteli N163\/6.X r\u00fczgar t\u00fcrbini al\u0131m\u0131 i\u00e7in anla\u015fma sa\u011flad\u0131k. 2025 ve 2026 y\u0131llar\u0131n\u0131 kapsayan bu yat\u0131r\u0131mla\u00a0Ege, Akdeniz ve Karadeniz b\u00f6lgelerinde bulunan Silivri, Susurluk, Bergama Ovac\u0131k, Seferihisar, Hasanbeyli ve Tokat Killik RES\u2019lerindeki\u00a0santrallerimizi g\u00fc\u00e7lendirece\u011fiz\u201d<\/em> \u015feklinde konu\u015ftu.<\/p>\n<h3><strong>\u201cYat\u0131r\u0131mlar\u0131m\u0131zda Yerel Toplumla G\u00fc\u00e7l\u00fc \u0130\u015f Birli\u011fi Y\u00fcr\u00fct\u00fcyoruz\u201d<\/strong><\/h3>\n<p><strong>Ark\u0131n Akbay,<\/strong>\u00a0<em>\u201cTesislerimizin bulundu\u011fu her yerin hem\u015fehrisiyiz. \u00dclkemize ve topluma kar\u015f\u0131 sorumluluklar\u0131m\u0131z\u0131 eksiksiz yerine getirmek i\u00e7in azami \u00e7aba g\u00f6steriyoruz\u201d<\/em> diyerek, Eksim Enerji\u2019nin sosyal sorumluluk ve ekosistemi koruma bilinciyle hareket etti\u011fini de vurgulad\u0131. Yat\u0131r\u0131m b\u00f6lgelerinde y\u00fcr\u00fct\u00fclen t\u00fcm projelerin, ba\u011f\u0131ms\u0131z kurulu\u015flar\u0131n denetimi ve halk\u0131n g\u00f6r\u00fc\u015fleri do\u011frultusunda, ilgili merkezi ve yerel kurumlar\u0131n onaylar\u0131yla hayata ge\u00e7irildi\u011fini belirten\u00a0<strong>Akbay,<\/strong>\u00a0bu yakla\u015f\u0131mla yerel toplumla g\u00fc\u00e7l\u00fc bir i\u015f birli\u011fi ve \u00e7evreye duyarl\u0131 bir b\u00fcy\u00fcme sa\u011flad\u0131klar\u0131n\u0131 ifade etti.<\/p>","protected":false},"excerpt":{"rendered":"<p>Sorry, this entry is only available in Turkish. For the sake of viewer convenience, the content is shown below in the alternative language. You may click the link to switch the active language. T\u00fcrkiye Elektrik \u0130letim Anonim \u015eirketi\u2019nin\u00a0(TE\u0130A\u015e) a\u00e7\u0131klad\u0131\u011f\u0131 son verilere g\u00f6re Mart ay\u0131 sonu itibar\u0131yla elektrik \u00fcretiminde r\u00fczgar enerjisi y\u00fczde 10,4\u2019l\u00fck, g\u00fcne\u015f enerjisi ise [&hellip;]<\/p>\n","protected":false},"author":1,"featured_media":196547,"comment_status":"open","ping_status":"open","sticky":false,"template":"","format":"standard","meta":[],"categories":[53,49,50],"tags":[74132,97192,2258,2326,2569,474,231,116505,116280],"views":20,"_links":{"self":[{"href":"https:\/\/www.enerjigazetesi.ist\/en\/wp-json\/wp\/v2\/posts\/196544"}],"collection":[{"href":"https:\/\/www.enerjigazetesi.ist\/en\/wp-json\/wp\/v2\/posts"}],"about":[{"href":"https:\/\/www.enerjigazetesi.ist\/en\/wp-json\/wp\/v2\/types\/post"}],"author":[{"embeddable":true,"href":"https:\/\/www.enerjigazetesi.ist\/en\/wp-json\/wp\/v2\/users\/1"}],"replies":[{"embeddable":true,"href":"https:\/\/www.enerjigazetesi.ist\/en\/wp-json\/wp\/v2\/comments?post=196544"}],"version-history":[{"count":0,"href":"https:\/\/www.enerjigazetesi.ist\/en\/wp-json\/wp\/v2\/posts\/196544\/revisions"}],"wp:featuredmedia":[{"embeddable":true,"href":"https:\/\/www.enerjigazetesi.ist\/en\/wp-json\/wp\/v2\/media\/196547"}],"wp:attachment":[{"href":"https:\/\/www.enerjigazetesi.ist\/en\/wp-json\/wp\/v2\/media?parent=196544"}],"wp:term":[{"taxonomy":"category","embeddable":true,"href":"https:\/\/www.enerjigazetesi.ist\/en\/wp-json\/wp\/v2\/categories?post=196544"},{"taxonomy":"post_tag","embeddable":true,"href":"https:\/\/www.enerjigazetesi.ist\/en\/wp-json\/wp\/v2\/tags?post=196544"}],"curies":[{"name":"wp","href":"https:\/\/api.w.org\/{rel}","templated":true}]}}