{"id":196520,"date":"2025-04-07T15:04:39","date_gmt":"2025-04-07T12:04:39","guid":{"rendered":"https:\/\/www.enerjigazetesi.ist\/?p=196520"},"modified":"2025-04-07T15:04:39","modified_gmt":"2025-04-07T12:04:39","slug":"turkiyenin-elektrik-fuari-electricity-eurasia-2025-icin-geri-sayim-basladi","status":"publish","type":"post","link":"https:\/\/www.enerjigazetesi.ist\/en\/turkiyenin-elektrik-fuari-electricity-eurasia-2025-icin-geri-sayim-basladi\/","title":{"rendered":"(Turkish) &#8221;T\u00fcrkiye\u2019nin Elektrik Fuar\u0131&#8221; Electricity Eurasia 2025 \u0130\u00e7in Geri Say\u0131m Ba\u015flad\u0131!"},"content":{"rendered":"<p class=\"qtranxs-available-languages-message qtranxs-available-languages-message-en\">Sorry, this entry is only available in <a href=\"https:\/\/www.enerjigazetesi.ist\/tr\/wp-json\/wp\/v2\/posts\/196520\" class=\"qtranxs-available-language-link qtranxs-available-language-link-tr\" title=\"Turkish\">Turkish<\/a>. For the sake of viewer convenience, the content is shown below in the alternative language. You may click the link to switch the active language.<\/p><p><\/p>\n<h2><strong>Elektrik ve elektrik ekipmanlar\u0131 sekt\u00f6r\u00fcn\u00fcn b\u00f6lgesel ve k\u00fcresel akt\u00f6rlerini bir araya getirecek olan Electricity Eurasia 2025, 24-26 Nisan tarihleri aras\u0131nda \u0130stanbul Fuar Merkezi\u2019nde kap\u0131lar\u0131n\u0131 a\u00e7\u0131yor. TG Expo grup \u015firketi Sekt\u00f6rel Fuarc\u0131l\u0131k organizasyonuyla d\u00fczenlenecek olan fuar, bu y\u0131l \u201cT\u00fcrkiye\u2019nin Elektrik Fuar\u0131\u201d slogan\u0131yla ikinci kez sekt\u00f6r profesyonellerini bulu\u015fturacak.<\/strong><\/h2>\n<p style=\"text-align: center;\"><img loading=\"lazy\" class=\"aligncenter wp-image-196522\" src=\"https:\/\/www.enerjigazetesi.ist\/wp-content\/uploads\/2025\/04\/turkiyenin-elektrik-fuari-electricity-eurasia-2025-icin-geri-sayim-basladi-1.jpg\" alt=\"\" width=\"500\" height=\"293\" srcset=\"https:\/\/www.enerjigazetesi.ist\/wp-content\/uploads\/2025\/04\/turkiyenin-elektrik-fuari-electricity-eurasia-2025-icin-geri-sayim-basladi-1.jpg 550w, https:\/\/www.enerjigazetesi.ist\/wp-content\/uploads\/2025\/04\/turkiyenin-elektrik-fuari-electricity-eurasia-2025-icin-geri-sayim-basladi-1-300x176.jpg 300w, https:\/\/www.enerjigazetesi.ist\/wp-content\/uploads\/2025\/04\/turkiyenin-elektrik-fuari-electricity-eurasia-2025-icin-geri-sayim-basladi-1-500x293.jpg 500w, https:\/\/www.enerjigazetesi.ist\/wp-content\/uploads\/2025\/04\/turkiyenin-elektrik-fuari-electricity-eurasia-2025-icin-geri-sayim-basladi-1-80x47.jpg 80w\" sizes=\"(max-width: 500px) 100vw, 500px\" \/><\/p>\n<p>Merkezine elektri\u011fi alarak t\u00fcm alt bile\u015fenleri b\u00fcnyesinde toplamay\u0131 hedefleyen Electricity Eurasia, sadece T\u00fcrkiye\u2019nin de\u011fil, bulundu\u011fu co\u011frafyan\u0131n en etkili elektrik fuar\u0131 ve zirvesi olmay\u0131 hedefliyor. Geni\u015f \u00fcr\u00fcn yelpazesiyle dikkat \u00e7eken fuarda; <em>ak\u0131ll\u0131 \u015febekeler, batarya sistemleri, elektrikli ara\u00e7 \u015farj altyap\u0131lar\u0131, bina otomasyon \u00e7\u00f6z\u00fcmleri, pano ve da\u011f\u0131t\u0131m sistemleri, inverterler, \u015falt malzemeleri, kompanzasyon sistemleri, kablolar ve ba\u011flant\u0131 ekipmanlar\u0131<\/em> gibi sekt\u00f6r\u00fcn t\u00fcm temel bile\u015fenleri yer alacak.<\/p>\n<h3><strong>B\u00f6lgesel \u0130\u015f Birlikleri \u0130\u00e7in Stratejik Bulu\u015fma Noktas\u0131<\/strong><\/h3>\n<p>24-26 Nisan tarihleri aras\u0131nda \u0130stanbul Fuar Merkezi\u2019nde ger\u00e7ekle\u015ftirilecek olan fuar; Balkanlar, Orta Do\u011fu, T\u00fcrki Cumhuriyetler, Avrupa ve K\u00f6rfez \u00fclkeleri ba\u015fta olmak \u00fczere geni\u015f bir co\u011frafyadan al\u0131m heyetlerini a\u011f\u0131rlamaya haz\u0131rlayacak. Fuarda b\u00fcy\u00fckel\u00e7ilikler, ticaret ve sanayi odalar\u0131 ile sekt\u00f6rel dernekler gibi kurumsal temsilcilerin kat\u0131l\u0131m\u0131yla uluslararas\u0131 i\u015f birliklerinin geli\u015ftirilmesi ve yeni ticaret a\u011flar\u0131n\u0131n kurulmas\u0131 da hedefleniyor. Electricity Eurasia 2025, elektrik sekt\u00f6r\u00fcnde b\u00f6lgesel ortakl\u0131klar\u0131n kurulmas\u0131na zemin haz\u0131rlayan \u00f6nemli bir ticaret platformu olarak b\u00f6lgeye y\u00f6n verecek.<\/p>\n<h3><strong>Elektri\u011fin Gelece\u011fi Zirvede Konu\u015fulacak<\/strong><\/h3>\n<p>Fuarla e\u015f zamanl\u0131 olarak d\u00fczenlenecek zirve program\u0131, \u00fc\u00e7 g\u00fcn boyunca sekt\u00f6r\u00fcn d\u00f6n\u00fc\u015f\u00fcm\u00fcn\u00fc ele alan kapsaml\u0131 bir i\u00e7erik sunacak. Alan\u0131nda uzman konu\u015fmac\u0131lar, dijitalle\u015fme, verimlilik ve s\u00fcrd\u00fcr\u00fclebilirlik oda\u011f\u0131nda inovatif \u00e7\u00f6z\u00fcmlerini ve gelecek vizyonlar\u0131n\u0131 kat\u0131l\u0131mc\u0131larla payla\u015facak.<\/p>\n<p>Zirve kapsam\u0131nda, ak\u0131ll\u0131 \u015febekeler ve \u015fehirlerin sekt\u00f6rel etkileri, y\u00fcksek verimli elektrik motorlar\u0131, yeni nesil batarya ve enerji depolama teknolojileri, End\u00fcstri 4.0 ve Nesnelerin \u0130nterneti uygulamalar\u0131, elektrik sistemlerinde y\u00fcksek performansl\u0131 malzeme kullan\u0131m\u0131 ve kesintisiz g\u00fc\u00e7 kaynaklar\u0131nda geli\u015ftirilen yenilik\u00e7i uygulamalar gibi pek \u00e7ok g\u00fcncel konu ba\u015fl\u0131\u011f\u0131 ele al\u0131nacak. Zirve, hem teknolojik geli\u015fmeleri ke\u015ffetmek hem de sekt\u00f6r\u00fcn gelece\u011fine y\u00f6n verecek fikir al\u0131\u015fveri\u015flerinde bulunmak isteyen profesyoneller i\u00e7in benzersiz bir platform sunacak.<\/p>\n<h3><strong>TG Expo Genel M\u00fcd\u00fcr\u00fc Cem \u015eenel: \u201cElektrik Sekt\u00f6r\u00fcn\u00fcn T\u00fcm Bile\u015fenlerini Ayn\u0131 Platformda Bulu\u015fturuyoruz\u201d<\/strong><\/h3>\n<p><strong>TG Expo Genel M\u00fcd\u00fcr\u00fc Cem \u015eenel<\/strong>, Electricity Eurasia\u2019n\u0131n ikinci y\u0131l\u0131nda daha geni\u015f kapsam ve g\u00fc\u00e7l\u00fc bir i\u00e7erikle sekt\u00f6r profesyonellerinin kar\u015f\u0131s\u0131na \u00e7\u0131kaca\u011f\u0131n\u0131 belirtti. \u015eenel, \u201c<em>Elektrik ve elektrik ekipmanlar\u0131 alan\u0131nda T\u00fcrkiye\u2019nin \u00fcretim kapasitesini, m\u00fchendislik g\u00fcc\u00fcn\u00fc ve teknolojik altyap\u0131s\u0131n\u0131 uluslararas\u0131 d\u00fczeyde sergileyece\u011fimiz bu organizasyon, sekt\u00f6r\u00fcn \u00f6nc\u00fc \u00fcreticilerini, sat\u0131n almac\u0131lar\u0131n\u0131, kamu temsilcilerini ve yat\u0131r\u0131mc\u0131lar\u0131n\u0131 tek bir \u00e7at\u0131 alt\u0131nda bir araya getirecek. Amac\u0131m\u0131z, yaln\u0131zca ticaret hacmini art\u0131rmak de\u011fil; ayn\u0131 zamanda b\u00f6lgesel i\u015f birliklerine zemin haz\u0131rlayacak kal\u0131c\u0131 ba\u011flant\u0131lar kurmak.\u201d<\/em> dedi.<\/p>\n<p>Fuar s\u00fcresince ele al\u0131nacak temalara da dikkat \u00e7eken \u015eenel, \u201c<em>\u0130n\u015faat ve kentsel d\u00f6n\u00fc\u015f\u00fcm projelerinde elektri\u011fin artan rol\u00fc, enerji verimlili\u011fi, dijitalle\u015fme ve s\u00fcrd\u00fcr\u00fclebilirlik gibi ba\u015fl\u0131klar zirve program\u0131n\u0131n omurgas\u0131n\u0131 olu\u015fturacak. Ziyaret\u00e7iler, sadece sekt\u00f6rel geli\u015fmeleri takip etmekle kalmayacak, ayn\u0131 zamanda inovatif \u00e7\u00f6z\u00fcmlerin deneyimlenebilece\u011fi \u00f6zel alanlarla sekt\u00f6r\u00fcn d\u00f6n\u00fc\u015f\u00fcm\u00fcne de tan\u0131kl\u0131k edecek.\u201d<\/em> ifadelerini kulland\u0131.<\/p>\n<p>Daha detayl\u0131 bilgi almak ve Electricity Eurasia 2025\u2019i ziyaret etmek i\u00e7in <a href=\"http:\/\/bit.ly\/4iwpLUp\" target=\"_blank\" rel=\"noopener\">bit.ly\/4iwpLUp<\/a> linkine t\u0131klayarak veya <a href=\"https:\/\/electricityeurasia.com\/\" target=\"_blank\" rel=\"noopener\">electricityeurasia.com<\/a> web sitesini ziyaret ederek <strong>\u00fccretsiz online kayd\u0131n\u0131z\u0131<\/strong> olu\u015fturabilirsiniz.<\/p>","protected":false},"excerpt":{"rendered":"<p>Sorry, this entry is only available in Turkish. For the sake of viewer convenience, the content is shown below in the alternative language. You may click the link to switch the active language. Elektrik ve elektrik ekipmanlar\u0131 sekt\u00f6r\u00fcn\u00fcn b\u00f6lgesel ve k\u00fcresel akt\u00f6rlerini bir araya getirecek olan Electricity Eurasia 2025, 24-26 Nisan tarihleri aras\u0131nda \u0130stanbul Fuar [&hellip;]<\/p>\n","protected":false},"author":1,"featured_media":196523,"comment_status":"open","ping_status":"open","sticky":false,"template":"","format":"standard","meta":[],"categories":[51,53],"tags":[1603,39546,71942,113484,116490,116492,116493,48908,3671,116496,116495,116494,113092,1756,116491],"views":17,"_links":{"self":[{"href":"https:\/\/www.enerjigazetesi.ist\/en\/wp-json\/wp\/v2\/posts\/196520"}],"collection":[{"href":"https:\/\/www.enerjigazetesi.ist\/en\/wp-json\/wp\/v2\/posts"}],"about":[{"href":"https:\/\/www.enerjigazetesi.ist\/en\/wp-json\/wp\/v2\/types\/post"}],"author":[{"embeddable":true,"href":"https:\/\/www.enerjigazetesi.ist\/en\/wp-json\/wp\/v2\/users\/1"}],"replies":[{"embeddable":true,"href":"https:\/\/www.enerjigazetesi.ist\/en\/wp-json\/wp\/v2\/comments?post=196520"}],"version-history":[{"count":0,"href":"https:\/\/www.enerjigazetesi.ist\/en\/wp-json\/wp\/v2\/posts\/196520\/revisions"}],"wp:featuredmedia":[{"embeddable":true,"href":"https:\/\/www.enerjigazetesi.ist\/en\/wp-json\/wp\/v2\/media\/196523"}],"wp:attachment":[{"href":"https:\/\/www.enerjigazetesi.ist\/en\/wp-json\/wp\/v2\/media?parent=196520"}],"wp:term":[{"taxonomy":"category","embeddable":true,"href":"https:\/\/www.enerjigazetesi.ist\/en\/wp-json\/wp\/v2\/categories?post=196520"},{"taxonomy":"post_tag","embeddable":true,"href":"https:\/\/www.enerjigazetesi.ist\/en\/wp-json\/wp\/v2\/tags?post=196520"}],"curies":[{"name":"wp","href":"https:\/\/api.w.org\/{rel}","templated":true}]}}