{"id":196471,"date":"2025-04-07T11:41:35","date_gmt":"2025-04-07T08:41:35","guid":{"rendered":"https:\/\/www.enerjigazetesi.ist\/?p=196471"},"modified":"2025-04-07T11:41:35","modified_gmt":"2025-04-07T08:41:35","slug":"sanliurfada-elektrik-kullanimi-olaganustu-boyutlara-ulasti","status":"publish","type":"post","link":"https:\/\/www.enerjigazetesi.ist\/en\/sanliurfada-elektrik-kullanimi-olaganustu-boyutlara-ulasti\/","title":{"rendered":"(Turkish) \u015eanl\u0131urfa\u2019da Elektrik Kullan\u0131m\u0131 Ola\u011fan\u00fcst\u00fc Boyutlara Ula\u015ft\u0131"},"content":{"rendered":"<p class=\"qtranxs-available-languages-message qtranxs-available-languages-message-en\">Sorry, this entry is only available in <a href=\"https:\/\/www.enerjigazetesi.ist\/tr\/wp-json\/wp\/v2\/posts\/196471\" class=\"qtranxs-available-language-link qtranxs-available-language-link-tr\" title=\"Turkish\">Turkish<\/a>. For the sake of viewer convenience, the content is shown below in the alternative language. You may click the link to switch the active language.<\/p><p><\/p>\n<h2><strong>Dicle Elektrik\u2019in da\u011f\u0131t\u0131m b\u00f6lgesinde yer alan \u015eanl\u0131urfa\u2019da, tar\u0131msal sulama kaynakl\u0131 elektrik t\u00fcketimi Mart ay\u0131nda son 3 y\u0131l\u0131n en y\u00fcksek seviyesine ula\u015ft\u0131. Kurakl\u0131k nedeniyle yeralt\u0131 kuyular\u0131ndan su \u00e7ekilerek yap\u0131lan sulama faaliyetleri ge\u00e7en y\u0131la g\u00f6re y\u00fczde 57, \u00f6nceki y\u0131la g\u00f6re ise y\u00fczde 40\u2019l\u0131k t\u00fcketim art\u0131\u015f\u0131na neden oldu. Bu ani art\u0131\u015f, yat\u0131r\u0131mlarla b\u00fcy\u00fck \u00f6l\u00e7\u00fcde yenilenen elektrik \u015febekesini ve tedarik s\u00fcreklili\u011fini riske at\u0131yor.<\/strong><\/h2>\n<p style=\"text-align: center;\"><img loading=\"lazy\" class=\"aligncenter wp-image-196475\" src=\"https:\/\/www.enerjigazetesi.ist\/wp-content\/uploads\/2025\/04\/sanliurfada-elektrik-kullanimi-olaganustu-boyutlara-ulasti.jpg\" alt=\"\" width=\"500\" height=\"376\" srcset=\"https:\/\/www.enerjigazetesi.ist\/wp-content\/uploads\/2025\/04\/sanliurfada-elektrik-kullanimi-olaganustu-boyutlara-ulasti.jpg 550w, https:\/\/www.enerjigazetesi.ist\/wp-content\/uploads\/2025\/04\/sanliurfada-elektrik-kullanimi-olaganustu-boyutlara-ulasti-300x226.jpg 300w, https:\/\/www.enerjigazetesi.ist\/wp-content\/uploads\/2025\/04\/sanliurfada-elektrik-kullanimi-olaganustu-boyutlara-ulasti-500x376.jpg 500w, https:\/\/www.enerjigazetesi.ist\/wp-content\/uploads\/2025\/04\/sanliurfada-elektrik-kullanimi-olaganustu-boyutlara-ulasti-66x50.jpg 66w\" sizes=\"(max-width: 500px) 100vw, 500px\" \/><\/p>\n<p>G\u00fcneydo\u011fu Anadolu B\u00f6lgesi\u2019nin en yo\u011fun tar\u0131msal faaliyetlerinden birine ev sahipli\u011fi yapan \u015eanl\u0131urfa\u2019da, Mart ay\u0131nda elektrik t\u00fcketimi son 3 y\u0131l\u0131n en y\u00fcksek seviyesine ula\u015ft\u0131. Dicle Elektrik\u2019in verilerine g\u00f6re, bu y\u0131l Mart ay\u0131ndaki elektrik t\u00fcketimi 771 milyon 923 bin kilowatt saat (kWh) ile ge\u00e7ti\u011fimiz y\u0131la g\u00f6re y\u00fczde 57, \u00f6nceki y\u0131la g\u00f6re ise y\u00fczde 40 oran\u0131nda artt\u0131. Bu ola\u011fan\u00fcst\u00fc art\u0131\u015f\u0131n temelinde kurakl\u0131k ve buna ba\u011fl\u0131 olarak yeralt\u0131 su kaynaklar\u0131n\u0131n elektrikle \u00e7ekilmesiyle yap\u0131lan sulama faaliyetleri yer al\u0131yor.<\/p>\n<h3><strong>Tar\u0131msal Sulama Aboneleri \u015eebekede Y\u00fck Olu\u015fturuyor<\/strong><\/h3>\n<p>Dicle Elektrik verilerine g\u00f6re, da\u011f\u0131t\u0131m b\u00f6lgesindeki 143 bin \u00e7ift\u00e7iden 59 bini elektri\u011fe dayal\u0131 sulu tar\u0131m yap\u0131yor. Bu \u00e7ift\u00e7ilerin b\u00fcy\u00fck k\u0131sm\u0131 \u015eanl\u0131urfa\u2019da bulunuyor. Kurakl\u0131k nedeniyle ya\u011f\u0131\u015flar\u0131n yetersiz oldu\u011fu bu y\u0131l, yeralt\u0131 kuyular\u0131ndan pompalarla su \u00e7ekilmesi i\u00e7in yo\u011fun \u015fekilde elektrik kullan\u0131ld\u0131. Bu durum sadece t\u00fcketim rakamlar\u0131n\u0131 rekor seviyelere ta\u015f\u0131makla kalmad\u0131, ayn\u0131 zamanda \u015febeke \u00fczerindeki y\u00fck\u00fc de kritik seviyelere \u00e7\u0131kard\u0131.<\/p>\n<h3><strong>Tedarik S\u00fcreklili\u011fi Tehlikeye Giriyor<\/strong><\/h3>\n<div id=\"attachment_196474\" style=\"width: 510px\" class=\"wp-caption aligncenter\"><img aria-describedby=\"caption-attachment-196474\" loading=\"lazy\" class=\"wp-image-196474\" src=\"https:\/\/www.enerjigazetesi.ist\/wp-content\/uploads\/2025\/04\/sanliurfada-elektrik-kullanimi-olaganustu-boyutlara-ulasti-1.jpg\" alt=\"\" width=\"500\" height=\"331\" srcset=\"https:\/\/www.enerjigazetesi.ist\/wp-content\/uploads\/2025\/04\/sanliurfada-elektrik-kullanimi-olaganustu-boyutlara-ulasti-1.jpg 550w, https:\/\/www.enerjigazetesi.ist\/wp-content\/uploads\/2025\/04\/sanliurfada-elektrik-kullanimi-olaganustu-boyutlara-ulasti-1-300x199.jpg 300w, https:\/\/www.enerjigazetesi.ist\/wp-content\/uploads\/2025\/04\/sanliurfada-elektrik-kullanimi-olaganustu-boyutlara-ulasti-1-500x331.jpg 500w, https:\/\/www.enerjigazetesi.ist\/wp-content\/uploads\/2025\/04\/sanliurfada-elektrik-kullanimi-olaganustu-boyutlara-ulasti-1-76x50.jpg 76w\" sizes=\"(max-width: 500px) 100vw, 500px\" \/><p id=\"caption-attachment-196474\" class=\"wp-caption-text\">Dicle Elektrik Genel M\u00fcd\u00fcr\u00fc Ya\u015far Arvas<\/p><\/div>\n<p><strong>Dicle Elektrik Genel M\u00fcd\u00fcr\u00fc Ya\u015far Arvas<\/strong>, konuyla ilgili yapt\u0131\u011f\u0131 a\u00e7\u0131klamada, \u015eanl\u0131urfa\u2019da son y\u0131llarda yap\u0131lan yakla\u015f\u0131k 15 milyar TL\u2019lik yat\u0131r\u0131m ile elektrik altyap\u0131s\u0131n\u0131n b\u00fcy\u00fck \u00f6l\u00e7\u00fcde modernize edildi\u011fini hat\u0131rlatarak, <em>\u201cAncak \u00f6ng\u00f6r\u00fclemeyen bu tarz t\u00fcketim art\u0131\u015flar\u0131, planlamay\u0131 ve kaynak tahsisini sekteye u\u011frat\u0131yor. \u015eebekeye a\u015f\u0131r\u0131 y\u00fck binmesi nedeniyle di\u011fer abonelerimizin kesintisiz elektrik eri\u015fimi de risk alt\u0131na giriyor.\u201d<\/em> dedi.<\/p>\n<h3><strong>\u0130l\u00e7elerdeki T\u00fcketim, Bir\u00e7ok \u015eehrin Y\u0131ll\u0131k Elektri\u011fine Bedel<\/strong><\/h3>\n<p>\u015eanl\u0131urfa\u2019n\u0131n tar\u0131msal a\u011f\u0131rl\u0131kl\u0131 baz\u0131 trafo merkezlerinde bu y\u0131l enerji t\u00fcketiminin ge\u00e7en y\u0131la g\u00f6re birka\u00e7 kat\u0131na ula\u015ft\u0131\u011f\u0131n\u0131 belirten Arvas, <em>\u201c<strong>Ak\u00e7akale Pekmezli Trafo Merkezi<\/strong>\u2019nde 2024\u2019\u00fcn ilk \u00fc\u00e7 ay\u0131nda 52 milyon kilowatt saat (kWh) olan t\u00fcketim, 2025\u2019in ayn\u0131 d\u00f6neminde 109 milyon kilowatt saate (kWh) \u00e7\u0131kt\u0131. Y\u00fczde 111\u2019lik bu art\u0131\u015f, Sinop, Kilis, K\u0131r\u015fehir, Karab\u00fck, Bayburt ve Ardahan gibi illerin y\u0131ll\u0131k toplam t\u00fcketimlerinden fazla. Ayn\u0131 hatta ba\u011fl\u0131 <strong>Damlasu Fideri<\/strong>\u2019nde t\u00fcketim y\u00fczde 277 artt\u0131, fiderdeki kullan\u0131c\u0131lar\u0131n yakla\u015f\u0131k y\u00fczde 95\u2019i bor\u00e7lu ve bor\u00e7 tutar\u0131 255 milyon TL\u2019nin \u00fczerinde. Kay\u0131p-ka\u00e7ak oran\u0131 ise y\u00fczde 90\u2019\u0131 a\u015fm\u0131\u015f durumda.\u201d<\/em> dedi.<\/p>\n<h3><strong>\u201c152 Bin Hanenin Y\u0131ll\u0131k T\u00fcketimine E\u015f De\u011fer\u201d<\/strong><\/h3>\n<p>Siverek ve Viran\u015fehir\u2019de de benzer tablolarla kar\u015f\u0131la\u015f\u0131ld\u0131\u011f\u0131n\u0131 ifade eden Arvas, <em>\u201c<strong>Siverek Karake\u00e7i Trafo Merkezi<\/strong>\u2019nde enerji t\u00fcketimi y\u00fczde 413 oran\u0131nda artarak 24,9 milyon kilowatt saatten (kWh) 102,8 milyon kilowatt saate (kWh) y\u00fckseldi. Bu miktar yakla\u015f\u0131k 152 bin hanenin y\u0131ll\u0131k enerji t\u00fcketimine e\u015f de\u011fer. Karake\u00e7i TM\u2019ye ba\u011fl\u0131 <strong>Kuytuca Fideri<\/strong>\u2019nde t\u00fcketim y\u00fczde 242 art\u0131\u015fla 5,7 milyon kilowatt saatten (kWh) 19,7 milyon kilowatt saate (kWh) \u00e7\u0131kt\u0131. Bu fiderdeki kullan\u0131c\u0131lar\u0131n y\u00fczde 97\u2019si bor\u00e7lu ve toplam bor\u00e7 590 milyon TL\u2019yi a\u015f\u0131yor. Ka\u00e7ak oran\u0131 ise y\u00fczde 95 seviyesinde.\u201d<\/em> bilgisini payla\u015ft\u0131.<\/p>\n<h3><strong>Y\u00fczde 735\u2019lik T\u00fcketim Art\u0131\u015f\u0131<\/strong><\/h3>\n<p>Viran\u015fehir K\u0131rl\u0131k Trafo Merkezi\u2019nde enerji t\u00fcketiminin 33,9 milyon kilowatt saatten (kWh) 135,1 milyon kilowatt saate (kWh) y\u00fckselerek y\u00fczde 298 oran\u0131nda artt\u0131\u011f\u0131n\u0131 ifade eden Arvas, <em>\u201cBu hatta ba\u011fl\u0131 Turna Fideri\u2019nde y\u00fczde 735\u2019lik \u00e7arp\u0131c\u0131 bir t\u00fcketim art\u0131\u015f\u0131 ya\u015fand\u0131. 147 kullan\u0131c\u0131n\u0131n y\u00fczde 88\u2019i bor\u00e7lu ve toplam bor\u00e7 tutar\u0131 314 milyon TL. Fiderdeki ka\u00e7ak oran\u0131 y\u00fczde 91 olup, 2025 y\u0131l\u0131nda yap\u0131lan denetimlerde 1.107 adet ka\u00e7ak kullan\u0131m tespit edildi.\u201d<\/em> dedi.<\/p>\n<h3><strong>A\u015f\u0131r\u0131 Y\u00fck ve Ka\u00e7ak Kullan\u0131m Sistemi Zorluyor<\/strong><\/h3>\n<p>A\u00e7\u0131klamalar\u0131n\u0131 s\u00fcrd\u00fcren Arvas; kurakl\u0131k, cazibeli su kanallar\u0131n\u0131n yetersizli\u011fi, artan s\u0131cakl\u0131klar ve her y\u0131l derinle\u015fen yeralt\u0131 su seviyeleri nedeniyle \u00e7ift\u00e7ilerin daha fazla elektrikle sulamaya y\u00f6neldi\u011fini vurgulayarak,<em> \u201cBu t\u00fcketim \u015fekli hem \u00fclke ekonomisi \u00fczerinde mali y\u00fck olu\u015fturuyor hem de da\u011f\u0131t\u0131m \u015febekesinin teknik s\u0131n\u0131rlar\u0131n\u0131 zorluyor. Ka\u00e7ak kullan\u0131mlar nedeniyle t\u00fcketim ani \u015fekilde art\u0131yor ve bu durum normal \u015fartlarda sorunsuz \u00e7al\u0131\u015fan \u015febekeye a\u015f\u0131r\u0131 y\u00fck bindiriyor. Sulama d\u00f6nemlerinde ar\u0131za say\u0131lar\u0131 ve bak\u0131m-onar\u0131m s\u00fcreleri ciddi bi\u00e7imde y\u00fckseliyor. Bu da tedarik s\u00fcreklili\u011finde ve hizmet kalitesinde d\u00fc\u015f\u00fc\u015fe yol a\u00e7\u0131yor.\u201d<\/em> dedi.<\/p>\n<h3><strong>Kontrols\u00fcz Su \u00c7ekimi Obruklara Neden Oluyor<\/strong><\/h3>\n<p>Konuyu yaln\u0131zca enerji t\u00fcketimiyle s\u0131n\u0131rl\u0131 g\u00f6rmediklerini ifade eden Arvas, <em>\u201c\u015eanl\u0131urfa\u2019da tar\u0131msal sulama kaynakl\u0131 ka\u00e7ak elektrik kullan\u0131m\u0131 yaln\u0131zca \u015febekeyi de\u011fil, \u00e7evreyi de tehdit ediyor. Harran Ovas\u0131\u2019nda meydana gelen obruklara ili\u015fkin uyar\u0131lar\u0131m\u0131z\u0131 daha \u00f6nce dile getirmi\u015ftik. Bug\u00fcn b\u00f6lgede g\u00f6r\u00fclen obruk olu\u015fumlar\u0131n\u0131n temelinde de bu kontrols\u00fcz su \u00e7ekimi yer al\u0131yor.\u201d<\/em> dedi.<\/p>\n<h3><strong>T\u00fcketim Var, \u00d6deme Yok<\/strong><\/h3>\n<p>Genel M\u00fcd\u00fcr Arvas, tar\u0131msal sulama abonelerinin milyarlarca lira \u00f6denmemi\u015f elektrik bor\u00e7lar\u0131n\u0131n oldu\u011funa dikkat \u00e7ekerek, <em>\u201cElektrik sistemini en \u00e7ok zorlayan bu kullan\u0131c\u0131 grubu, ayn\u0131 zamanda kulland\u0131\u011f\u0131 enerjinin bedelini de \u00f6demiyor. Hem \u00f6deme yap\u0131lmamas\u0131 hem de kontrols\u00fcz t\u00fcketim art\u0131\u015f\u0131, sadece \u015febekeyi de\u011fil, b\u00f6lgede ya\u015fayan di\u011fer vatanda\u015flar\u0131m\u0131z\u0131n da elektrik hizmetine eri\u015fimini do\u011frudan etkiliyor. \u00dcstelik t\u00fcm abonelerin sadece y\u00fczde 4\u2019\u00fcn\u00fc olu\u015fturan tar\u0131msal sulama kullan\u0131c\u0131lar\u0131, b\u00f6lgedeki kay\u0131p-ka\u00e7ak oran\u0131n\u0131 y\u00fczde 75\u2019lere kadar \u00e7\u0131karabiliyor. Bu dengesizlik s\u00fcrd\u00fcr\u00fclebilir de\u011fil. <strong>\u00d6deme yapmayan bu \u00e7ift\u00e7ilerimize bu y\u0131l elektrik verilmesi m\u00fcmk\u00fcn olmayacakt\u0131r. Bu nedenle bu \u00e7ift\u00e7ilerimizin bir an \u00f6nce kurumumuza ba\u015fvurarak bor\u00e7lar\u0131n\u0131 \u00f6demesini ve yap\u0131land\u0131rmas\u0131n\u0131 \u00f6neriyoruz.<\/strong>\u201d<\/em> diye konu\u015ftu.<\/p>","protected":false},"excerpt":{"rendered":"<p>Sorry, this entry is only available in Turkish. For the sake of viewer convenience, the content is shown below in the alternative language. You may click the link to switch the active language. Dicle Elektrik\u2019in da\u011f\u0131t\u0131m b\u00f6lgesinde yer alan \u015eanl\u0131urfa\u2019da, tar\u0131msal sulama kaynakl\u0131 elektrik t\u00fcketimi Mart ay\u0131nda son 3 y\u0131l\u0131n en y\u00fcksek seviyesine ula\u015ft\u0131. Kurakl\u0131k [&hellip;]<\/p>\n","protected":false},"author":1,"featured_media":196475,"comment_status":"open","ping_status":"open","sticky":false,"template":"","format":"standard","meta":[],"categories":[51,53],"tags":[12240,130,148,2097,13289],"views":20,"_links":{"self":[{"href":"https:\/\/www.enerjigazetesi.ist\/en\/wp-json\/wp\/v2\/posts\/196471"}],"collection":[{"href":"https:\/\/www.enerjigazetesi.ist\/en\/wp-json\/wp\/v2\/posts"}],"about":[{"href":"https:\/\/www.enerjigazetesi.ist\/en\/wp-json\/wp\/v2\/types\/post"}],"author":[{"embeddable":true,"href":"https:\/\/www.enerjigazetesi.ist\/en\/wp-json\/wp\/v2\/users\/1"}],"replies":[{"embeddable":true,"href":"https:\/\/www.enerjigazetesi.ist\/en\/wp-json\/wp\/v2\/comments?post=196471"}],"version-history":[{"count":0,"href":"https:\/\/www.enerjigazetesi.ist\/en\/wp-json\/wp\/v2\/posts\/196471\/revisions"}],"wp:featuredmedia":[{"embeddable":true,"href":"https:\/\/www.enerjigazetesi.ist\/en\/wp-json\/wp\/v2\/media\/196475"}],"wp:attachment":[{"href":"https:\/\/www.enerjigazetesi.ist\/en\/wp-json\/wp\/v2\/media?parent=196471"}],"wp:term":[{"taxonomy":"category","embeddable":true,"href":"https:\/\/www.enerjigazetesi.ist\/en\/wp-json\/wp\/v2\/categories?post=196471"},{"taxonomy":"post_tag","embeddable":true,"href":"https:\/\/www.enerjigazetesi.ist\/en\/wp-json\/wp\/v2\/tags?post=196471"}],"curies":[{"name":"wp","href":"https:\/\/api.w.org\/{rel}","templated":true}]}}