{"id":196401,"date":"2025-03-28T12:25:07","date_gmt":"2025-03-28T09:25:07","guid":{"rendered":"https:\/\/www.enerjigazetesi.ist\/?p=196401"},"modified":"2025-03-28T12:26:55","modified_gmt":"2025-03-28T09:26:55","slug":"basoglu-kablo-turk-metal-sendikasi-ile-yeni-toplu-is-sozlesmesini-imzaladi","status":"publish","type":"post","link":"https:\/\/www.enerjigazetesi.ist\/en\/basoglu-kablo-turk-metal-sendikasi-ile-yeni-toplu-is-sozlesmesini-imzaladi\/","title":{"rendered":"(Turkish) &#8217;Ba\u015fo\u011flu Kablo&#8217; T\u00fcrk Metal Sendikas\u0131 ile Yeni Toplu \u0130\u015f S\u00f6zle\u015fmesini \u0130mzalad\u0131"},"content":{"rendered":"<p class=\"qtranxs-available-languages-message qtranxs-available-languages-message-en\">Sorry, this entry is only available in <a href=\"https:\/\/www.enerjigazetesi.ist\/tr\/wp-json\/wp\/v2\/posts\/196401\" class=\"qtranxs-available-language-link qtranxs-available-language-link-tr\" title=\"Turkish\">Turkish<\/a>. For the sake of viewer convenience, the content is shown below in the alternative language. You may click the link to switch the active language.<\/p><p><\/p>\n<h2><strong>Ba\u015fo\u011flu Kablo<\/strong>, \u00e7al\u0131\u015fanlar\u0131n\u0131n haklar\u0131n\u0131 g\u00fc\u00e7lendirmek ve sosyal g\u00fcvencelerini art\u0131rmak amac\u0131yla\u00a0<strong>T\u00fcrk<\/strong>\u00a0<strong>Metal Sendikas\u0131\u00a0<\/strong>ile yeni bir toplu i\u015f s\u00f6zle\u015fmesi imzalad\u0131.<\/h2>\n<p style=\"text-align: center;\"><img loading=\"lazy\" class=\"aligncenter wp-image-196404\" src=\"https:\/\/www.enerjigazetesi.ist\/wp-content\/uploads\/2025\/03\/basoglu-kablo-turk-metal-sendikasi-ile-toplu-is-sozlesmesini-imzaladi-1.jpg\" alt=\"\" width=\"500\" height=\"375\" srcset=\"https:\/\/www.enerjigazetesi.ist\/wp-content\/uploads\/2025\/03\/basoglu-kablo-turk-metal-sendikasi-ile-toplu-is-sozlesmesini-imzaladi-1.jpg 550w, https:\/\/www.enerjigazetesi.ist\/wp-content\/uploads\/2025\/03\/basoglu-kablo-turk-metal-sendikasi-ile-toplu-is-sozlesmesini-imzaladi-1-300x225.jpg 300w, https:\/\/www.enerjigazetesi.ist\/wp-content\/uploads\/2025\/03\/basoglu-kablo-turk-metal-sendikasi-ile-toplu-is-sozlesmesini-imzaladi-1-500x375.jpg 500w, https:\/\/www.enerjigazetesi.ist\/wp-content\/uploads\/2025\/03\/basoglu-kablo-turk-metal-sendikasi-ile-toplu-is-sozlesmesini-imzaladi-1-67x50.jpg 67w\" sizes=\"(max-width: 500px) 100vw, 500px\" \/><\/p>\n<p>Anla\u015fma, i\u015f yerinde daha adil ve s\u00fcrd\u00fcr\u00fclebilir \u00e7al\u0131\u015fma ko\u015fullar\u0131 sa\u011flamay\u0131 hedeflerken, i\u015f\u00e7i refah\u0131n\u0131 \u00f6n planda tutuyor. D\u00fczenlenen imza t\u00f6reninde,\u00a0<strong>Ba\u015fo\u011flu Kablo y\u00f6neticileri, sendika yetkilileri<\/strong>\u00a0<strong>ve i\u015f\u00e7i temsilcileri<\/strong>\u00a0bir araya geldi. T\u00f6renin ard\u0131ndan fabrika \u00e7al\u0131\u015fanlar\u0131yla bulu\u015fan sendika yetkilileri, s\u00fcrecin detaylar\u0131n\u0131 payla\u015farak bilgilendirmelerde bulundu.<\/p>\n<h3><strong>SEND\u0130KAL HAKLAR G\u00dc\u00c7LEN\u0130YOR<\/strong><\/h3>\n<p>S\u00f6zle\u015fme kapsam\u0131nda \u00e7al\u0131\u015fanlar\u0131n haklar\u0131n\u0131n geni\u015fletildi\u011fi ve i\u015f bar\u0131\u015f\u0131n\u0131 destekleyen \u00f6nemli maddelerin yer ald\u0131\u011f\u0131 belirtildi.\u00a0<strong>T\u00fcrk Metal Sendikas\u0131 Bolu \u015eube Ba\u015fkan\u0131 Aslan Yaz\u0131c\u0131<\/strong>, s\u00fcrecin ba\u015far\u0131yla tamamlanmas\u0131nda eme\u011fi ge\u00e7en herkese te\u015fekk\u00fcr etti.<\/p>\n<h3><strong>BA\u015eO\u011eLU KABLO SEKT\u00d6R\u00dcNDE L\u0130DER B\u0130R F\u0130RMA<\/strong><\/h3>\n<p>Elektrik kablolar\u0131 ve kau\u00e7uk bazl\u0131 \u00fcr\u00fcnler konusunda uzmanla\u015fan\u00a0<strong>Ba\u015fo\u011flu Kablo<\/strong>, uluslararas\u0131 kalite standartlar\u0131na uygun \u00fcretim anlay\u0131\u015f\u0131yla\u00a0<strong>otomotiv, savunma sanayi, enerji, beyaz e\u015fya ve denizcilik\u00a0<\/strong>gibi bir\u00e7ok sekt\u00f6re \u00f6zel \u00e7\u00f6z\u00fcmler sunuyor. Yenilik\u00e7i Ar-Ge \u00e7al\u0131\u015fmalar\u0131 ve m\u00fc\u015fteri odakl\u0131 \u00fcretim stratejileriyle, sanayiye y\u00f6n veren firmalar aras\u0131nda yer al\u0131yor. Bu anla\u015fmayla birlikte, Ba\u015fo\u011flu Kablo \u00e7al\u0131\u015fanlar\u0131 daha g\u00fcvenli ve adil \u00e7al\u0131\u015fma ko\u015fullar\u0131na sahip olurken, i\u015f d\u00fcnyas\u0131nda \u00f6rnek te\u015fkil edecek bir sendikal ba\u015far\u0131ya da imza at\u0131lm\u0131\u015f oldu.<\/p>","protected":false},"excerpt":{"rendered":"<p>Sorry, this entry is only available in Turkish. For the sake of viewer convenience, the content is shown below in the alternative language. You may click the link to switch the active language. Ba\u015fo\u011flu Kablo, \u00e7al\u0131\u015fanlar\u0131n\u0131n haklar\u0131n\u0131 g\u00fc\u00e7lendirmek ve sosyal g\u00fcvencelerini art\u0131rmak amac\u0131yla\u00a0T\u00fcrk\u00a0Metal Sendikas\u0131\u00a0ile yeni bir toplu i\u015f s\u00f6zle\u015fmesi imzalad\u0131. Anla\u015fma, i\u015f yerinde daha adil [&hellip;]<\/p>\n","protected":false},"author":1,"featured_media":196405,"comment_status":"open","ping_status":"open","sticky":false,"template":"","format":"standard","meta":[],"categories":[51,53],"tags":[103435,23186,116456],"views":16,"_links":{"self":[{"href":"https:\/\/www.enerjigazetesi.ist\/en\/wp-json\/wp\/v2\/posts\/196401"}],"collection":[{"href":"https:\/\/www.enerjigazetesi.ist\/en\/wp-json\/wp\/v2\/posts"}],"about":[{"href":"https:\/\/www.enerjigazetesi.ist\/en\/wp-json\/wp\/v2\/types\/post"}],"author":[{"embeddable":true,"href":"https:\/\/www.enerjigazetesi.ist\/en\/wp-json\/wp\/v2\/users\/1"}],"replies":[{"embeddable":true,"href":"https:\/\/www.enerjigazetesi.ist\/en\/wp-json\/wp\/v2\/comments?post=196401"}],"version-history":[{"count":0,"href":"https:\/\/www.enerjigazetesi.ist\/en\/wp-json\/wp\/v2\/posts\/196401\/revisions"}],"wp:featuredmedia":[{"embeddable":true,"href":"https:\/\/www.enerjigazetesi.ist\/en\/wp-json\/wp\/v2\/media\/196405"}],"wp:attachment":[{"href":"https:\/\/www.enerjigazetesi.ist\/en\/wp-json\/wp\/v2\/media?parent=196401"}],"wp:term":[{"taxonomy":"category","embeddable":true,"href":"https:\/\/www.enerjigazetesi.ist\/en\/wp-json\/wp\/v2\/categories?post=196401"},{"taxonomy":"post_tag","embeddable":true,"href":"https:\/\/www.enerjigazetesi.ist\/en\/wp-json\/wp\/v2\/tags?post=196401"}],"curies":[{"name":"wp","href":"https:\/\/api.w.org\/{rel}","templated":true}]}}