{"id":196395,"date":"2025-03-28T11:56:19","date_gmt":"2025-03-28T08:56:19","guid":{"rendered":"https:\/\/www.enerjigazetesi.ist\/?p=196395"},"modified":"2025-03-28T11:56:19","modified_gmt":"2025-03-28T08:56:19","slug":"bursagaz-ve-kayserigazin-aksa-dogalgaza-devri-tamamlandi","status":"publish","type":"post","link":"https:\/\/www.enerjigazetesi.ist\/en\/bursagaz-ve-kayserigazin-aksa-dogalgaza-devri-tamamlandi\/","title":{"rendered":"(Turkish) Bursagaz ve Kayserigaz\u2019\u0131n Aksa Do\u011falgaz\u2019a Devri Tamamland\u0131"},"content":{"rendered":"<p class=\"qtranxs-available-languages-message qtranxs-available-languages-message-en\">Sorry, this entry is only available in <a href=\"https:\/\/www.enerjigazetesi.ist\/tr\/wp-json\/wp\/v2\/posts\/196395\" class=\"qtranxs-available-language-link qtranxs-available-language-link-tr\" title=\"Turkish\">Turkish<\/a>. For the sake of viewer convenience, the content is shown below in the alternative language. You may click the link to switch the active language.<\/p><p><\/p>\n<h2><strong>Aksa Do\u011falgaz, SOCAR T\u00fcrkiye b\u00fcnyesinde bulunan Bursa ve Kayseri da\u011f\u0131t\u0131m b\u00f6lgelerinde hizmet sunmaya ba\u015flad\u0131. Sat\u0131n alma ve devir i\u015flemlerinin tamamlanmas\u0131na ili\u015fkin a\u00e7\u0131klamalarda bulunan Aksa Do\u011falgaz Y\u00f6netim Kurulu Ya\u015far Arslan \u201cOperasyon a\u011f\u0131m\u0131za kat\u0131lan her iki \u015fehrimize, do\u011fal gaz\u0131 y\u00fcksek m\u00fc\u015fteri memnuniyeti ilkemizle g\u00fcvenli ve kesintisiz bir \u015fekilde sa\u011flamay\u0131 s\u00fcrd\u00fcrece\u011fiz\u201d dedi.<\/strong><\/h2>\n<p style=\"text-align: center;\"><img loading=\"lazy\" class=\"aligncenter wp-image-196398\" src=\"https:\/\/www.enerjigazetesi.ist\/wp-content\/uploads\/2025\/03\/bursagaz-ve-kayserigazin-aksa-dogalgaza-devri-tamamlandi.jpg\" alt=\"\" width=\"500\" height=\"375\" srcset=\"https:\/\/www.enerjigazetesi.ist\/wp-content\/uploads\/2025\/03\/bursagaz-ve-kayserigazin-aksa-dogalgaza-devri-tamamlandi.jpg 550w, https:\/\/www.enerjigazetesi.ist\/wp-content\/uploads\/2025\/03\/bursagaz-ve-kayserigazin-aksa-dogalgaza-devri-tamamlandi-300x225.jpg 300w, https:\/\/www.enerjigazetesi.ist\/wp-content\/uploads\/2025\/03\/bursagaz-ve-kayserigazin-aksa-dogalgaza-devri-tamamlandi-500x375.jpg 500w, https:\/\/www.enerjigazetesi.ist\/wp-content\/uploads\/2025\/03\/bursagaz-ve-kayserigazin-aksa-dogalgaza-devri-tamamlandi-67x50.jpg 67w\" sizes=\"(max-width: 500px) 100vw, 500px\" \/><\/p>\n<p>20 y\u0131l\u0131 a\u015fk\u0131n tecr\u00fcbesiyle T\u00fcrkiye\u2019nin en geni\u015f co\u011frafi da\u011f\u0131t\u0131m alan\u0131na hizmet veren Aksa Do\u011falgaz, Bursa ve Kayseri<span dir=\"RTL\">\u2019<\/span>de faaliyet g\u00f6steren do\u011fal gaz da\u011f\u0131t\u0131m \u015firketlerini sat\u0131n alarak do\u011fal gaz sekt\u00f6r\u00fcnde liderlik pozisyonunu g\u00fc\u00e7lendirdi.<\/p>\n<p>SOCAR T\u00fcrkiye ile y\u00fcr\u00fct\u00fclen sat\u0131n alma s\u00fcrecinin tamamlanmas\u0131yla Aksa Do\u011falgaz, T\u00fcrkiye<span dir=\"RTL\">\u2019<\/span>nin en b\u00fcy\u00fck do\u011fal gaz da\u011f\u0131t\u0131m \u015firketi konumuna gelirken, ayn\u0131 zamanda Avrupa<span dir=\"RTL\">\u2019<\/span>n\u0131n en b\u00fcy\u00fck do\u011fal gaz da\u011f\u0131t\u0131m \u015firketleri aras\u0131nda d\u00f6rd\u00fcnc\u00fc s\u0131raya yerle\u015fti.<\/p>\n<h3><strong>29 \u0130l Merkezi, 327 \u0130l\u00e7e ve Beldeye Gaz Arz\u0131\u00a0<\/strong><\/h3>\n<p>Sat\u0131n almalar ile birlikte 32 ilin s\u0131n\u0131rlar\u0131 i\u00e7erisinde yer alan 29 il merkezinde do\u011fal gaz da\u011f\u0131t\u0131m hizmeti vereceklerinin bilgisini payla\u015fan<strong> Aksa Do\u011falgaz Y\u00f6netim Kurulu Ba\u015fkan\u0131 Ya\u015far Arslan<\/strong>,\u00a0<em><span dir=\"RTL\">\u201c<\/span>T\u00fcrkiye<span dir=\"RTL\">\u2019<\/span>nin en b\u00fcy\u00fck do\u011fal gaz da\u011f\u0131t\u0131m \u015firketi olarak lisans say\u0131m\u0131z\u0131 21<span dir=\"RTL\">\u2019<\/span>den 23<span dir=\"RTL\">\u2019<\/span>e \u00e7\u0131kard\u0131k. Bug\u00fcn itibar\u0131yla 327 il\u00e7e ve beldeye gaz arz\u0131 sa\u011fl\u0131yoruz. \u015eebeke uzunlu\u011fumuz y\u00fczde 31 art\u0131\u015fla 62 bin kilometreye, abone say\u0131m\u0131z ise y\u00fczde 36 artarak 7,3 milyona ula\u015ft\u0131. Da\u011f\u0131t\u0131m\u0131n\u0131 ger\u00e7ekle\u015ftirdi\u011fimiz y\u0131ll\u0131k do\u011fal gaz miktar\u0131 y\u00fczde 27<span dir=\"RTL\">\u2019<\/span>lik bir b\u00fcy\u00fcmeyle 13,3 milyar metrek\u00fcpe y\u00fckseldi.\u00a0Operasyon a\u011f\u0131m\u0131za kat\u0131lan her iki \u015fehrimize, do\u011fal gaz\u0131 y\u00fcksek m\u00fc\u015fteri memnuniyeti ilkemizle g\u00fcvenli ve kesintisiz bir \u015fekilde sa\u011flamay\u0131 s\u00fcrd\u00fcrece\u011fiz.\u00a0Yak\u0131n d\u00f6nemde, T\u00fcrkiye \u0130tibar Endeksi Ara\u015ft\u0131rmas\u0131\u2019na g\u00f6re \u2018Enerji Sekt\u00f6r\u00fcn\u00fcn En \u0130tibarl\u0131 Markas\u0131\u2019 \u00fcnvan\u0131na de\u011fer g\u00f6r\u00fcld\u00fck. Bu anlaml\u0131 \u00f6d\u00fcl, abonelerimiz ile olan g\u00fc\u00e7l\u00fc ba\u011f\u0131m\u0131z\u0131 ve m\u00fc\u015fteri memnuniyetine verdi\u011fimiz de\u011feri yans\u0131tmas\u0131 a\u00e7\u0131s\u0131ndan olduk\u00e7a \u00f6nemli. Kazanc\u0131 Holding<span dir=\"RTL\">\u2019<\/span>in yar\u0131m asr\u0131 a\u015fan bilgi ve tecr\u00fcbesinden g\u00fc\u00e7 alarak ger\u00e7ekle\u015ftirdi\u011fimiz \u00e7al\u0131\u015fmalarla \u00fclkemizin ve d\u00fcnyam\u0131z\u0131n enerji gelece\u011fine katk\u0131m\u0131z\u0131 derinle\u015ftirmeye devam edece\u011fiz\u201d<\/em> dedi.<\/p>\n<h3><strong>2030 Stratejik Hedeflerimize Ula\u015ft\u0131k<\/strong><\/h3>\n<p>2030 Stratejik Hedeflerini belirlerken \u00e7\u0131tay\u0131 en y\u00fckse\u011fe koyduklar\u0131n\u0131 s\u00f6yleyen Arslan,<em> \u201cBu \u00f6nemli geli\u015fme ile birlikte hedeflerimize ula\u015ft\u0131k, sat\u0131n alma sonras\u0131 olu\u015fan fiziki b\u00fcy\u00fckl\u00fckler, finansal g\u00f6stergelerimizde de \u00f6nemli bir ivme yaratacak. 2030 hedeflerimizi bug\u00fcnk\u00fc g\u00f6stergelerimizle de\u011ferlendirerek, yeni ve g\u00fc\u00e7l\u00fc hedeflerle yolumuza devam edece\u011fiz\u201d<\/em> diye konu\u015ftu.<\/p>\n<h3><strong>Kalite Odakl\u0131 Hizmet Anlay\u0131\u015f\u0131<\/strong><\/h3>\n<p>Faaliyetlerini \u201c\u015eehirler Do\u011fal Gazla Nefes Al\u0131yor\u201d diyerek ger\u00e7ekle\u015ftiren Aksa Do\u011falgaz\u2019\u0131n hizmet verdi\u011fi b\u00f6lgelerde hava kalitesi iyile\u015firken, do\u011fal gazla \u00fcretim maliyetleri azal\u0131yor, sanayile\u015fme h\u0131zlan\u0131yor. \u015eirketin katk\u0131da bulundu\u011fu do\u011frudan ve dolayl\u0131 istihdam da her ge\u00e7en g\u00fcn art\u0131yor. Vatanda\u015flar\u0131n konforlu bir ya\u015fam s\u00fcrmesine katk\u0131 sa\u011flayan Aksa Do\u011falgaz, 1,2 milyonun \u00fczerinde do\u011fal gaz abonesinin bulundu\u011fu Bursa<span dir=\"RTL\">\u2019<\/span>ya ve 575 bin abonenin do\u011fal gaz konforunu ya\u015fad\u0131\u011f\u0131 Kayseri iline hizmet verecek. Bursa ve Kayseri<span dir=\"RTL\">\u2019<\/span>deki vatanda\u015flar Aksa Do\u011falgaz \u00e7at\u0131s\u0131 alt\u0131nda do\u011fa dostu, konforlu ve g\u00fcvenli enerji do\u011fal gaz ile kaliteli hizmet anlay\u0131\u015f\u0131 \u00e7er\u00e7evesinde bulu\u015facak.<\/p>","protected":false},"excerpt":{"rendered":"<p>Sorry, this entry is only available in Turkish. For the sake of viewer convenience, the content is shown below in the alternative language. You may click the link to switch the active language. Aksa Do\u011falgaz, SOCAR T\u00fcrkiye b\u00fcnyesinde bulunan Bursa ve Kayseri da\u011f\u0131t\u0131m b\u00f6lgelerinde hizmet sunmaya ba\u015flad\u0131. Sat\u0131n alma ve devir i\u015flemlerinin tamamlanmas\u0131na ili\u015fkin a\u00e7\u0131klamalarda [&hellip;]<\/p>\n","protected":false},"author":1,"featured_media":196397,"comment_status":"open","ping_status":"open","sticky":false,"template":"","format":"standard","meta":[],"categories":[46,53],"tags":[16281,1520,41708,2677,8908,1567],"views":30,"_links":{"self":[{"href":"https:\/\/www.enerjigazetesi.ist\/en\/wp-json\/wp\/v2\/posts\/196395"}],"collection":[{"href":"https:\/\/www.enerjigazetesi.ist\/en\/wp-json\/wp\/v2\/posts"}],"about":[{"href":"https:\/\/www.enerjigazetesi.ist\/en\/wp-json\/wp\/v2\/types\/post"}],"author":[{"embeddable":true,"href":"https:\/\/www.enerjigazetesi.ist\/en\/wp-json\/wp\/v2\/users\/1"}],"replies":[{"embeddable":true,"href":"https:\/\/www.enerjigazetesi.ist\/en\/wp-json\/wp\/v2\/comments?post=196395"}],"version-history":[{"count":0,"href":"https:\/\/www.enerjigazetesi.ist\/en\/wp-json\/wp\/v2\/posts\/196395\/revisions"}],"wp:featuredmedia":[{"embeddable":true,"href":"https:\/\/www.enerjigazetesi.ist\/en\/wp-json\/wp\/v2\/media\/196397"}],"wp:attachment":[{"href":"https:\/\/www.enerjigazetesi.ist\/en\/wp-json\/wp\/v2\/media?parent=196395"}],"wp:term":[{"taxonomy":"category","embeddable":true,"href":"https:\/\/www.enerjigazetesi.ist\/en\/wp-json\/wp\/v2\/categories?post=196395"},{"taxonomy":"post_tag","embeddable":true,"href":"https:\/\/www.enerjigazetesi.ist\/en\/wp-json\/wp\/v2\/tags?post=196395"}],"curies":[{"name":"wp","href":"https:\/\/api.w.org\/{rel}","templated":true}]}}