{"id":196284,"date":"2025-03-24T13:57:25","date_gmt":"2025-03-24T10:57:25","guid":{"rendered":"https:\/\/www.enerjigazetesi.ist\/?p=196284"},"modified":"2025-03-24T13:59:12","modified_gmt":"2025-03-24T10:59:12","slug":"uluslararasi-jeotermal-yatirim-zirvesi-igis-9-mayista-nevsehirde","status":"publish","type":"post","link":"https:\/\/www.enerjigazetesi.ist\/en\/uluslararasi-jeotermal-yatirim-zirvesi-igis-9-mayista-nevsehirde\/","title":{"rendered":"(Turkish) Uluslararas\u0131 Jeotermal Yat\u0131r\u0131m Zirvesi (IGIS) 9 May\u0131s\u2019ta Nev\u015fehir\u2019de&#8230;"},"content":{"rendered":"<p class=\"qtranxs-available-languages-message qtranxs-available-languages-message-en\">Sorry, this entry is only available in <a href=\"https:\/\/www.enerjigazetesi.ist\/tr\/wp-json\/wp\/v2\/posts\/196284\" class=\"qtranxs-available-language-link qtranxs-available-language-link-tr\" title=\"Turkish\">Turkish<\/a>. For the sake of viewer convenience, the content is shown below in the alternative language. You may click the link to switch the active language.<\/p><p><\/p>\n<h2><strong>Jeotermal enerji ve kaynaklar\u0131n etkin kullan\u0131m\u0131 konular\u0131nda fark\u0131ndal\u0131k yaratmak, sekt\u00f6rdeki yat\u0131r\u0131m f\u0131rsatlar\u0131n\u0131 ele almak ve jeotermal enerjiye dayal\u0131 kalk\u0131nma modellerini tart\u0131\u015fmak amac\u0131yla d\u00fczenlenen<\/strong>\u00a0\u201c<strong><em>Uluslararas\u0131 Jeotermal Yat\u0131r\u0131m Zirvesi<\/em><\/strong><em>\u00a0\u2013\u00a0<strong>IGIS\u201d<\/strong><\/em>\u00a0<strong>9 May\u0131s g\u00fcn\u00fc, Nev\u015fehir\u2019de Cappadocia Marriott Hotel\u2019de ger\u00e7ekle\u015fiyor.<\/strong><\/h2>\n<p style=\"text-align: center;\"><img loading=\"lazy\" class=\"aligncenter wp-image-196287\" src=\"https:\/\/www.enerjigazetesi.ist\/wp-content\/uploads\/2025\/03\/uluslararasi-jeotermal-yatirim-zirvesi-igis-9-mayista-nevsehirde-2.jpg\" alt=\"\" width=\"500\" height=\"334\" srcset=\"https:\/\/www.enerjigazetesi.ist\/wp-content\/uploads\/2025\/03\/uluslararasi-jeotermal-yatirim-zirvesi-igis-9-mayista-nevsehirde-2.jpg 550w, https:\/\/www.enerjigazetesi.ist\/wp-content\/uploads\/2025\/03\/uluslararasi-jeotermal-yatirim-zirvesi-igis-9-mayista-nevsehirde-2-300x200.jpg 300w, https:\/\/www.enerjigazetesi.ist\/wp-content\/uploads\/2025\/03\/uluslararasi-jeotermal-yatirim-zirvesi-igis-9-mayista-nevsehirde-2-500x334.jpg 500w, https:\/\/www.enerjigazetesi.ist\/wp-content\/uploads\/2025\/03\/uluslararasi-jeotermal-yatirim-zirvesi-igis-9-mayista-nevsehirde-2-75x50.jpg 75w, https:\/\/www.enerjigazetesi.ist\/wp-content\/uploads\/2025\/03\/uluslararasi-jeotermal-yatirim-zirvesi-igis-9-mayista-nevsehirde-2-450x300.jpg 450w\" sizes=\"(max-width: 500px) 100vw, 500px\" \/><\/p>\n<p><strong>Jeotermal Yat\u0131r\u0131mc\u0131lar\u0131 Derne\u011fi (JEMYAD)\u00a0<\/strong>taraf\u0131ndan organize edilen \u201c<strong><em>Uluslararas\u0131 Jeotermal Yat\u0131r\u0131m Zirvesi<\/em><\/strong>\u00a0<strong><em>\u2013 IGIS\u2019<\/em><\/strong>de jeotermal enerji alan\u0131ndaki en \u00f6nemli g\u00fcncel konular ele al\u0131n\u0131yor. Sekt\u00f6rdeki kamu ve \u00f6zel sekt\u00f6r payda\u015flar\u0131n\u0131 bir araya getirecek olan, akademik \u00e7evrelerden de kat\u0131l\u0131m olacak etkinli\u011fe, 250\u2019ye yak\u0131n uzman ve y\u00f6neticinin kat\u0131lmas\u0131 bekleniyor.<\/p>\n<p><strong>JEMYAD Ba\u015fkan\u0131 \u00d6mer Tosun<\/strong>, zirvenin sekt\u00f6r i\u00e7in ta\u015f\u0131d\u0131\u011f\u0131 \u00f6nemi \u015fu s\u00f6zlerle vurguluyor: &#8220;<em>Jeotermal enerji, sadece enerji sekt\u00f6r\u00fc i\u00e7in de\u011fil, sa\u011fl\u0131k, tar\u0131m ve turizm gibi stratejik alanlar i\u00e7in de b\u00fcy\u00fck f\u0131rsatlar sunuyor. Bu uluslararas\u0131 zirve ile sekt\u00f6r\u00fcn payda\u015flar\u0131n\u0131 bir araya getirerek, yat\u0131r\u0131mlar\u0131 h\u0131zland\u0131rmay\u0131 ve jeotermalin kalk\u0131nmadaki rol\u00fcn\u00fc daha da g\u00fc\u00e7lendirmeyi ama\u00e7l\u0131yoruz. Jeotermal kaynaklar\u0131n do\u011fru kullan\u0131m\u0131, enerji ba\u011f\u0131ms\u0131zl\u0131\u011f\u0131na katk\u0131 sa\u011flarken, s\u00fcrd\u00fcr\u00fclebilir tar\u0131m, g\u0131da g\u00fcvenli\u011fi ve turizm alanlar\u0131nda da yeni f\u0131rsatlar yarat\u0131yor. \u00d6zellikle termal turizm ve jeotermal serac\u0131l\u0131k gibi alanlarda at\u0131lacak ad\u0131mlar, ekonomik b\u00fcy\u00fcmeye \u00f6nemli kat\u0131l\u0131mlar sunuyor. Bu nedenle, Uluslararas\u0131 Jeotermal Yat\u0131r\u0131m Zirvesi \u2013 IGIS gibi organizasyonlar, bu potansiyelin ger\u00e7ekle\u015fmesine \u00f6nc\u00fcl\u00fck etme a\u00e7\u0131s\u0131ndan kritik bir rol oynuyor<\/em>.&#8221;<\/p>\n<p>Zirvede, jeotermal enerjinin s\u00fcrd\u00fcr\u00fclebilir kalk\u0131nma hedeflerine katk\u0131s\u0131 kapsam\u0131nda 4 oturum ger\u00e7ekle\u015fecek. Net s\u0131f\u0131r emisyon hedefleri do\u011frultusunda jeotermal enerjinin rol\u00fc tart\u0131\u015f\u0131lacak, jeotermal kaynakl\u0131 serac\u0131l\u0131k ve g\u0131da arz g\u00fcvenli\u011fi konusunda, tar\u0131msal verimlili\u011fin art\u0131r\u0131lmas\u0131, yeni finansman modelleri ve d\u00fczenleyici \u00e7er\u00e7evenin geli\u015ftirilmesi \u00fczerine \u00f6neriler sunulacak. Termal turizm ba\u011flam\u0131nda ise jeotermal kaynaklar\u0131n turizme entegrasyonu ve yeni yat\u0131r\u0131m alanlar\u0131n\u0131n potansiyeli tart\u0131\u015f\u0131lacak. L\u00fcks termal turizmin sekt\u00f6re sa\u011flayaca\u011f\u0131 katma de\u011fer, finansman ve yasal altyap\u0131 konular\u0131 detayland\u0131r\u0131lacak. Ayr\u0131ca, jeotermale dayal\u0131 elektrik \u00fcretimi konusunda karbon yakalama teknolojileri, sekt\u00f6rdeki finansman ihtiyac\u0131 \u00fczerine gelece\u011fe y\u00f6nelik stratejiler de ele al\u0131nacak. Yat\u0131r\u0131m ortam\u0131n\u0131n iyile\u015ftirilmesi ve mevzuat geli\u015fimleri konusundaki oturumda ise sekt\u00f6r payda\u015flar\u0131 bir araya gelerek d\u00fczenleyici \u00e7er\u00e7evenin g\u00fc\u00e7lendirilmesine dair \u00e7\u00f6z\u00fcm \u00f6nerilerini payla\u015facak.<\/p>\n<p>Jeotermal ve do\u011fal mineralli su kaynaklar\u0131n\u0131n etkin, \u00e7evreye duyarl\u0131 ve s\u00fcrd\u00fcr\u00fclebilir bir \u015fekilde ara\u015ft\u0131r\u0131lmas\u0131, geli\u015ftirilmesi, korunmas\u0131 ve kullan\u0131lmas\u0131 hedefiyle faaliyetlerini s\u00fcrd\u00fcren\u00a0<strong>JEMYAD,<\/strong>\u00a0ayn\u0131 zamanda sekt\u00f6r yat\u0131r\u0131mc\u0131lar\u0131n\u0131 bir araya getirerek temsili g\u00fc\u00e7lendirmeyi ve yasal altyap\u0131y\u0131 geli\u015ftirmeyi ama\u00e7l\u0131yor.\u00a0<strong><em>Uluslararas\u0131 Jeotermal Yat\u0131r\u0131m Zirvesi-IGIS<\/em><\/strong>\u00a0de bu do\u011frultuda, sekt\u00f6rdeki farkl\u0131 payda\u015flar\u0131n bilgi ve deneyimlerini payla\u015fmas\u0131n\u0131 sa\u011flayarak, jeotermal enerjinin ekonomiye, tar\u0131ma ve turizme daha etkin entegrasyonunu desteklemeyi hedefliyor.<\/p>\n<p><strong><em>Uluslararas\u0131 Jeotermal Yat\u0131r\u0131m Zirvesi &#8211; IGIS<\/em><\/strong>, enerji ve s\u00fcrd\u00fcr\u00fclebilirlik alanlar\u0131nda fark yaratacak stratejik ad\u0131mlar\u0131n at\u0131lmas\u0131na katk\u0131 sa\u011flamaya devam edecek.<\/p>\n<p>Daha Detayl\u0131 Bilgi \u0130\u00e7in: <a href=\"https:\/\/igis.com.tr\/\" target=\"_blank\" rel=\"noopener\">https:\/\/igis.com.tr\/<\/a> adresini ziyaret edebilirsiniz.<\/p>","protected":false},"excerpt":{"rendered":"<p>Sorry, this entry is only available in Turkish. For the sake of viewer convenience, the content is shown below in the alternative language. You may click the link to switch the active language. Jeotermal enerji ve kaynaklar\u0131n etkin kullan\u0131m\u0131 konular\u0131nda fark\u0131ndal\u0131k yaratmak, sekt\u00f6rdeki yat\u0131r\u0131m f\u0131rsatlar\u0131n\u0131 ele almak ve jeotermal enerjiye dayal\u0131 kalk\u0131nma modellerini tart\u0131\u015fmak amac\u0131yla [&hellip;]<\/p>\n","protected":false},"author":1,"featured_media":196286,"comment_status":"open","ping_status":"open","sticky":false,"template":"","format":"standard","meta":[],"categories":[53,48],"tags":[116422,35055,116423,116421],"views":22,"_links":{"self":[{"href":"https:\/\/www.enerjigazetesi.ist\/en\/wp-json\/wp\/v2\/posts\/196284"}],"collection":[{"href":"https:\/\/www.enerjigazetesi.ist\/en\/wp-json\/wp\/v2\/posts"}],"about":[{"href":"https:\/\/www.enerjigazetesi.ist\/en\/wp-json\/wp\/v2\/types\/post"}],"author":[{"embeddable":true,"href":"https:\/\/www.enerjigazetesi.ist\/en\/wp-json\/wp\/v2\/users\/1"}],"replies":[{"embeddable":true,"href":"https:\/\/www.enerjigazetesi.ist\/en\/wp-json\/wp\/v2\/comments?post=196284"}],"version-history":[{"count":0,"href":"https:\/\/www.enerjigazetesi.ist\/en\/wp-json\/wp\/v2\/posts\/196284\/revisions"}],"wp:featuredmedia":[{"embeddable":true,"href":"https:\/\/www.enerjigazetesi.ist\/en\/wp-json\/wp\/v2\/media\/196286"}],"wp:attachment":[{"href":"https:\/\/www.enerjigazetesi.ist\/en\/wp-json\/wp\/v2\/media?parent=196284"}],"wp:term":[{"taxonomy":"category","embeddable":true,"href":"https:\/\/www.enerjigazetesi.ist\/en\/wp-json\/wp\/v2\/categories?post=196284"},{"taxonomy":"post_tag","embeddable":true,"href":"https:\/\/www.enerjigazetesi.ist\/en\/wp-json\/wp\/v2\/tags?post=196284"}],"curies":[{"name":"wp","href":"https:\/\/api.w.org\/{rel}","templated":true}]}}