{"id":196222,"date":"2025-03-21T14:49:10","date_gmt":"2025-03-21T11:49:10","guid":{"rendered":"https:\/\/www.enerjigazetesi.ist\/?p=196222"},"modified":"2025-03-21T14:49:10","modified_gmt":"2025-03-21T11:49:10","slug":"sedastan-sifir-atik-ve-geri-donusum-calismalariyla-ekonomiye-destek","status":"publish","type":"post","link":"https:\/\/www.enerjigazetesi.ist\/en\/sedastan-sifir-atik-ve-geri-donusum-calismalariyla-ekonomiye-destek\/","title":{"rendered":"(Turkish) SEDA\u015e&#8217;tan S\u0131f\u0131r At\u0131k ve Geri D\u00f6n\u00fc\u015f\u00fcm \u00c7al\u0131\u015fmalar\u0131yla Ekonomiye Destek"},"content":{"rendered":"<p class=\"qtranxs-available-languages-message qtranxs-available-languages-message-en\">Sorry, this entry is only available in <a href=\"https:\/\/www.enerjigazetesi.ist\/tr\/wp-json\/wp\/v2\/posts\/196222\" class=\"qtranxs-available-language-link qtranxs-available-language-link-tr\" title=\"Turkish\">Turkish<\/a>. For the sake of viewer convenience, the content is shown below in the alternative language. You may click the link to switch the active language.<\/p><p><\/p>\n<h2 class=\"v1MsoNormal\" style=\"text-align: left;\" align=\"center\"><b>SEDA\u015e, \u00fc\u00e7 y\u0131l \u00f6nce hizmete ald\u0131\u011f\u0131 Malzeme Bak\u0131m ve Geri Kazan\u0131m Merkezi\u2019ndeki geri d\u00f6n\u00fc\u015f\u00fcm \u00e7al\u0131\u015fmalar\u0131 sayesinde bir yandan s\u00fcrd\u00fcr\u00fclebilir \u00e7evreye katk\u0131 sa\u011flarken, di\u011fer yandan elde etti\u011fi maliyet tasarrufuyla da milli ekonomiye destek oluyor.<\/b><\/h2>\n<p style=\"text-align: center;\"><img loading=\"lazy\" class=\"aligncenter wp-image-196224\" src=\"https:\/\/www.enerjigazetesi.ist\/wp-content\/uploads\/2025\/03\/sedastan-sifir-atik-ve-geri-donusum-calismalariyla-ekonomiye-destek-1.jpg\" alt=\"\" width=\"500\" height=\"334\" srcset=\"https:\/\/www.enerjigazetesi.ist\/wp-content\/uploads\/2025\/03\/sedastan-sifir-atik-ve-geri-donusum-calismalariyla-ekonomiye-destek-1.jpg 550w, https:\/\/www.enerjigazetesi.ist\/wp-content\/uploads\/2025\/03\/sedastan-sifir-atik-ve-geri-donusum-calismalariyla-ekonomiye-destek-1-300x200.jpg 300w, https:\/\/www.enerjigazetesi.ist\/wp-content\/uploads\/2025\/03\/sedastan-sifir-atik-ve-geri-donusum-calismalariyla-ekonomiye-destek-1-500x334.jpg 500w, https:\/\/www.enerjigazetesi.ist\/wp-content\/uploads\/2025\/03\/sedastan-sifir-atik-ve-geri-donusum-calismalariyla-ekonomiye-destek-1-75x50.jpg 75w, https:\/\/www.enerjigazetesi.ist\/wp-content\/uploads\/2025\/03\/sedastan-sifir-atik-ve-geri-donusum-calismalariyla-ekonomiye-destek-1-450x300.jpg 450w\" sizes=\"(max-width: 500px) 100vw, 500px\" \/><\/p>\n<p class=\"v1MsoNormal\">Sakarya, Kocaeli, Bolu ve D\u00fczce illerinin elektrik da\u011f\u0131t\u0131m faaliyetini ger\u00e7ekle\u015ftiren SEDA\u015e, i\u015f s\u00fcre\u00e7lerinde s\u00fcrd\u00fcr\u00fclebilirli\u011fi oda\u011f\u0131na alarak \u00e7evreyi koruma misyonuyla hareket ederken\u00a0Malzeme Bak\u0131m ve Geri Kazan\u0131m Merkezindeki \u00e7al\u0131\u015fmalar\u0131yla milli ekonomiye de katk\u0131 sa\u011fl\u0131yor. Merkezde ger\u00e7ekle\u015fen bak\u0131m ve geri kazan\u0131m sayesinde do\u011fal kaynaklar\u0131n korunmas\u0131n\u0131n yan\u0131 s\u0131ra yeniden kazan\u0131lan malzemeler ile 2024 y\u0131l\u0131nda 11 milyon TL\u2019lik kaynak tasarrufu sa\u011fland\u0131.<\/p>\n<p class=\"v1MsoNormal\">20 bin kilometrekarelik alanda 2 milyonu a\u015fk\u0131n m\u00fc\u015fterinin enerji da\u011f\u0131t\u0131m faaliyetinden sorumlu olan SEDA\u015e, Sakarya merkez kamp\u00fcs\u00fc i\u00e7inde \u00fc\u00e7 y\u0131l \u00f6nce kurdu\u011fu merkezde, enerji nakil hatt\u0131nda, elektrik da\u011f\u0131t\u0131m \u015febekelerinde kulland\u0131\u011f\u0131 ve \u00e2t\u0131l durumdaki eski \u00fcr\u00fcnlerini mekanik veya elektronik bak\u0131mlarla yeniden kullan\u0131labilir hale getirerek, at\u0131k olu\u015fumlar\u0131 en aza indiriyor.<\/p>\n<p class=\"v1MsoNormal\">At\u0131k y\u00f6netimi konusunda da \u00f6nemli \u00e7al\u0131\u015fmalar y\u00fcr\u00fcten SEDA\u015e, bu kapsamda \u00e7evresel etkileri en aza indirerek karbon ayak izini azaltma misyonunu da s\u00fcrd\u00fcr\u00fcyor. At\u0131klar\u0131n\u0131 \u00c7evre, \u015eehircilik ve \u0130klim De\u011fi\u015fikli\u011fi Bakanl\u0131\u011f\u0131 taraf\u0131ndan yetkili firmalara g\u00f6nderen \u015firket, b\u00f6ylece at\u0131klar\u0131n\u0131, d\u00f6n\u00fc\u015f\u00fcm i\u015flemleri ile \u00e7evresel etkileri en aza indirerek ekonomiye tekrar kazand\u0131r\u0131yor.<\/p>\n<p class=\"v1MsoNormal\">2024 y\u0131l\u0131nda toplam 2 milyon 730 bin kg (2730 ton) a\u011f\u0131rl\u0131\u011f\u0131nda at\u0131\u011f\u0131n geri d\u00f6n\u00fc\u015f\u00fcm\/geri kazan\u0131ma g\u00f6nderildi\u011fini a\u00e7\u0131klayan SEDA\u015e yetkilileri, \u201cS\u0131f\u0131r At\u0131k\u201d konusunda da \u00e7al\u0131\u015fmalar\u0131na devam ediyor. SEDA\u015e \u2019tan yap\u0131lan a\u00e7\u0131klamaya g\u00f6re; bu kapsamda s\u00fcrd\u00fcr\u00fclen \u00e7al\u0131\u015fmalarda 12 bin 930 kg at\u0131ktan \u00f6nemli kazan\u0131mlar elde edildi. Uygulamayla 26.170 kWh enerji, 95,31 m3 su, yakla\u015f\u0131k 1,9 ton hammadde ve 5.312 litre petrol tasarrufu sa\u011flanarak, 766 kg sera gaz\u0131 olu\u015fumu ve 59 adet a\u011fac\u0131n kesimi engellenmi\u015f oldu.<\/p>\n<p><\/p>","protected":false},"excerpt":{"rendered":"<p>Sorry, this entry is only available in Turkish. For the sake of viewer convenience, the content is shown below in the alternative language. You may click the link to switch the active language. SEDA\u015e, \u00fc\u00e7 y\u0131l \u00f6nce hizmete ald\u0131\u011f\u0131 Malzeme Bak\u0131m ve Geri Kazan\u0131m Merkezi\u2019ndeki geri d\u00f6n\u00fc\u015f\u00fcm \u00e7al\u0131\u015fmalar\u0131 sayesinde bir yandan s\u00fcrd\u00fcr\u00fclebilir \u00e7evreye katk\u0131 sa\u011flarken, [&hellip;]<\/p>\n","protected":false},"author":1,"featured_media":196225,"comment_status":"open","ping_status":"open","sticky":false,"template":"","format":"standard","meta":[],"categories":[51,53],"tags":[30573,116403,2529,48972,112879,2444],"views":19,"_links":{"self":[{"href":"https:\/\/www.enerjigazetesi.ist\/en\/wp-json\/wp\/v2\/posts\/196222"}],"collection":[{"href":"https:\/\/www.enerjigazetesi.ist\/en\/wp-json\/wp\/v2\/posts"}],"about":[{"href":"https:\/\/www.enerjigazetesi.ist\/en\/wp-json\/wp\/v2\/types\/post"}],"author":[{"embeddable":true,"href":"https:\/\/www.enerjigazetesi.ist\/en\/wp-json\/wp\/v2\/users\/1"}],"replies":[{"embeddable":true,"href":"https:\/\/www.enerjigazetesi.ist\/en\/wp-json\/wp\/v2\/comments?post=196222"}],"version-history":[{"count":0,"href":"https:\/\/www.enerjigazetesi.ist\/en\/wp-json\/wp\/v2\/posts\/196222\/revisions"}],"wp:featuredmedia":[{"embeddable":true,"href":"https:\/\/www.enerjigazetesi.ist\/en\/wp-json\/wp\/v2\/media\/196225"}],"wp:attachment":[{"href":"https:\/\/www.enerjigazetesi.ist\/en\/wp-json\/wp\/v2\/media?parent=196222"}],"wp:term":[{"taxonomy":"category","embeddable":true,"href":"https:\/\/www.enerjigazetesi.ist\/en\/wp-json\/wp\/v2\/categories?post=196222"},{"taxonomy":"post_tag","embeddable":true,"href":"https:\/\/www.enerjigazetesi.ist\/en\/wp-json\/wp\/v2\/tags?post=196222"}],"curies":[{"name":"wp","href":"https:\/\/api.w.org\/{rel}","templated":true}]}}