{"id":196155,"date":"2025-03-17T15:35:05","date_gmt":"2025-03-17T12:35:05","guid":{"rendered":"https:\/\/www.enerjigazetesi.ist\/?p=196155"},"modified":"2025-03-17T15:35:05","modified_gmt":"2025-03-17T12:35:05","slug":"tureb-heyetinden-ruzgar-sektorunun-gelecegi-icin-onemli-ziyaretler","status":"publish","type":"post","link":"https:\/\/www.enerjigazetesi.ist\/en\/tureb-heyetinden-ruzgar-sektorunun-gelecegi-icin-onemli-ziyaretler\/","title":{"rendered":"(Turkish) T\u00dcREB Heyeti&#8217;nden R\u00fczgar Sekt\u00f6r\u00fcn\u00fcn Gelece\u011fi \u0130\u00e7in \u00d6nemli Ziyaretler&#8230;"},"content":{"rendered":"<p class=\"qtranxs-available-languages-message qtranxs-available-languages-message-en\">Sorry, this entry is only available in <a href=\"https:\/\/www.enerjigazetesi.ist\/tr\/wp-json\/wp\/v2\/posts\/196155\" class=\"qtranxs-available-language-link qtranxs-available-language-link-tr\" title=\"Turkish\">Turkish<\/a>. For the sake of viewer convenience, the content is shown below in the alternative language. You may click the link to switch the active language.<\/p><p><\/p>\n<h2><strong>(T\u00dcREB) T\u00fcrkiye R\u00fczg\u00e2r Enerjisi Birli\u011fi 14. Ola\u011fan Genel Kurul sonras\u0131, yeni y\u00f6netim kurulundan bir heyetle Ankara&#8217;da r\u00fczg\u00e2r enerjisi sekt\u00f6r\u00fcne y\u00f6nelik \u00f6nemli ziyaretlerde bulundu. T\u00dcREB, sekt\u00f6rdeki i\u015fbirliklerini g\u00fc\u00e7lendirmek ve T\u00fcrkiye\u2019nin enerji stratejik hedeflerine katk\u0131 sa\u011flamak amac\u0131yla \u00e7e\u015fitli resmi kurumlarla g\u00f6r\u00fc\u015fmeler ger\u00e7ekle\u015ftirdi.<\/strong><\/h2>\n<p style=\"text-align: center;\"><img loading=\"lazy\" class=\"aligncenter wp-image-196157\" src=\"https:\/\/www.enerjigazetesi.ist\/wp-content\/uploads\/2025\/03\/tureb-heyetinden-ruzgar-sektorunun-gelecegi-icin-onemli-ziyaretler-1.jpg\" alt=\"\" width=\"500\" height=\"375\" srcset=\"https:\/\/www.enerjigazetesi.ist\/wp-content\/uploads\/2025\/03\/tureb-heyetinden-ruzgar-sektorunun-gelecegi-icin-onemli-ziyaretler-1.jpg 550w, https:\/\/www.enerjigazetesi.ist\/wp-content\/uploads\/2025\/03\/tureb-heyetinden-ruzgar-sektorunun-gelecegi-icin-onemli-ziyaretler-1-300x225.jpg 300w, https:\/\/www.enerjigazetesi.ist\/wp-content\/uploads\/2025\/03\/tureb-heyetinden-ruzgar-sektorunun-gelecegi-icin-onemli-ziyaretler-1-500x375.jpg 500w, https:\/\/www.enerjigazetesi.ist\/wp-content\/uploads\/2025\/03\/tureb-heyetinden-ruzgar-sektorunun-gelecegi-icin-onemli-ziyaretler-1-67x50.jpg 67w\" sizes=\"(max-width: 500px) 100vw, 500px\" \/><\/p>\n<h3><strong>SEKT\u00d6R\u00dcN GELECE\u011e\u0130NE Y\u00d6NEL\u0130K STRATEJ\u0130K KONULAR DE\u011eERLEND\u0130R\u0130LD\u0130<\/strong><\/h3>\n<p>T\u00dcREB heyeti,\u00a0<strong>Cumhurba\u015fkanl\u0131\u011f\u0131 Yat\u0131r\u0131m Ofisi Ba\u015fkan Yard\u0131mc\u0131s\u0131 Say\u0131n Zeynel K\u0131l\u0131n\u00e7\u2019\u0131 makam\u0131nda ziyaret etti.<\/strong>\u00a0G\u00f6r\u00fc\u015fmede, yenilenebilir enerji yat\u0131r\u0131mlar\u0131n\u0131n \u00f6nemi ve T\u00fcrkiye&#8217;nin enerji sekt\u00f6r\u00fcndeki stratejik hedefleri \u00fczerine kapsaml\u0131 bir de\u011ferlendirme yap\u0131ld\u0131. Ayr\u0131ca, r\u00fczg\u00e2r enerjisi sekt\u00f6r\u00fcn\u00fcn geli\u015fimi ve yat\u0131r\u0131mlar\u0131n te\u015fvik edilmesi i\u00e7in yap\u0131labilecek i\u015fbirlikleri \u00fczerinde fikir al\u0131\u015fveri\u015finde bulunuldu.<\/p>\n<p>T\u00dcREB yeni d\u00f6nem Y\u00f6netim Kurulu \u00fcyeleri,\u00a0<strong>T.C. Enerji ve Tabii Kaynaklar Bakanl\u0131\u011f\u0131 Enerji \u0130\u015fleri Genel M\u00fcd\u00fcr\u00fc Ahmet \u00d6zkaya\u2019y\u0131 makam\u0131nda ziyaret etti.<\/strong> \u00a0G\u00f6r\u00fc\u015fme kapsam\u0131nda, T\u00dcREB\u2019in y\u00fcr\u00fctt\u00fc\u011f\u00fc \u00e7al\u0131\u015fmalar ve gelecek d\u00f6neme ili\u015fkin planlar\u0131 detayl\u0131 bir \u015fekilde ele al\u0131nd\u0131. Ayr\u0131ca, yenilenebilir enerji sekt\u00f6r\u00fcn\u00fc yak\u0131ndan ilgilendiren s\u00fcper izin kanunu ve YEKA (Yenilenebilir Enerji Kaynak Alanlar\u0131) d\u00fczenlemeleri \u00fczerine de\u011ferlendirmelerde bulunuldu.<\/p>\n<p>T\u00dcREB heyeti, ayr\u0131ca\u00a0<strong>T.C. Sanayi ve Teknoloji Bakan Yard\u0131mc\u0131s\u0131 Say\u0131n Oru\u00e7 Baba \u0130nan\u2019\u0131 makam\u0131nda ziyaret etti.<\/strong>\u00a0G\u00f6r\u00fc\u015fmede, kalk\u0131nma ajanslar\u0131 ile ortakla\u015fa y\u00fcr\u00fct\u00fclebilecek projeler ve Bakanl\u0131k ile i\u015fbirli\u011fi i\u00e7inde ger\u00e7ekle\u015ftirilebilecek \u00e7al\u0131\u015fmalar ele al\u0131nd\u0131. Ayr\u0131ca, r\u00fczg\u00e2r enerjisi sekt\u00f6r\u00fcn\u00fcn geli\u015fimini destekleyecek stratejik ad\u0131mlar de\u011ferlendirildi ve sekt\u00f6rdeki g\u00fcncel geli\u015fmeler \u00fczerine verimli bir isti\u015fare yap\u0131ld\u0131. T\u00dcREB heyeti,\u00a0<strong>T.C Sanayi ve Teknoloji Bakanl\u0131\u011f\u0131 Milli Teknoloji Genel M\u00fcd\u00fcr\u00fc Say\u0131n Sadullah Uzun\u2019a da nezaket ziyaretinde bulundu.<\/strong> G\u00f6r\u00fc\u015fmede yerli ve dijital teknoloji \u00e7al\u0131\u015fmalar\u0131, dijital d\u00f6n\u00fc\u015f\u00fcm ve Teknofest gibi \u00f6nemli ba\u015fl\u0131klar \u00fczerine verimli bir bilgi al\u0131\u015fveri\u015fi yap\u0131ld\u0131. Ayr\u0131ca, r\u00fczg\u00e2r enerjisi ve sanayisinin geli\u015fimini destekleyecek mevzuat d\u00fczenlemeleri ele al\u0131nd\u0131 ve sekt\u00f6r\u00fcn gelece\u011fine y\u00f6nelik i\u015fbirli\u011fi f\u0131rsatlar\u0131 de\u011ferlendirildi.<\/p>\n<p>T\u00dcREB yeni d\u00f6nem Y\u00f6netim Kurulu \u00fcyeleri,\u00a0<strong>T\u00fcrkiye Elektrik \u0130letim A.\u015e. (TE\u0130A\u015e) Genel M\u00fcd\u00fcr Yard\u0131mc\u0131s\u0131 Deniz Co\u015fkun\u2019u makam\u0131nda ziyaret etti.<\/strong> G\u00f6r\u00fc\u015fmede, yenilenebilir enerji kapasitesinin art\u0131r\u0131lmas\u0131 ve \u015febeke entegrasyonunun g\u00fc\u00e7lendirilmesine y\u00f6nelik \u00f6nemli konular ele al\u0131nd\u0131. Bu kapsamda, planlanan yeni \u015febeke yat\u0131r\u0131mlar\u0131, depolamal\u0131 r\u00fczgar ve g\u00fcne\u015f enerji santrallerine y\u00f6nelik y\u00fcr\u00fct\u00fclen Havza TM \u00e7al\u0131\u015fmalar\u0131 ve yeni \u00f6zt\u00fcketim d\u00fczenlemesi (zero-injection) haz\u0131rl\u0131klar\u0131 detayl\u0131 bir \u015fekilde de\u011ferlendirildi.<\/p>\n<p>T\u00dcREB yeni d\u00f6nem Y\u00f6netim Kurulu \u00fcyeleri,\u00a0<strong>T.C. Sanayi ve Teknoloji Bakanl\u0131\u011f\u0131 Sanayi Genel M\u00fcd\u00fcr\u00fc Prof. Dr. \u0130lker Murat Ar\u2019\u0131 makam\u0131nda ziyaret etti.<\/strong> Ger\u00e7ekle\u015ftirilen ziyaret \u00e7er\u00e7evesinde, T\u00dcREB\u2019in \u00f6n\u00fcm\u00fczdeki d\u00f6neme y\u00f6nelik planlar\u0131 ve faaliyetleri detayl\u0131 bir \u015fekilde ele al\u0131n\u0131rken, Yerli Mal\u0131 Tebli\u011fi\u2019nde yap\u0131lan son d\u00fczenlemelerin sekt\u00f6r\u00fcm\u00fcze etkisi ve r\u00fczgar enerjisi sekt\u00f6r\u00fcndeki yerlilik oranlar\u0131n\u0131n art\u0131r\u0131lmas\u0131na y\u00f6nelik de\u011ferlendirmelerde bulunuldu. Sekt\u00f6r\u00fcn geli\u015fimi ad\u0131na kar\u015f\u0131l\u0131kl\u0131 fikir al\u0131\u015fveri\u015finin ger\u00e7ekle\u015ftirildi\u011fi toplant\u0131da, i\u015f birli\u011fi olanaklar\u0131 da masaya yat\u0131r\u0131ld\u0131.<\/p>\n<p>T\u00dcREB yeni d\u00f6nem Y\u00f6netim Kurulu \u00fcyeleri,\u00a0<strong>T.C. Sanayi ve Teknoloji Bakanl\u0131\u011f\u0131 Bakan Yard\u0131mc\u0131s\u0131 Muhammet Kas\u0131m G\u00f6n\u00fcll\u00fc\u2019y\u00fc makam\u0131nda ziyaret etti.<\/strong>\u00a0 G\u00f6r\u00fc\u015fme kapsam\u0131nda, T\u00dcREB\u2019in \u00f6n\u00fcm\u00fczdeki d\u00f6nemde hayata ge\u00e7irece\u011fi projeler ve \u00e7al\u0131\u015fmalar detayl\u0131 bir \u015fekilde ele al\u0131n\u0131rken, T\u00fcrkiye\u2019nin WindEurope 2028\u2019e \u0130stanbul ev sahipli\u011fi adayl\u0131\u011f\u0131 s\u00fcreci hakk\u0131nda da kapsaml\u0131 de\u011ferlendirmeler yap\u0131ld\u0131. R\u00fczgar enerjisi sekt\u00f6r\u00fcn\u00fcn geli\u015fimi ve uluslararas\u0131 i\u015f birlikleri a\u00e7\u0131s\u0131ndan \u00f6nemli f\u0131rsatlar sunan bu adayl\u0131k s\u00fcrecine y\u00f6nelik g\u00f6r\u00fc\u015f al\u0131\u015fveri\u015finde bulunuldu. G\u00fcn\u00fcn son ziyaret noktas\u0131 ise <strong>An\u0131tkabir<\/strong> oldu. T\u00dcREB heyeti, <strong>T\u00fcrkiye Cumhuriyeti\u2019nin kurucusu Gazi Mustafa Kemal Atat\u00fcrk\u2019\u00fcn huzuruna \u00e7\u0131karak, sayg\u0131 duru\u015funda<\/strong> bulundu.<\/p>","protected":false},"excerpt":{"rendered":"<p>Sorry, this entry is only available in Turkish. For the sake of viewer convenience, the content is shown below in the alternative language. You may click the link to switch the active language. (T\u00dcREB) T\u00fcrkiye R\u00fczg\u00e2r Enerjisi Birli\u011fi 14. Ola\u011fan Genel Kurul sonras\u0131, yeni y\u00f6netim kurulundan bir heyetle Ankara&#8217;da r\u00fczg\u00e2r enerjisi sekt\u00f6r\u00fcne y\u00f6nelik \u00f6nemli ziyaretlerde [&hellip;]<\/p>\n","protected":false},"author":1,"featured_media":196158,"comment_status":"open","ping_status":"open","sticky":false,"template":"","format":"standard","meta":[],"categories":[53,50],"tags":[2674,5320,1682,3390,116385],"views":25,"_links":{"self":[{"href":"https:\/\/www.enerjigazetesi.ist\/en\/wp-json\/wp\/v2\/posts\/196155"}],"collection":[{"href":"https:\/\/www.enerjigazetesi.ist\/en\/wp-json\/wp\/v2\/posts"}],"about":[{"href":"https:\/\/www.enerjigazetesi.ist\/en\/wp-json\/wp\/v2\/types\/post"}],"author":[{"embeddable":true,"href":"https:\/\/www.enerjigazetesi.ist\/en\/wp-json\/wp\/v2\/users\/1"}],"replies":[{"embeddable":true,"href":"https:\/\/www.enerjigazetesi.ist\/en\/wp-json\/wp\/v2\/comments?post=196155"}],"version-history":[{"count":0,"href":"https:\/\/www.enerjigazetesi.ist\/en\/wp-json\/wp\/v2\/posts\/196155\/revisions"}],"wp:featuredmedia":[{"embeddable":true,"href":"https:\/\/www.enerjigazetesi.ist\/en\/wp-json\/wp\/v2\/media\/196158"}],"wp:attachment":[{"href":"https:\/\/www.enerjigazetesi.ist\/en\/wp-json\/wp\/v2\/media?parent=196155"}],"wp:term":[{"taxonomy":"category","embeddable":true,"href":"https:\/\/www.enerjigazetesi.ist\/en\/wp-json\/wp\/v2\/categories?post=196155"},{"taxonomy":"post_tag","embeddable":true,"href":"https:\/\/www.enerjigazetesi.ist\/en\/wp-json\/wp\/v2\/tags?post=196155"}],"curies":[{"name":"wp","href":"https:\/\/api.w.org\/{rel}","templated":true}]}}